{"id":37325,"date":"2025-09-14T22:03:44","date_gmt":"2025-09-14T21:03:44","guid":{"rendered":"https:\/\/guineechrono.com\/?p=37325"},"modified":"2025-09-14T22:06:33","modified_gmt":"2025-09-14T21:06:33","slug":"referendum-la-sedac-dixinn-prepare-le-terrain-pour-une-mobilisation-massive-le-17-septembre","status":"publish","type":"post","link":"https:\/\/guineechrono.com\/index.php\/referendum-la-sedac-dixinn-prepare-le-terrain-pour-une-mobilisation-massive-le-17-septembre\/","title":{"rendered":"R\u00e9f\u00e9rendum : la SEDAC Dixinn pr\u00e9pare le terrain pour une mobilisation massive le 17 septembre"},"content":{"rendered":"<p><strong>En pr\u00e9lude au grand meeting pr\u00e9vu le 17 septembre prochain sur l\u2019esplanade du stade du 28 septembre, la Synergie Ensemble pour la D\u00e9fense des Acquis du Changement (SEDAC), \u00e0 travers son antenne 2 de Dixinn, a organis\u00e9 ce samedi un meeting dans la maison des jeunes de la commune. <\/strong><strong>L\u2019objectif \u00e9tait de sensibiliser les jeunes et les femmes de Dixinn sur le processus de vote afin d\u2019assurer une victoire massive du \u00ab Oui \u00bb au prochain r\u00e9f\u00e9rendum constitutionnel.<\/strong><\/p>\n<p><a href=\"https:\/\/guineechrono.com\/wp-content\/uploads\/2025\/09\/20250914_175315.jpg\"><img decoding=\"async\" class=\"alignleft size-medium wp-image-37326\" src=\"https:\/\/guineechrono.com\/wp-content\/uploads\/2025\/09\/20250914_175315-300x139.jpg\" alt=\"\" width=\"300\" height=\"139\" srcset=\"https:\/\/guineechrono.com\/wp-content\/uploads\/2025\/09\/20250914_175315-300x139.jpg 300w, https:\/\/guineechrono.com\/wp-content\/uploads\/2025\/09\/20250914_175315-1024x473.jpg 1024w, https:\/\/guineechrono.com\/wp-content\/uploads\/2025\/09\/20250914_175315-768x355.jpg 768w, https:\/\/guineechrono.com\/wp-content\/uploads\/2025\/09\/20250914_175315-1536x709.jpg 1536w, https:\/\/guineechrono.com\/wp-content\/uploads\/2025\/09\/20250914_175315-2048x946.jpg 2048w, https:\/\/guineechrono.com\/wp-content\/uploads\/2025\/09\/20250914_175315-696x321.jpg 696w, https:\/\/guineechrono.com\/wp-content\/uploads\/2025\/09\/20250914_175315-1068x493.jpg 1068w, https:\/\/guineechrono.com\/wp-content\/uploads\/2025\/09\/20250914_175315-910x420.jpg 910w, https:\/\/guineechrono.com\/wp-content\/uploads\/2025\/09\/20250914_175315-1920x887.jpg 1920w\" sizes=\"(max-width: 300px) 100vw, 300px\" \/><\/a><\/p>\n<p>Dans son intervention, le coordinateur du mouvement, <b>Naby Bangoura<\/b>, s\u2019est r\u00e9joui de la mobilisation : \u00ab Le mouvement SEDAC n\u2019a m\u00eame pas deux semaines d\u2019existence, mais nous avons d\u00e9j\u00e0 prouv\u00e9 notre capacit\u00e9 \u00e0 f\u00e9d\u00e9rer. SEDAC, ce n\u2019est pas seulement un mouvement, c\u2019est une synergie qui rassemble tous ceux qui partagent la m\u00eame vision. Ce n\u2019est pas limit\u00e9 \u00e0 Dixinn, \u00e7a va s\u2019\u00e9tendre sur toute la Guin\u00e9e. D\u00e9j\u00e0, la d\u00e9monstration de force que nous avons montr\u00e9e est une preuve que SEDAC est bien parti \u00bb, a-t-il d\u00e9clar\u00e9, avant de rappeler \u00ab le grand rendez-vous in\u00e9dit \u00bb du 17 septembre sur l\u2019esplanade du stade du 28 septembre.<\/p>\n<p><a href=\"https:\/\/guineechrono.com\/wp-content\/uploads\/2025\/09\/20250914_175717.jpg\"><img decoding=\"async\" class=\"alignleft size-medium wp-image-37327\" src=\"https:\/\/guineechrono.com\/wp-content\/uploads\/2025\/09\/20250914_175717-300x139.jpg\" alt=\"\" width=\"300\" height=\"139\" srcset=\"https:\/\/guineechrono.com\/wp-content\/uploads\/2025\/09\/20250914_175717-300x139.jpg 300w, https:\/\/guineechrono.com\/wp-content\/uploads\/2025\/09\/20250914_175717-1024x473.jpg 1024w, https:\/\/guineechrono.com\/wp-content\/uploads\/2025\/09\/20250914_175717-768x355.jpg 768w, https:\/\/guineechrono.com\/wp-content\/uploads\/2025\/09\/20250914_175717-1536x709.jpg 1536w, https:\/\/guineechrono.com\/wp-content\/uploads\/2025\/09\/20250914_175717-2048x946.jpg 2048w, https:\/\/guineechrono.com\/wp-content\/uploads\/2025\/09\/20250914_175717-696x321.jpg 696w, https:\/\/guineechrono.com\/wp-content\/uploads\/2025\/09\/20250914_175717-1068x493.jpg 1068w, https:\/\/guineechrono.com\/wp-content\/uploads\/2025\/09\/20250914_175717-910x420.jpg 910w, https:\/\/guineechrono.com\/wp-content\/uploads\/2025\/09\/20250914_175717-1920x887.jpg 1920w\" sizes=\"(max-width: 300px) 100vw, 300px\" \/><\/a><br \/>\nDe son c\u00f4t\u00e9, <b>Camara Baba<\/b>, directeur de la Maison des jeunes de Dixinn et membre fondateur de la SEDAC, a mis en avant les motivations de cette mobilisation :<\/p>\n<p><a href=\"https:\/\/guineechrono.com\/wp-content\/uploads\/2025\/09\/20250914_172248.jpg\"><img decoding=\"async\" class=\"alignleft size-medium wp-image-37328\" src=\"https:\/\/guineechrono.com\/wp-content\/uploads\/2025\/09\/20250914_172248-300x139.jpg\" alt=\"\" width=\"300\" height=\"139\" srcset=\"https:\/\/guineechrono.com\/wp-content\/uploads\/2025\/09\/20250914_172248-300x139.jpg 300w, https:\/\/guineechrono.com\/wp-content\/uploads\/2025\/09\/20250914_172248-1024x473.jpg 1024w, https:\/\/guineechrono.com\/wp-content\/uploads\/2025\/09\/20250914_172248-768x355.jpg 768w, https:\/\/guineechrono.com\/wp-content\/uploads\/2025\/09\/20250914_172248-1536x709.jpg 1536w, https:\/\/guineechrono.com\/wp-content\/uploads\/2025\/09\/20250914_172248-2048x946.jpg 2048w, https:\/\/guineechrono.com\/wp-content\/uploads\/2025\/09\/20250914_172248-696x321.jpg 696w, https:\/\/guineechrono.com\/wp-content\/uploads\/2025\/09\/20250914_172248-1068x493.jpg 1068w, https:\/\/guineechrono.com\/wp-content\/uploads\/2025\/09\/20250914_172248-910x420.jpg 910w, https:\/\/guineechrono.com\/wp-content\/uploads\/2025\/09\/20250914_172248-1920x887.jpg 1920w\" sizes=\"(max-width: 300px) 100vw, 300px\" \/><\/a><\/p>\n<p>\u00ab L\u2019objectif, c\u2019est de sensibiliser la population sur la dynamique lanc\u00e9e autour du r\u00e9f\u00e9rendum. Nous voulons expliquer aux citoyens comment voter et surtout les inviter \u00e0 pr\u00e9server la paix. Parce que la Guin\u00e9e est notre maison commune et nous avons le devoir de la prot\u00e9ger. La meilleure fa\u00e7on de le faire, c\u2019est d\u2019aller voter et de s\u2019exprimer librement. Nous sommes convaincus que le Oui va l\u2019emporter, car les bases pos\u00e9es rassurent la jeunesse. Pour la premi\u00e8re fois, les jeunes sont responsabilis\u00e9s dans la gestion du pays. Nous ne sommes plus seulement l\u2019avenir, nous sommes le pr\u00e9sent \u00bb, a-t-il insist\u00e9.<\/p>\n<p><a href=\"https:\/\/guineechrono.com\/wp-content\/uploads\/2025\/09\/20250914_173801.jpg\"><img loading=\"lazy\" decoding=\"async\" class=\"alignleft size-medium wp-image-37329\" src=\"https:\/\/guineechrono.com\/wp-content\/uploads\/2025\/09\/20250914_173801-300x139.jpg\" alt=\"\" width=\"300\" height=\"139\" srcset=\"https:\/\/guineechrono.com\/wp-content\/uploads\/2025\/09\/20250914_173801-300x139.jpg 300w, https:\/\/guineechrono.com\/wp-content\/uploads\/2025\/09\/20250914_173801-1024x473.jpg 1024w, https:\/\/guineechrono.com\/wp-content\/uploads\/2025\/09\/20250914_173801-768x355.jpg 768w, https:\/\/guineechrono.com\/wp-content\/uploads\/2025\/09\/20250914_173801-1536x709.jpg 1536w, https:\/\/guineechrono.com\/wp-content\/uploads\/2025\/09\/20250914_173801-2048x946.jpg 2048w, https:\/\/guineechrono.com\/wp-content\/uploads\/2025\/09\/20250914_173801-696x321.jpg 696w, https:\/\/guineechrono.com\/wp-content\/uploads\/2025\/09\/20250914_173801-1068x493.jpg 1068w, https:\/\/guineechrono.com\/wp-content\/uploads\/2025\/09\/20250914_173801-910x420.jpg 910w, https:\/\/guineechrono.com\/wp-content\/uploads\/2025\/09\/20250914_173801-1920x887.jpg 1920w\" sizes=\"(max-width: 300px) 100vw, 300px\" \/><\/a><\/p>\n<p>Pr\u00e9sidant la c\u00e9r\u00e9monie, le parrain du mouvement, <b>Mohamed Lamine Sylla<\/b>, a salu\u00e9 l\u2019initiative et exhort\u00e9 les habitants de Dixinn \u00e0 une <b>forte mobilisation le 17 septembre <\/b>pour d\u00e9fendre le \u00ab Oui \u00bb sur l\u2019esplanade du stade du 28 septembre.<\/p>\n<p><a href=\"https:\/\/guineechrono.com\/wp-content\/uploads\/2025\/09\/20250914_173748.jpg\"><img loading=\"lazy\" decoding=\"async\" class=\"alignleft size-medium wp-image-37332\" src=\"https:\/\/guineechrono.com\/wp-content\/uploads\/2025\/09\/20250914_173748-300x139.jpg\" alt=\"\" width=\"300\" height=\"139\" srcset=\"https:\/\/guineechrono.com\/wp-content\/uploads\/2025\/09\/20250914_173748-300x139.jpg 300w, https:\/\/guineechrono.com\/wp-content\/uploads\/2025\/09\/20250914_173748-1024x473.jpg 1024w, https:\/\/guineechrono.com\/wp-content\/uploads\/2025\/09\/20250914_173748-768x355.jpg 768w, https:\/\/guineechrono.com\/wp-content\/uploads\/2025\/09\/20250914_173748-1536x709.jpg 1536w, https:\/\/guineechrono.com\/wp-content\/uploads\/2025\/09\/20250914_173748-2048x946.jpg 2048w, https:\/\/guineechrono.com\/wp-content\/uploads\/2025\/09\/20250914_173748-696x321.jpg 696w, https:\/\/guineechrono.com\/wp-content\/uploads\/2025\/09\/20250914_173748-1068x493.jpg 1068w, https:\/\/guineechrono.com\/wp-content\/uploads\/2025\/09\/20250914_173748-910x420.jpg 910w, https:\/\/guineechrono.com\/wp-content\/uploads\/2025\/09\/20250914_173748-1920x887.jpg 1920w\" sizes=\"(max-width: 300px) 100vw, 300px\" \/><\/a><\/p>\n<p><strong>Bolokada Sano <\/strong><br \/>\n<strong>626641732<\/strong><!--\/data\/user\/0\/com.samsung.android.app.notes\/files\/clipdata\/clipdata_bodytext_250914_205224_700.sdocx--><\/p>\n","protected":false},"excerpt":{"rendered":"<p>En pr\u00e9lude au grand meeting pr\u00e9vu le 17 septembre prochain sur l\u2019esplanade du stade du 28 septembre, la Synergie Ensemble pour la D\u00e9fense des Acquis du Changement (SEDAC), \u00e0 travers son antenne 2 de Dixinn, a organis\u00e9 ce samedi un meeting dans la maison des jeunes de la commune. L\u2019objectif \u00e9tait de sensibiliser les jeunes [&hellip;]<\/p>\n","protected":false},"author":2,"featured_media":37330,"comment_status":"open","ping_status":"closed","sticky":false,"template":"","format":"standard","meta":{"buzzeditor_post_format":"","footnotes":""},"categories":[2,42],"tags":[],"class_list":["post-37325","post","type-post","status-publish","format-standard","has-post-thumbnail","hentry","category-featured","category-news"],"jetpack_featured_media_url":"https:\/\/guineechrono.com\/wp-content\/uploads\/2025\/09\/20250914_172620.jpg","amp_enabled":true,"_links":{"self":[{"href":"https:\/\/guineechrono.com\/index.php\/wp-json\/wp\/v2\/posts\/37325","targetHints":{"allow":["GET"]}}],"collection":[{"href":"https:\/\/guineechrono.com\/index.php\/wp-json\/wp\/v2\/posts"}],"about":[{"href":"https:\/\/guineechrono.com\/index.php\/wp-json\/wp\/v2\/types\/post"}],"author":[{"embeddable":true,"href":"https:\/\/guineechrono.com\/index.php\/wp-json\/wp\/v2\/users\/2"}],"replies":[{"embeddable":true,"href":"https:\/\/guineechrono.com\/index.php\/wp-json\/wp\/v2\/comments?post=37325"}],"version-history":[{"count":3,"href":"https:\/\/guineechrono.com\/index.php\/wp-json\/wp\/v2\/posts\/37325\/revisions"}],"predecessor-version":[{"id":37334,"href":"https:\/\/guineechrono.com\/index.php\/wp-json\/wp\/v2\/posts\/37325\/revisions\/37334"}],"wp:featuredmedia":[{"embeddable":true,"href":"https:\/\/guineechrono.com\/index.php\/wp-json\/wp\/v2\/media\/37330"}],"wp:attachment":[{"href":"https:\/\/guineechrono.com\/index.php\/wp-json\/wp\/v2\/media?parent=37325"}],"wp:term":[{"taxonomy":"category","embeddable":true,"href":"https:\/\/guineechrono.com\/index.php\/wp-json\/wp\/v2\/categories?post=37325"},{"taxonomy":"post_tag","embeddable":true,"href":"https:\/\/guineechrono.com\/index.php\/wp-json\/wp\/v2\/tags?post=37325"}],"curies":[{"name":"wp","href":"https:\/\/api.w.org\/{rel}","templated":true}]}}