{"id":37335,"date":"2025-09-15T10:50:48","date_gmt":"2025-09-15T09:50:48","guid":{"rendered":"https:\/\/guineechrono.com\/?p=37335"},"modified":"2025-09-15T10:50:48","modified_gmt":"2025-09-15T09:50:48","slug":"procedure-en-cours-clarification-sur-la-situation-judiciaire-de-ahmed-kante","status":"publish","type":"post","link":"https:\/\/guineechrono.com\/index.php\/procedure-en-cours-clarification-sur-la-situation-judiciaire-de-ahmed-kante\/","title":{"rendered":"Proc\u00e9dure en cours : clarification sur la situation judiciaire de Ahmed Kant\u00e9"},"content":{"rendered":"<p>La Chambre sp\u00e9ciale de contr\u00f4le de l\u2019instruction de la CRIEF a rendu une d\u00e9cision dans le cadre de l\u2019affaire GIC\/AGB2A, confirmant partiellement l\u2019ordonnance de non-inculpation prononc\u00e9e le 24 avril 2025.<\/p>\n<p><a href=\"https:\/\/guineechrono.com\/wp-content\/uploads\/2025\/09\/IMG-20250914-WA0071-280x420-1.jpg\"><img fetchpriority=\"high\" decoding=\"async\" class=\"alignleft size-medium wp-image-37337\" src=\"https:\/\/guineechrono.com\/wp-content\/uploads\/2025\/09\/IMG-20250914-WA0071-280x420-1-200x300.jpg\" alt=\"\" width=\"200\" height=\"300\" srcset=\"https:\/\/guineechrono.com\/wp-content\/uploads\/2025\/09\/IMG-20250914-WA0071-280x420-1-200x300.jpg 200w, https:\/\/guineechrono.com\/wp-content\/uploads\/2025\/09\/IMG-20250914-WA0071-280x420-1.jpg 280w\" sizes=\"(max-width: 200px) 100vw, 200px\" \/><\/a><\/p>\n<p>&nbsp;<\/p>\n<p>&nbsp;<\/p>\n<p>&nbsp;<\/p>\n<p>&nbsp;<\/p>\n<p>&nbsp;<\/p>\n<p>Contrairement \u00e0 certaines interpr\u00e9tations diffus\u00e9es dans les m\u00e9dias, cette d\u00e9cision ne constitue pas une inculpation directe de monsieur Ahmed Kant\u00e9.<\/p>\n<p>Elle ordonne la poursuite de l\u2019instruction sur le fondement d\u2019un seul chef, l\u2019abus de confiance, pr\u00e9vu \u00e0 l\u2019article 428 du Code p\u00e9nal, tout en \u00e9cartant les infractions de faux et usage de faux en \u00e9criture priv\u00e9e, faute d\u2019indices graves ou concordants.<\/p>\n<p><a href=\"https:\/\/guineechrono.com\/wp-content\/uploads\/2025\/09\/IMG-20250914-WA0081-280x420-1.jpg\"><img decoding=\"async\" class=\"alignleft size-medium wp-image-37338\" src=\"https:\/\/guineechrono.com\/wp-content\/uploads\/2025\/09\/IMG-20250914-WA0081-280x420-1-200x300.jpg\" alt=\"\" width=\"200\" height=\"300\" srcset=\"https:\/\/guineechrono.com\/wp-content\/uploads\/2025\/09\/IMG-20250914-WA0081-280x420-1-200x300.jpg 200w, https:\/\/guineechrono.com\/wp-content\/uploads\/2025\/09\/IMG-20250914-WA0081-280x420-1.jpg 280w\" sizes=\"(max-width: 200px) 100vw, 200px\" \/><\/a><\/p>\n<p>&nbsp;<\/p>\n<p>&nbsp;<\/p>\n<p>&nbsp;<\/p>\n<p>&nbsp;<\/p>\n<p>&nbsp;<\/p>\n<p>Il est essentiel de souligner que l\u2019ordonnance de la chambre de contr\u00f4le de l\u2019instruction de la CRIEF ne pr\u00e9juge en rien de la culpabilit\u00e9 de la personne concern\u00e9e par la proc\u00e9dure. Elle permet uniquement \u00e0 l\u2019instruction de se poursuivre dans un cadre juridique d\u00e9fini, sans pr\u00e9juger de l\u2019issue du dossier.<\/p>\n<p>\u00c0 la suite de cette d\u00e9cision, monsieur Ahmed Kant\u00e9 a exerc\u00e9 un pourvoi en cassation devant la Cour supr\u00eame. Ce recours, pr\u00e9vu par l\u2019article 80 de la loi sur la Cour supr\u00eame, entra\u00eene la suspension automatique de l\u2019ex\u00e9cution de l\u2019arr\u00eat rendu par la CRIEF.<\/p>\n<p>Aucune mesure judiciaire ne peut donc \u00eatre mise en \u0153uvre tant que la Cour supr\u00eame ne s\u2019est pas prononc\u00e9e sur ce pourvoi.<\/p>\n<p>Cette pr\u00e9cision vise \u00e0 r\u00e9tablir une lecture exacte de la proc\u00e9dure en cours, dans le respect des garanties fondamentales du droit p\u00e9nal, notamment la pr\u00e9somption d\u2019innocence.<\/p>\n<p><strong>Ousmane Camara<\/strong><\/p>\n<p>&nbsp;<\/p>\n","protected":false},"excerpt":{"rendered":"<p>La Chambre sp\u00e9ciale de contr\u00f4le de l\u2019instruction de la CRIEF a rendu une d\u00e9cision dans le cadre de l\u2019affaire GIC\/AGB2A, confirmant partiellement l\u2019ordonnance de non-inculpation prononc\u00e9e le 24 avril 2025. &nbsp; &nbsp; &nbsp; &nbsp; &nbsp; Contrairement \u00e0 certaines interpr\u00e9tations diffus\u00e9es dans les m\u00e9dias, cette d\u00e9cision ne constitue pas une inculpation directe de monsieur Ahmed Kant\u00e9. [&hellip;]<\/p>\n","protected":false},"author":2,"featured_media":37336,"comment_status":"open","ping_status":"closed","sticky":false,"template":"","format":"standard","meta":{"buzzeditor_post_format":"","footnotes":""},"categories":[42],"tags":[],"class_list":["post-37335","post","type-post","status-publish","format-standard","has-post-thumbnail","hentry","category-news"],"jetpack_featured_media_url":"https:\/\/guineechrono.com\/wp-content\/uploads\/2025\/09\/IMG-20250914-WA0077.jpg","amp_enabled":true,"_links":{"self":[{"href":"https:\/\/guineechrono.com\/index.php\/wp-json\/wp\/v2\/posts\/37335","targetHints":{"allow":["GET"]}}],"collection":[{"href":"https:\/\/guineechrono.com\/index.php\/wp-json\/wp\/v2\/posts"}],"about":[{"href":"https:\/\/guineechrono.com\/index.php\/wp-json\/wp\/v2\/types\/post"}],"author":[{"embeddable":true,"href":"https:\/\/guineechrono.com\/index.php\/wp-json\/wp\/v2\/users\/2"}],"replies":[{"embeddable":true,"href":"https:\/\/guineechrono.com\/index.php\/wp-json\/wp\/v2\/comments?post=37335"}],"version-history":[{"count":1,"href":"https:\/\/guineechrono.com\/index.php\/wp-json\/wp\/v2\/posts\/37335\/revisions"}],"predecessor-version":[{"id":37339,"href":"https:\/\/guineechrono.com\/index.php\/wp-json\/wp\/v2\/posts\/37335\/revisions\/37339"}],"wp:featuredmedia":[{"embeddable":true,"href":"https:\/\/guineechrono.com\/index.php\/wp-json\/wp\/v2\/media\/37336"}],"wp:attachment":[{"href":"https:\/\/guineechrono.com\/index.php\/wp-json\/wp\/v2\/media?parent=37335"}],"wp:term":[{"taxonomy":"category","embeddable":true,"href":"https:\/\/guineechrono.com\/index.php\/wp-json\/wp\/v2\/categories?post=37335"},{"taxonomy":"post_tag","embeddable":true,"href":"https:\/\/guineechrono.com\/index.php\/wp-json\/wp\/v2\/tags?post=37335"}],"curies":[{"name":"wp","href":"https:\/\/api.w.org\/{rel}","templated":true}]}}