{"id":37340,"date":"2025-09-15T11:16:48","date_gmt":"2025-09-15T10:16:48","guid":{"rendered":"https:\/\/guineechrono.com\/?p=37340"},"modified":"2025-09-15T11:16:48","modified_gmt":"2025-09-15T10:16:48","slug":"referendum-du-21-septembre-le-mouvement-rouge-jaune-vert-mobilise-a-faranah-sous-le-parrainage-dahmed-kante","status":"publish","type":"post","link":"https:\/\/guineechrono.com\/index.php\/referendum-du-21-septembre-le-mouvement-rouge-jaune-vert-mobilise-a-faranah-sous-le-parrainage-dahmed-kante\/","title":{"rendered":"R\u00e9f\u00e9rendum du 21 septembre : le Mouvement Rouge Jaune Vert mobilise \u00e0 Faranah sous le parrainage d\u2019Ahmed Kant\u00e9"},"content":{"rendered":"<p>La campagne pour le r\u00e9f\u00e9rendum constitutionnel du 21 septembre a pris un nouvel \u00e9lan ce samedi \u00e0 Faranah, o\u00f9 la Maison des jeunes a accueilli une importante mobilisation initi\u00e9e par le Mouvement Rouge Jaune Vert (MRJV), plac\u00e9 sous le parrainage d\u2019Ahmed Kant\u00e9.<\/p>\n<p>Avant le lancement officiel des activit\u00e9s, Ahmed Kant\u00e9 a rendu visite au\u00a0sotikem\u00f4\u00a0de Faranah afin de lui pr\u00e9senter ses salutations traditionnelles. Un geste symbolique, salu\u00e9 par la population, qui illustre le respect des valeurs coutumi\u00e8res et l\u2019ancrage du mouvement dans les r\u00e9alit\u00e9s locales.<\/p>\n<p><a href=\"https:\/\/guineechrono.com\/wp-content\/uploads\/2025\/09\/IMG-20250915-WA0013.jpg\"><img fetchpriority=\"high\" decoding=\"async\" class=\"alignleft size-medium wp-image-37342\" src=\"https:\/\/guineechrono.com\/wp-content\/uploads\/2025\/09\/IMG-20250915-WA0013-300x206.jpg\" alt=\"\" width=\"300\" height=\"206\" srcset=\"https:\/\/guineechrono.com\/wp-content\/uploads\/2025\/09\/IMG-20250915-WA0013-300x206.jpg 300w, https:\/\/guineechrono.com\/wp-content\/uploads\/2025\/09\/IMG-20250915-WA0013-1024x702.jpg 1024w, https:\/\/guineechrono.com\/wp-content\/uploads\/2025\/09\/IMG-20250915-WA0013-768x527.jpg 768w, https:\/\/guineechrono.com\/wp-content\/uploads\/2025\/09\/IMG-20250915-WA0013-1536x1054.jpg 1536w, https:\/\/guineechrono.com\/wp-content\/uploads\/2025\/09\/IMG-20250915-WA0013-2048x1405.jpg 2048w, https:\/\/guineechrono.com\/wp-content\/uploads\/2025\/09\/IMG-20250915-WA0013-100x70.jpg 100w, https:\/\/guineechrono.com\/wp-content\/uploads\/2025\/09\/IMG-20250915-WA0013-218x150.jpg 218w, https:\/\/guineechrono.com\/wp-content\/uploads\/2025\/09\/IMG-20250915-WA0013-696x477.jpg 696w, https:\/\/guineechrono.com\/wp-content\/uploads\/2025\/09\/IMG-20250915-WA0013-1068x733.jpg 1068w, https:\/\/guineechrono.com\/wp-content\/uploads\/2025\/09\/IMG-20250915-WA0013-612x420.jpg 612w, https:\/\/guineechrono.com\/wp-content\/uploads\/2025\/09\/IMG-20250915-WA0013-1920x1317.jpg 1920w\" sizes=\"(max-width: 300px) 100vw, 300px\" \/><\/a><\/p>\n<p>&nbsp;<\/p>\n<p>&nbsp;<\/p>\n<p>&nbsp;<\/p>\n<p>&nbsp;<\/p>\n<p>Dans son allocution, Mohamed TenembaOular\u00e9, pr\u00e9sident de la d\u00e9l\u00e9gation sp\u00e9ciale de Faranah, a exprim\u00e9 l\u2019engagement ferme de la commune urbaine \u00e0 soutenir le projet de nouvelle constitution.<\/p>\n<p>\u00ab La commune urbaine de Faranah est pr\u00eate \u00e0 vous accompagner, car vous \u00eates l\u00e0 pour nous appuyer dans tout ce que nous devons faire afin de voter massivement, le 21 septembre, oui \u00e0 cette nouvelle constitution. (\u2026) Nous vous rassurons que le 21 septembre, nous sortirons premiers en R\u00e9publique de Guin\u00e9e en votant massivement et \u00e0 la sovi\u00e9tique pour le oui \u00bb,\u00a0a-t-il\u00a0affirm\u00e9.<\/p>\n<p><a href=\"https:\/\/guineechrono.com\/wp-content\/uploads\/2025\/09\/IMG-20250915-WA00141.jpg\"><img decoding=\"async\" class=\"alignleft size-medium wp-image-37343\" src=\"https:\/\/guineechrono.com\/wp-content\/uploads\/2025\/09\/IMG-20250915-WA00141-300x200.jpg\" alt=\"\" width=\"300\" height=\"200\" srcset=\"https:\/\/guineechrono.com\/wp-content\/uploads\/2025\/09\/IMG-20250915-WA00141-300x200.jpg 300w, https:\/\/guineechrono.com\/wp-content\/uploads\/2025\/09\/IMG-20250915-WA00141-1024x683.jpg 1024w, https:\/\/guineechrono.com\/wp-content\/uploads\/2025\/09\/IMG-20250915-WA00141-768x512.jpg 768w, https:\/\/guineechrono.com\/wp-content\/uploads\/2025\/09\/IMG-20250915-WA00141-1536x1024.jpg 1536w, https:\/\/guineechrono.com\/wp-content\/uploads\/2025\/09\/IMG-20250915-WA00141-2048x1365.jpg 2048w, https:\/\/guineechrono.com\/wp-content\/uploads\/2025\/09\/IMG-20250915-WA00141-696x464.jpg 696w, https:\/\/guineechrono.com\/wp-content\/uploads\/2025\/09\/IMG-20250915-WA00141-1068x712.jpg 1068w, https:\/\/guineechrono.com\/wp-content\/uploads\/2025\/09\/IMG-20250915-WA00141-630x420.jpg 630w, https:\/\/guineechrono.com\/wp-content\/uploads\/2025\/09\/IMG-20250915-WA00141-1920x1280.jpg 1920w\" sizes=\"(max-width: 300px) 100vw, 300px\" \/><\/a><\/p>\n<p>&nbsp;<\/p>\n<p>&nbsp;<\/p>\n<p>&nbsp;<\/p>\n<p>&nbsp;<\/p>\n<p>Prenant la parole au nom du mouvement, son pr\u00e9sident, Pierre Goa\u00a0Zoumanigui, a livr\u00e9 un message fort aux citoyens de Faranah. Pour lui, ce r\u00e9f\u00e9rendum est une \u00e9tape d\u00e9cisive de l\u2019histoire nationale.<\/p>\n<p>\u00ab Aujourd\u2019hui, nous sommes r\u00e9unis sous les couleurs de notre mouvement, le Rouge, le Jaune et le Vert, symbole de notre identit\u00e9, de notre unit\u00e9 et de notre souverainet\u00e9. (\u2026)\u00a0Le 21 septembre, nous avons un devoir : aller massivement voter. Et voter Oui \u00bb, a\u00a0d\u00e9clar\u00e9 Pierre GOA\u00a0Zoumanigui,\u00a0pr\u00e9sident du MRJV.<\/p>\n<p><a href=\"https:\/\/guineechrono.com\/wp-content\/uploads\/2025\/09\/IMG-20250915-WA0007.jpg\"><img decoding=\"async\" class=\"alignleft size-medium wp-image-37344\" src=\"https:\/\/guineechrono.com\/wp-content\/uploads\/2025\/09\/IMG-20250915-WA0007-300x200.jpg\" alt=\"\" width=\"300\" height=\"200\" srcset=\"https:\/\/guineechrono.com\/wp-content\/uploads\/2025\/09\/IMG-20250915-WA0007-300x200.jpg 300w, https:\/\/guineechrono.com\/wp-content\/uploads\/2025\/09\/IMG-20250915-WA0007-1024x683.jpg 1024w, https:\/\/guineechrono.com\/wp-content\/uploads\/2025\/09\/IMG-20250915-WA0007-768x512.jpg 768w, https:\/\/guineechrono.com\/wp-content\/uploads\/2025\/09\/IMG-20250915-WA0007-696x464.jpg 696w, https:\/\/guineechrono.com\/wp-content\/uploads\/2025\/09\/IMG-20250915-WA0007-630x420.jpg 630w, https:\/\/guineechrono.com\/wp-content\/uploads\/2025\/09\/IMG-20250915-WA0007.jpg 1032w\" sizes=\"(max-width: 300px) 100vw, 300px\" \/><\/a><\/p>\n<p>&nbsp;<\/p>\n<p>&nbsp;<\/p>\n<p>&nbsp;<\/p>\n<p>&nbsp;<\/p>\n<p>S\u2019adressant \u00e0 une salle comble, le parrain du mouvement a livr\u00e9 un discours empreint de patriotisme et de vision sociale. Pour lui, le projet de nouvelle constitution s\u2019inscrit dans la continuit\u00e9 de l\u2019h\u00e9ritage du pr\u00e9sident S\u00e9kou Tour\u00e9 et de ses compagnons.<\/p>\n<p><a href=\"https:\/\/guineechrono.com\/wp-content\/uploads\/2025\/09\/IMG-20250915-WA0005.jpg\"><img loading=\"lazy\" decoding=\"async\" class=\"alignleft size-medium wp-image-37345\" src=\"https:\/\/guineechrono.com\/wp-content\/uploads\/2025\/09\/IMG-20250915-WA0005-214x300.jpg\" alt=\"\" width=\"214\" height=\"300\" srcset=\"https:\/\/guineechrono.com\/wp-content\/uploads\/2025\/09\/IMG-20250915-WA0005-214x300.jpg 214w, https:\/\/guineechrono.com\/wp-content\/uploads\/2025\/09\/IMG-20250915-WA0005-730x1024.jpg 730w, https:\/\/guineechrono.com\/wp-content\/uploads\/2025\/09\/IMG-20250915-WA0005-768x1077.jpg 768w, https:\/\/guineechrono.com\/wp-content\/uploads\/2025\/09\/IMG-20250915-WA0005-696x976.jpg 696w, https:\/\/guineechrono.com\/wp-content\/uploads\/2025\/09\/IMG-20250915-WA0005-299x420.jpg 299w, https:\/\/guineechrono.com\/wp-content\/uploads\/2025\/09\/IMG-20250915-WA0005.jpg 770w\" sizes=\"(max-width: 214px) 100vw, 214px\" \/><\/a><\/p>\n<p>&nbsp;<\/p>\n<p>&nbsp;<\/p>\n<p>&nbsp;<\/p>\n<p>&nbsp;<\/p>\n<p>&nbsp;<\/p>\n<p>\u00ab Quand on dit que les soins de sant\u00e9 doivent \u00eatre gratuits, certains pensent que c\u2019est une utopie. Mais l\u2019esprit de feu M. S\u00e9kou Tour\u00e9 s\u2019est r\u00e9incarn\u00e9 \u00e0 travers les nouveaux dirigeants de ce pays. (\u2026) Le bulletin qui sera mis dans l\u2019urne comporte une alternative : le non et le oui. Le non, c\u2019est la r\u00e9gression, et le oui, c\u2019est le progr\u00e8s. Le vote utile, c\u2019est le oui \u00bb, a martel\u00e9 Ahmed Kant\u00e9, sous les acclamations de la foule.<\/p>\n<p><a href=\"https:\/\/guineechrono.com\/wp-content\/uploads\/2025\/09\/IMG-20250915-WA00141-1.jpg\"><img loading=\"lazy\" decoding=\"async\" class=\"alignleft size-medium wp-image-37346\" src=\"https:\/\/guineechrono.com\/wp-content\/uploads\/2025\/09\/IMG-20250915-WA00141-1-300x200.jpg\" alt=\"\" width=\"300\" height=\"200\" srcset=\"https:\/\/guineechrono.com\/wp-content\/uploads\/2025\/09\/IMG-20250915-WA00141-1-300x200.jpg 300w, https:\/\/guineechrono.com\/wp-content\/uploads\/2025\/09\/IMG-20250915-WA00141-1-1024x683.jpg 1024w, https:\/\/guineechrono.com\/wp-content\/uploads\/2025\/09\/IMG-20250915-WA00141-1-768x512.jpg 768w, https:\/\/guineechrono.com\/wp-content\/uploads\/2025\/09\/IMG-20250915-WA00141-1-1536x1024.jpg 1536w, https:\/\/guineechrono.com\/wp-content\/uploads\/2025\/09\/IMG-20250915-WA00141-1-2048x1365.jpg 2048w, https:\/\/guineechrono.com\/wp-content\/uploads\/2025\/09\/IMG-20250915-WA00141-1-696x464.jpg 696w, https:\/\/guineechrono.com\/wp-content\/uploads\/2025\/09\/IMG-20250915-WA00141-1-1068x712.jpg 1068w, https:\/\/guineechrono.com\/wp-content\/uploads\/2025\/09\/IMG-20250915-WA00141-1-630x420.jpg 630w, https:\/\/guineechrono.com\/wp-content\/uploads\/2025\/09\/IMG-20250915-WA00141-1-1920x1280.jpg 1920w\" sizes=\"(max-width: 300px) 100vw, 300px\" \/><\/a><\/p>\n<p>&nbsp;<\/p>\n<p>&nbsp;<\/p>\n<p>&nbsp;<\/p>\n<p>&nbsp;<\/p>\n<p>Entre les discours et les t\u00e9moignages d\u2019adh\u00e9sion, la rencontre de Faranah a marqu\u00e9 une \u00e9tape importante de la campagne r\u00e9f\u00e9rendaire du Mouvement Rouge Jaune Vert. \u00c0 l\u2019unisson, responsables locaux et citoyens ont r\u00e9affirm\u00e9 leur volont\u00e9 d\u2019accompagner le processus jusqu\u2019au scrutin, dans l\u2019objectif de donner une victoire \u00e9clatante au \u00ab Oui \u00bb.<\/p>\n<p>AHMADOU Hamzah BAH, envoy\u00e9 sp\u00e9cial<\/p>\n<p>&nbsp;<\/p>\n<p>&nbsp;<\/p>\n","protected":false},"excerpt":{"rendered":"<p>La campagne pour le r\u00e9f\u00e9rendum constitutionnel du 21 septembre a pris un nouvel \u00e9lan ce samedi \u00e0 Faranah, o\u00f9 la Maison des jeunes a accueilli une importante mobilisation initi\u00e9e par le Mouvement Rouge Jaune Vert (MRJV), plac\u00e9 sous le parrainage d\u2019Ahmed Kant\u00e9. Avant le lancement officiel des activit\u00e9s, Ahmed Kant\u00e9 a rendu visite au\u00a0sotikem\u00f4\u00a0de Faranah [&hellip;]<\/p>\n","protected":false},"author":2,"featured_media":37341,"comment_status":"open","ping_status":"closed","sticky":false,"template":"","format":"standard","meta":{"buzzeditor_post_format":"","footnotes":""},"categories":[42],"tags":[],"class_list":["post-37340","post","type-post","status-publish","format-standard","has-post-thumbnail","hentry","category-news"],"jetpack_featured_media_url":"https:\/\/guineechrono.com\/wp-content\/uploads\/2025\/09\/IMG-20250915-WA0011.jpg","amp_enabled":true,"_links":{"self":[{"href":"https:\/\/guineechrono.com\/index.php\/wp-json\/wp\/v2\/posts\/37340","targetHints":{"allow":["GET"]}}],"collection":[{"href":"https:\/\/guineechrono.com\/index.php\/wp-json\/wp\/v2\/posts"}],"about":[{"href":"https:\/\/guineechrono.com\/index.php\/wp-json\/wp\/v2\/types\/post"}],"author":[{"embeddable":true,"href":"https:\/\/guineechrono.com\/index.php\/wp-json\/wp\/v2\/users\/2"}],"replies":[{"embeddable":true,"href":"https:\/\/guineechrono.com\/index.php\/wp-json\/wp\/v2\/comments?post=37340"}],"version-history":[{"count":1,"href":"https:\/\/guineechrono.com\/index.php\/wp-json\/wp\/v2\/posts\/37340\/revisions"}],"predecessor-version":[{"id":37347,"href":"https:\/\/guineechrono.com\/index.php\/wp-json\/wp\/v2\/posts\/37340\/revisions\/37347"}],"wp:featuredmedia":[{"embeddable":true,"href":"https:\/\/guineechrono.com\/index.php\/wp-json\/wp\/v2\/media\/37341"}],"wp:attachment":[{"href":"https:\/\/guineechrono.com\/index.php\/wp-json\/wp\/v2\/media?parent=37340"}],"wp:term":[{"taxonomy":"category","embeddable":true,"href":"https:\/\/guineechrono.com\/index.php\/wp-json\/wp\/v2\/categories?post=37340"},{"taxonomy":"post_tag","embeddable":true,"href":"https:\/\/guineechrono.com\/index.php\/wp-json\/wp\/v2\/tags?post=37340"}],"curies":[{"name":"wp","href":"https:\/\/api.w.org\/{rel}","templated":true}]}}