{"id":37358,"date":"2025-09-15T17:11:10","date_gmt":"2025-09-15T16:11:10","guid":{"rendered":"https:\/\/guineechrono.com\/?p=37358"},"modified":"2025-09-15T17:11:10","modified_gmt":"2025-09-15T16:11:10","slug":"referendum-un-acte-fondateur-pas-une-competition-electorale-affirme-dr-sekou-koureissy-conde","status":"publish","type":"post","link":"https:\/\/guineechrono.com\/index.php\/referendum-un-acte-fondateur-pas-une-competition-electorale-affirme-dr-sekou-koureissy-conde\/","title":{"rendered":"R\u00e9f\u00e9rendum : \u00ab Un acte fondateur, pas une comp\u00e9tition \u00e9lectorale \u00bb, affirme Dr S\u00e9kou Kour\u00e9issy Cond\u00e9"},"content":{"rendered":"<p>Le pr\u00e9sident du parti ARENA, Dr S\u00e9kou Kour\u00e9issy Cond\u00e9, a r\u00e9cemment pris la parole pour souligner l&rsquo;importance du r\u00e9f\u00e9rendum en tant que m\u00e9canisme de d\u00e9mocratie directe. Dans une d\u00e9claration publique, il a insist\u00e9 sur le caract\u00e8re fondateur de ce type de vote, qu\u2019il distingue d\u2019une simple \u00e9ch\u00e9ance \u00e9lectorale.<\/p>\n<p>\u00ab Le r\u00e9f\u00e9rendum est un acte fondateur, pas une comp\u00e9tition \u00e9lectorale \u00bb, a-t-il martel\u00e9, pr\u00e9cisant que son objectif est de b\u00e2tir \u00ab un consensus large, une l\u00e9gitimit\u00e9 incontestable autour d\u2019un texte qui engage la nation tout enti\u00e8re sur le long terme \u00bb.<\/p>\n<p>Selon Dr Cond\u00e9, le r\u00e9f\u00e9rendum constitue l\u2019expression directe de la souverainet\u00e9 populaire. Il permet aux citoyens de se prononcer eux-m\u00eames sur des enjeux politiques, \u00e9conomiques, scientifiques, socioculturels, l\u00e9gislatifs ou constitutionnels, sans n\u00e9cessairement passer par les canaux classiques des organisations politiques ou institutionnelles.<\/p>\n<p>\u00ab La souverainet\u00e9 appartient aux citoyens, donc au peuple, et il peut l\u2019exercer sans passer exclusivement par des organisations politiques, socioculturelles ou confessionnelles \u00bb, a-t-il d\u00e9clar\u00e9.<\/p>\n<p>Reprenant la pens\u00e9e du philosophe Jean-Jacques Rousseau, le leader politique a rappel\u00e9 que \u00ab la souverainet\u00e9 populaire ne peut \u00eatre d\u00e9l\u00e9gu\u00e9e ni r\u00e9serv\u00e9e \u00bb. Il estime que le r\u00e9f\u00e9rendum est avant tout \u00ab une expression authentique de la volont\u00e9 g\u00e9n\u00e9rale des citoyens, d\u00e9tach\u00e9e de toute autre consid\u00e9ration que la citoyennet\u00e9 \u00bb.<\/p>\n<p>Dr Cond\u00e9 a \u00e9galement lanc\u00e9 un appel \u00e0 la responsabilit\u00e9 collective autour du processus r\u00e9f\u00e9rendaire. Il a exhort\u00e9 l\u2019ensemble des acteurs politiques, publics et priv\u00e9s, \u00e0 s\u2019impliquer dans une campagne de sensibilisation citoyenne pacifique sur l\u2019importance du vote constitutionnel.<\/p>\n<p>\u00ab Aucun acteur politique, aucun acteur public, \u00e9tatique ou non \u00e9tatique, ne doit manquer \u00e0 l\u2019obligation morale de contribuer \u00e0 cette campagne, sauf disposition contraire de la loi \u00bb, a-t-il soulign\u00e9.<\/p>\n<p>Enfin, le pr\u00e9sident d\u2019ARENA a insist\u00e9 sur la n\u00e9cessit\u00e9 d\u2019accompagner le processus d\u2019un cadre institutionnel solide et d\u2019une \u00e9ducation civique renforc\u00e9e, afin de garantir une culture d\u00e9mocratique durable.<\/p>\n<p>\u00ab La mise en pratique de ce texte fondamental demande des garde-fous institutionnels et une \u00e9ducation g\u00e9n\u00e9rale bas\u00e9e sur sa compr\u00e9hension p\u00e9dagogique \u00bb, a-t-il conclu.<\/p>\n","protected":false},"excerpt":{"rendered":"<p>Le pr\u00e9sident du parti ARENA, Dr S\u00e9kou Kour\u00e9issy Cond\u00e9, a r\u00e9cemment pris la parole pour souligner l&rsquo;importance du r\u00e9f\u00e9rendum en tant que m\u00e9canisme de d\u00e9mocratie directe. Dans une d\u00e9claration publique, il a insist\u00e9 sur le caract\u00e8re fondateur de ce type de vote, qu\u2019il distingue d\u2019une simple \u00e9ch\u00e9ance \u00e9lectorale. \u00ab Le r\u00e9f\u00e9rendum est un acte fondateur, [&hellip;]<\/p>\n","protected":false},"author":2,"featured_media":37359,"comment_status":"open","ping_status":"closed","sticky":false,"template":"","format":"standard","meta":{"buzzeditor_post_format":"","footnotes":""},"categories":[42],"tags":[],"class_list":["post-37358","post","type-post","status-publish","format-standard","has-post-thumbnail","hentry","category-news"],"jetpack_featured_media_url":"https:\/\/guineechrono.com\/wp-content\/uploads\/2025\/09\/Sekou-Koureissy-Conde.jpg","amp_enabled":true,"_links":{"self":[{"href":"https:\/\/guineechrono.com\/index.php\/wp-json\/wp\/v2\/posts\/37358","targetHints":{"allow":["GET"]}}],"collection":[{"href":"https:\/\/guineechrono.com\/index.php\/wp-json\/wp\/v2\/posts"}],"about":[{"href":"https:\/\/guineechrono.com\/index.php\/wp-json\/wp\/v2\/types\/post"}],"author":[{"embeddable":true,"href":"https:\/\/guineechrono.com\/index.php\/wp-json\/wp\/v2\/users\/2"}],"replies":[{"embeddable":true,"href":"https:\/\/guineechrono.com\/index.php\/wp-json\/wp\/v2\/comments?post=37358"}],"version-history":[{"count":1,"href":"https:\/\/guineechrono.com\/index.php\/wp-json\/wp\/v2\/posts\/37358\/revisions"}],"predecessor-version":[{"id":37360,"href":"https:\/\/guineechrono.com\/index.php\/wp-json\/wp\/v2\/posts\/37358\/revisions\/37360"}],"wp:featuredmedia":[{"embeddable":true,"href":"https:\/\/guineechrono.com\/index.php\/wp-json\/wp\/v2\/media\/37359"}],"wp:attachment":[{"href":"https:\/\/guineechrono.com\/index.php\/wp-json\/wp\/v2\/media?parent=37358"}],"wp:term":[{"taxonomy":"category","embeddable":true,"href":"https:\/\/guineechrono.com\/index.php\/wp-json\/wp\/v2\/categories?post=37358"},{"taxonomy":"post_tag","embeddable":true,"href":"https:\/\/guineechrono.com\/index.php\/wp-json\/wp\/v2\/tags?post=37358"}],"curies":[{"name":"wp","href":"https:\/\/api.w.org\/{rel}","templated":true}]}}