{"id":37369,"date":"2025-09-16T17:37:23","date_gmt":"2025-09-16T16:37:23","guid":{"rendered":"https:\/\/guineechrono.com\/?p=37369"},"modified":"2025-09-16T17:37:23","modified_gmt":"2025-09-16T16:37:23","slug":"referendum-constitutionnel-au-fouta-le-porte-a-porte-au-coeur-de-la-campagne-pour-le-oui","status":"publish","type":"post","link":"https:\/\/guineechrono.com\/index.php\/referendum-constitutionnel-au-fouta-le-porte-a-porte-au-coeur-de-la-campagne-pour-le-oui\/","title":{"rendered":"R\u00e9f\u00e9rendum constitutionnel au Fouta : Le porte-\u00e0-porte au c\u0153ur de la campagne pour le Oui"},"content":{"rendered":"<p><strong>\u00c0 quelques jours du r\u00e9f\u00e9rendum pr\u00e9vu le 21 septembre prochain, la campagne pour le \u00ab\u00a0Oui\u00a0\u00bb bat son plein dans la r\u00e9gion du Fouta, consid\u00e9r\u00e9e comme un bastion strat\u00e9gique pour les autorit\u00e9s. <\/strong><\/p>\n<p>\u00c0 la t\u00eate de cette mobilisation locale, le Dr Ibrahima Diallo, Directeur des Affaires Juridiques de l&rsquo;Agence Nationale d\u2019Am\u00e9nagement des Infrastructures Mini\u00e8res (ANAIM), multiplie les actions de proximit\u00e9 pour sensibiliser les citoyens sur les enjeux du projet de nouvelle constitution.<\/p>\n<p><a href=\"https:\/\/guineechrono.com\/wp-content\/uploads\/2025\/09\/IMG-20250916-WA0100.jpg\"><img fetchpriority=\"high\" decoding=\"async\" class=\"alignleft size-medium wp-image-37371\" src=\"https:\/\/guineechrono.com\/wp-content\/uploads\/2025\/09\/IMG-20250916-WA0100-300x239.jpg\" alt=\"\" width=\"300\" height=\"239\" srcset=\"https:\/\/guineechrono.com\/wp-content\/uploads\/2025\/09\/IMG-20250916-WA0100-300x239.jpg 300w, https:\/\/guineechrono.com\/wp-content\/uploads\/2025\/09\/IMG-20250916-WA0100-696x555.jpg 696w, https:\/\/guineechrono.com\/wp-content\/uploads\/2025\/09\/IMG-20250916-WA0100-527x420.jpg 527w, https:\/\/guineechrono.com\/wp-content\/uploads\/2025\/09\/IMG-20250916-WA0100.jpg 766w\" sizes=\"(max-width: 300px) 100vw, 300px\" \/><\/a><\/p>\n<p>&nbsp;<\/p>\n<p>&nbsp;<\/p>\n<p>&nbsp;<\/p>\n<p>&nbsp;<\/p>\n<p>Depuis plusieurs jours, l\u2019\u00e9quipe de campagne du Dr Diallo sillonne les quartiers, march\u00e9s, gares routi\u00e8res et lieux publics afin de rencontrer directement les populations. Le choix du <strong>porte-\u00e0-porte<\/strong> s\u2019impose comme une strat\u00e9gie efficace pour expliquer, de mani\u00e8re p\u00e9dagogique, le contenu du projet constitutionnel, r\u00e9pondre aux interrogations et rassurer sur les ambitions du texte.<\/p>\n<p>\u00ab L\u2019objectif est de faire comprendre que cette constitution n\u2019est pas impos\u00e9e, mais qu\u2019elle est le fruit d\u2019une volont\u00e9 de r\u00e9forme en profondeur, pour une meilleure gouvernance, plus de justice et d\u2019\u00e9quit\u00e9 \u00bb, a d\u00e9clar\u00e9 un membre de l\u2019\u00e9quipe de campagne.<\/p>\n<p>Les \u00e9changes avec les citoyens permettent \u00e9galement de lever les doutes et de clarifier certaines incompr\u00e9hensions li\u00e9es au texte soumis au vote. Des supports explicatifs sont distribu\u00e9s et des points d\u2019information ont \u00e9t\u00e9 install\u00e9s dans les lieux \u00e0 forte affluence.<\/p>\n<p>La mobilisation semble porter ses fruits, \u00e0 en croire l\u2019engouement observ\u00e9 lors des visites de terrain. De nombreux habitants se disent pr\u00eats \u00e0 voter \u00ab\u00a0Oui\u00a0\u00bb, estimant que cette r\u00e9forme constitutionnelle pourrait marquer un tournant dans la vie politique et institutionnelle du pays.<\/p>\n<p>Avec pour slogan <strong>\u00ab Une constitution qui nous ressemble et nous rassemble \u00bb<\/strong>, les partisans du \u00ab\u00a0Oui\u00a0\u00bb au Fouta misent sur une forte participation le jour du scrutin.<\/p>\n<p><strong>Le Fouta dit Oui !<\/strong><\/p>\n<p><strong>Rendez-vous le 21 septembre.<\/strong><\/p>\n","protected":false},"excerpt":{"rendered":"<p>\u00c0 quelques jours du r\u00e9f\u00e9rendum pr\u00e9vu le 21 septembre prochain, la campagne pour le \u00ab\u00a0Oui\u00a0\u00bb bat son plein dans la r\u00e9gion du Fouta, consid\u00e9r\u00e9e comme un bastion strat\u00e9gique pour les autorit\u00e9s. \u00c0 la t\u00eate de cette mobilisation locale, le Dr Ibrahima Diallo, Directeur des Affaires Juridiques de l&rsquo;Agence Nationale d\u2019Am\u00e9nagement des Infrastructures Mini\u00e8res (ANAIM), multiplie [&hellip;]<\/p>\n","protected":false},"author":2,"featured_media":37370,"comment_status":"open","ping_status":"closed","sticky":false,"template":"","format":"standard","meta":{"buzzeditor_post_format":"","footnotes":""},"categories":[42],"tags":[],"class_list":["post-37369","post","type-post","status-publish","format-standard","has-post-thumbnail","hentry","category-news"],"jetpack_featured_media_url":"https:\/\/guineechrono.com\/wp-content\/uploads\/2025\/09\/IMG-20250916-WA0098.jpg","amp_enabled":true,"_links":{"self":[{"href":"https:\/\/guineechrono.com\/index.php\/wp-json\/wp\/v2\/posts\/37369","targetHints":{"allow":["GET"]}}],"collection":[{"href":"https:\/\/guineechrono.com\/index.php\/wp-json\/wp\/v2\/posts"}],"about":[{"href":"https:\/\/guineechrono.com\/index.php\/wp-json\/wp\/v2\/types\/post"}],"author":[{"embeddable":true,"href":"https:\/\/guineechrono.com\/index.php\/wp-json\/wp\/v2\/users\/2"}],"replies":[{"embeddable":true,"href":"https:\/\/guineechrono.com\/index.php\/wp-json\/wp\/v2\/comments?post=37369"}],"version-history":[{"count":1,"href":"https:\/\/guineechrono.com\/index.php\/wp-json\/wp\/v2\/posts\/37369\/revisions"}],"predecessor-version":[{"id":37372,"href":"https:\/\/guineechrono.com\/index.php\/wp-json\/wp\/v2\/posts\/37369\/revisions\/37372"}],"wp:featuredmedia":[{"embeddable":true,"href":"https:\/\/guineechrono.com\/index.php\/wp-json\/wp\/v2\/media\/37370"}],"wp:attachment":[{"href":"https:\/\/guineechrono.com\/index.php\/wp-json\/wp\/v2\/media?parent=37369"}],"wp:term":[{"taxonomy":"category","embeddable":true,"href":"https:\/\/guineechrono.com\/index.php\/wp-json\/wp\/v2\/categories?post=37369"},{"taxonomy":"post_tag","embeddable":true,"href":"https:\/\/guineechrono.com\/index.php\/wp-json\/wp\/v2\/tags?post=37369"}],"curies":[{"name":"wp","href":"https:\/\/api.w.org\/{rel}","templated":true}]}}