{"id":37373,"date":"2025-09-16T21:12:29","date_gmt":"2025-09-16T20:12:29","guid":{"rendered":"https:\/\/guineechrono.com\/?p=37373"},"modified":"2025-09-16T21:12:29","modified_gmt":"2025-09-16T20:12:29","slug":"referendum-du-21-septembre-je-pense-que-mon-reve-trouve-son-expression-dans-certains-articles-de-cette-nouvelle-constitution-dixit-ahmed-kante-a-mamou","status":"publish","type":"post","link":"https:\/\/guineechrono.com\/index.php\/referendum-du-21-septembre-je-pense-que-mon-reve-trouve-son-expression-dans-certains-articles-de-cette-nouvelle-constitution-dixit-ahmed-kante-a-mamou\/","title":{"rendered":"R\u00e9f\u00e9rendum du 21 septembre : \u00ab Je pense que mon r\u00eave trouve son expression dans certains articles de cette nouvelle constitution \u00bb, dixit Ahmed Kant\u00e9 \u00e0 Mamou"},"content":{"rendered":"<p>\u00c0 l\u2019approche du r\u00e9f\u00e9rendum du 21 septembre, MAMOU, la cit\u00e9-carrefour a accueilli une d\u00e9monstration de force politique et citoyenne, marqu\u00e9e par des discours f\u00e9d\u00e9rateurs et des appels insistants au vote massif pour le \u00ab oui \u00bb.<\/p>\n<p>D\u00e8s l\u2019ouverture, le coordinateur national du mouvement, Pierre Goa Zoumanigui, a rappel\u00e9 l\u2019esprit de la nouvelle constitution et ses promesses sociales. \u00ab Nous du Mouvement Rouge Jaune Vert sommes convaincus que la nouvelle constitution assurera la justice sociale : \u00e0 travers l\u2019\u00e9ducation obligatoire d\u00e8s 5 ans, la gratuit\u00e9 de l\u2019\u00e9cole du primaire \u00e0 l\u2019universit\u00e9 et le maintien obligatoire \u00e0 l\u2019\u00e9cole jusqu\u2019\u00e0 17 ans. \u00c0 travers la sant\u00e9 : la couverture de sant\u00e9 universelle \u00bb, a-t-il soulign\u00e9.<\/p>\n<p><a href=\"https:\/\/guineechrono.com\/wp-content\/uploads\/2025\/09\/IMG-20250916-WA0009-376x420-1.jpg\"><img fetchpriority=\"high\" decoding=\"async\" class=\"alignleft size-medium wp-image-37375\" src=\"https:\/\/guineechrono.com\/wp-content\/uploads\/2025\/09\/IMG-20250916-WA0009-376x420-1-269x300.jpg\" alt=\"\" width=\"269\" height=\"300\" srcset=\"https:\/\/guineechrono.com\/wp-content\/uploads\/2025\/09\/IMG-20250916-WA0009-376x420-1-269x300.jpg 269w, https:\/\/guineechrono.com\/wp-content\/uploads\/2025\/09\/IMG-20250916-WA0009-376x420-1.jpg 376w\" sizes=\"(max-width: 269px) 100vw, 269px\" \/><\/a><\/p>\n<p>&nbsp;<\/p>\n<p>&nbsp;<\/p>\n<p>&nbsp;<\/p>\n<p>&nbsp;<\/p>\n<p>&nbsp;<\/p>\n<p>Convaincu que le bulletin du 21 septembre sera \u00ab plus qu\u2019un simple papier \u00bb, M. Zoumanigui a appel\u00e9 les populations \u00e0 voir en lui un \u00ab outil de souverainet\u00e9, la voix du peuple, le choix de l\u2019avenir, l\u2019expression de notre dignit\u00e9 nationale \u00bb. \u00c0 l\u2019adresse des habitants de Mamou, il a insist\u00e9 : \u00ab Le Mouvement Rouge Jaune Vert n\u2019est pas venu vous imposer une id\u00e9e. Nous sommes venus partager une conviction\u2026 Pour que Mamou, ville carrefour et ville de savoir, reste un exemple pour toute la Guin\u00e9e en votant massivement oui, dans la paix et la discipline \u00bb.<\/p>\n<p><a href=\"https:\/\/guineechrono.com\/wp-content\/uploads\/2025\/09\/IMG-20250916-WA0008-630x420-1.jpg\"><img decoding=\"async\" class=\"alignleft size-medium wp-image-37376\" src=\"https:\/\/guineechrono.com\/wp-content\/uploads\/2025\/09\/IMG-20250916-WA0008-630x420-1-300x200.jpg\" alt=\"\" width=\"300\" height=\"200\" srcset=\"https:\/\/guineechrono.com\/wp-content\/uploads\/2025\/09\/IMG-20250916-WA0008-630x420-1-300x200.jpg 300w, https:\/\/guineechrono.com\/wp-content\/uploads\/2025\/09\/IMG-20250916-WA0008-630x420-1.jpg 630w\" sizes=\"(max-width: 300px) 100vw, 300px\" \/><\/a><\/p>\n<p>&nbsp;<\/p>\n<p>&nbsp;<\/p>\n<p>&nbsp;<\/p>\n<p>&nbsp;<\/p>\n<p>Le message a \u00e9t\u00e9 renforc\u00e9 par Nouhou Diogo Bah, pr\u00e9sident de la d\u00e9l\u00e9gation sp\u00e9ciale de Mamou, qui a rappel\u00e9 que la constitution \u00ab n\u2019appartient pas \u00e0 une secte, ni au Pr\u00e9sident de la R\u00e9publique, ni aux ministres ou conseillers \u00bb, mais bien \u00ab \u00e0 l\u2019ensemble du peuple guin\u00e9en \u00bb. Et d\u2019ajouter : \u00ab Nous devons nous lever, unis comme un seul Guin\u00e9en, pour aller voter le 21 septembre pour le oui, afin de valoriser nos id\u00e9es et de faire en sorte que ce que nous avions dit puisse \u00eatre compt\u00e9 parmi les id\u00e9aux visibles de ce pays. \u00bb<\/p>\n<p>Point d\u2019orgue de cette journ\u00e9e, le t\u00e9moignage du parrain du Mouvement Rouge Jaune Vert, Ahmed Kant\u00e9, a donn\u00e9 une dimension particuli\u00e8re \u00e0 la rencontre. Dans un entretien franc avec la presse, l\u2019op\u00e9rateur \u00e9conomique a exprim\u00e9 son adh\u00e9sion totale au projet de nouvelle constitution : \u00ab Vous avez cette constitution, ce projet de constitution, c\u2019est un tout dans lequel chaque partie de notre population trouve son compte. (\u2026) En tant qu\u2019op\u00e9rateur \u00e9conomique, cette constitution est clairement pro-business. \u00bb<\/p>\n<p><a href=\"https:\/\/guineechrono.com\/wp-content\/uploads\/2025\/09\/IMG-20250916-WA0007-630x420-1.jpg\"><img decoding=\"async\" class=\"alignleft size-medium wp-image-37377\" src=\"https:\/\/guineechrono.com\/wp-content\/uploads\/2025\/09\/IMG-20250916-WA0007-630x420-1-300x200.jpg\" alt=\"\" width=\"300\" height=\"200\" srcset=\"https:\/\/guineechrono.com\/wp-content\/uploads\/2025\/09\/IMG-20250916-WA0007-630x420-1-300x200.jpg 300w, https:\/\/guineechrono.com\/wp-content\/uploads\/2025\/09\/IMG-20250916-WA0007-630x420-1.jpg 630w\" sizes=\"(max-width: 300px) 100vw, 300px\" \/><\/a><\/p>\n<p>&nbsp;<\/p>\n<p>&nbsp;<\/p>\n<p>&nbsp;<\/p>\n<p>&nbsp;<\/p>\n<p>Plus personnel, il a confi\u00e9 : \u00ab Vous ne r\u00eavez pas d\u2019avoir un pays o\u00f9 les probl\u00e8mes de sant\u00e9 primaire ne se posent plus ? Vous ne r\u00eavez pas d\u2019avoir un pays o\u00f9 l\u2019\u00e9ducation, de la base jusqu\u2019\u00e0 l\u2019universit\u00e9, est garantie ? Alors, je pense que mon r\u00eave trouve son expression dans certains articles de cette nouvelle constitution. \u00bb<\/p>\n<p>Kant\u00e9 a aussi salu\u00e9 l\u2019accueil chaleureux de la population de Mamou et exhort\u00e9 les citoyens \u00e0 se pr\u00e9parer pour le jour du scrutin : \u00ab Le premier acte, c\u2019est de retirer sa carte d\u2019\u00e9lecteur. Le second, c\u2019est de savoir que, face \u00e0 la fiche o\u00f9 le oui est en vert et le non en rouge, le choix est tout fait : il faut apposer sa croix sur la partie verte pour le oui au r\u00e9f\u00e9rendum. \u00bb<\/p>\n<p><a href=\"https:\/\/guineechrono.com\/wp-content\/uploads\/2025\/09\/IMG-20250916-WA0006-630x420-1.jpg\"><img loading=\"lazy\" decoding=\"async\" class=\"alignleft size-medium wp-image-37378\" src=\"https:\/\/guineechrono.com\/wp-content\/uploads\/2025\/09\/IMG-20250916-WA0006-630x420-1-300x200.jpg\" alt=\"\" width=\"300\" height=\"200\" srcset=\"https:\/\/guineechrono.com\/wp-content\/uploads\/2025\/09\/IMG-20250916-WA0006-630x420-1-300x200.jpg 300w, https:\/\/guineechrono.com\/wp-content\/uploads\/2025\/09\/IMG-20250916-WA0006-630x420-1.jpg 630w\" sizes=\"(max-width: 300px) 100vw, 300px\" \/><\/a><\/p>\n<p>&nbsp;<\/p>\n<p>&nbsp;<\/p>\n<p>&nbsp;<\/p>\n<p>&nbsp;<\/p>\n<p>Ainsi, entre ferveur militante et conviction citoyenne, Mamou s\u2019est impos\u00e9e ce 15 septembre comme un centre de mobilisation pour le Mouvement Rouge Jaune Vert. \u00c0 quelques jours du scrutin du 21 septembre, les organisateurs veulent croire que le message a bien \u00e9t\u00e9 entendu : celui d\u2019un \u00ab oui \u00bb massif \u00e0 la nouvelle constitution.<\/p>\n<p><strong>Marie Camara et Fatoumata Tour\u00e9<\/strong><\/p>\n","protected":false},"excerpt":{"rendered":"<p>\u00c0 l\u2019approche du r\u00e9f\u00e9rendum du 21 septembre, MAMOU, la cit\u00e9-carrefour a accueilli une d\u00e9monstration de force politique et citoyenne, marqu\u00e9e par des discours f\u00e9d\u00e9rateurs et des appels insistants au vote massif pour le \u00ab oui \u00bb. D\u00e8s l\u2019ouverture, le coordinateur national du mouvement, Pierre Goa Zoumanigui, a rappel\u00e9 l\u2019esprit de la nouvelle constitution et ses [&hellip;]<\/p>\n","protected":false},"author":2,"featured_media":37374,"comment_status":"open","ping_status":"closed","sticky":false,"template":"","format":"standard","meta":{"buzzeditor_post_format":"","footnotes":""},"categories":[42],"tags":[],"class_list":["post-37373","post","type-post","status-publish","format-standard","has-post-thumbnail","hentry","category-news"],"jetpack_featured_media_url":"https:\/\/guineechrono.com\/wp-content\/uploads\/2025\/09\/mamouu.jpg","amp_enabled":true,"_links":{"self":[{"href":"https:\/\/guineechrono.com\/index.php\/wp-json\/wp\/v2\/posts\/37373","targetHints":{"allow":["GET"]}}],"collection":[{"href":"https:\/\/guineechrono.com\/index.php\/wp-json\/wp\/v2\/posts"}],"about":[{"href":"https:\/\/guineechrono.com\/index.php\/wp-json\/wp\/v2\/types\/post"}],"author":[{"embeddable":true,"href":"https:\/\/guineechrono.com\/index.php\/wp-json\/wp\/v2\/users\/2"}],"replies":[{"embeddable":true,"href":"https:\/\/guineechrono.com\/index.php\/wp-json\/wp\/v2\/comments?post=37373"}],"version-history":[{"count":1,"href":"https:\/\/guineechrono.com\/index.php\/wp-json\/wp\/v2\/posts\/37373\/revisions"}],"predecessor-version":[{"id":37379,"href":"https:\/\/guineechrono.com\/index.php\/wp-json\/wp\/v2\/posts\/37373\/revisions\/37379"}],"wp:featuredmedia":[{"embeddable":true,"href":"https:\/\/guineechrono.com\/index.php\/wp-json\/wp\/v2\/media\/37374"}],"wp:attachment":[{"href":"https:\/\/guineechrono.com\/index.php\/wp-json\/wp\/v2\/media?parent=37373"}],"wp:term":[{"taxonomy":"category","embeddable":true,"href":"https:\/\/guineechrono.com\/index.php\/wp-json\/wp\/v2\/categories?post=37373"},{"taxonomy":"post_tag","embeddable":true,"href":"https:\/\/guineechrono.com\/index.php\/wp-json\/wp\/v2\/tags?post=37373"}],"curies":[{"name":"wp","href":"https:\/\/api.w.org\/{rel}","templated":true}]}}