{"id":37391,"date":"2025-09-17T11:18:16","date_gmt":"2025-09-17T10:18:16","guid":{"rendered":"https:\/\/guineechrono.com\/?p=37391"},"modified":"2025-09-17T11:18:16","modified_gmt":"2025-09-17T10:18:16","slug":"boke-sonny-doumbouya-pdg-de-kbm-en-premiere-ligne-lors-du-lancement-de-la-campagne-referendaire","status":"publish","type":"post","link":"https:\/\/guineechrono.com\/index.php\/boke-sonny-doumbouya-pdg-de-kbm-en-premiere-ligne-lors-du-lancement-de-la-campagne-referendaire\/","title":{"rendered":"Bok\u00e9 : Sonny Doumbouya, PDG de KBM, en premi\u00e8re ligne lors du lancement de la campagne r\u00e9f\u00e9rendaire"},"content":{"rendered":"<p>Bok\u00e9 a vibr\u00e9 ce week-end au rythme du lancement officiel de la campagne r\u00e9f\u00e9rendaire. Parmi les personnalit\u00e9s marquantes de l\u2019\u00e9v\u00e9nement figurait Sonny Doumbouya, Pr\u00e9sident Directeur G\u00e9n\u00e9ral de la soci\u00e9t\u00e9 mini\u00e8re KBM, dont la pr\u00e9sence et les services ont fortement contribu\u00e9 au succ\u00e8s de la c\u00e9r\u00e9monie.<\/p>\n<p><a href=\"https:\/\/guineechrono.com\/wp-content\/uploads\/2025\/09\/IMG-20250917-WA0015.jpg\"><img fetchpriority=\"high\" decoding=\"async\" class=\"alignleft size-medium wp-image-37393\" src=\"https:\/\/guineechrono.com\/wp-content\/uploads\/2025\/09\/IMG-20250917-WA0015-300x225.jpg\" alt=\"\" width=\"300\" height=\"225\" srcset=\"https:\/\/guineechrono.com\/wp-content\/uploads\/2025\/09\/IMG-20250917-WA0015-300x225.jpg 300w, https:\/\/guineechrono.com\/wp-content\/uploads\/2025\/09\/IMG-20250917-WA0015-768x576.jpg 768w, https:\/\/guineechrono.com\/wp-content\/uploads\/2025\/09\/IMG-20250917-WA0015-80x60.jpg 80w, https:\/\/guineechrono.com\/wp-content\/uploads\/2025\/09\/IMG-20250917-WA0015-265x198.jpg 265w, https:\/\/guineechrono.com\/wp-content\/uploads\/2025\/09\/IMG-20250917-WA0015-696x522.jpg 696w, https:\/\/guineechrono.com\/wp-content\/uploads\/2025\/09\/IMG-20250917-WA0015-560x420.jpg 560w, https:\/\/guineechrono.com\/wp-content\/uploads\/2025\/09\/IMG-20250917-WA0015.jpg 1000w\" sizes=\"(max-width: 300px) 100vw, 300px\" \/><\/a><\/p>\n<p>&nbsp;<\/p>\n<p>&nbsp;<\/p>\n<p>&nbsp;<\/p>\n<p>&nbsp;<\/p>\n<p>Connu pour son charisme et son attachement au d\u00e9veloppement \u00e9conomique durable de Bok\u00e9, M. Doumbouya continue de s\u2019imposer comme un acteur incontournable de la vie socio-\u00e9conomique de Kakand\u00e9. Son engagement constant en faveur de l\u2019am\u00e9lioration des conditions de vie des populations locales ne cesse de se traduire par des actions concr\u00e8tes.<\/p>\n<p>Lors de cette mobilisation, le patron de KBM s\u2019est distingu\u00e9 par un appui logistique et organisationnel qui a facilit\u00e9 la tenue de l\u2019\u00e9v\u00e9nement dans un climat festif et rassembleur. Des initiatives qui renforcent son image d\u2019op\u00e9rateur \u00e9conomique soucieux de conjuguer l\u2019investissement minier avec la promotion du bien-\u00eatre collectif.<\/p>\n<p>Dans une interview accord\u00e9e \u00e0 notre r\u00e9daction, Sonny Doumbouya a appel\u00e9 les populations de Bok\u00e9 \u00e0 voter massivement \u201cOui\u201d au r\u00e9f\u00e9rendum du 21 septembre. Il a invoqu\u00e9 plusieurs raisons majeures, parmi lesquelles : la gratuit\u00e9 de l\u2019\u00e9ducation pour tous les Guin\u00e9ens, l\u2019instauration d\u2019un v\u00e9ritable \u00c9tat de droit accessible \u00e0 tous, ainsi que la prise en charge sanitaire des citoyens.<\/p>\n<p><a href=\"https:\/\/guineechrono.com\/wp-content\/uploads\/2025\/09\/IMG-20250917-WA0018.jpg\"><img decoding=\"async\" class=\"alignleft size-medium wp-image-37394\" src=\"https:\/\/guineechrono.com\/wp-content\/uploads\/2025\/09\/IMG-20250917-WA0018-201x300.jpg\" alt=\"\" width=\"201\" height=\"300\" srcset=\"https:\/\/guineechrono.com\/wp-content\/uploads\/2025\/09\/IMG-20250917-WA0018-201x300.jpg 201w, https:\/\/guineechrono.com\/wp-content\/uploads\/2025\/09\/IMG-20250917-WA0018-686x1024.jpg 686w, https:\/\/guineechrono.com\/wp-content\/uploads\/2025\/09\/IMG-20250917-WA0018-696x1038.jpg 696w, https:\/\/guineechrono.com\/wp-content\/uploads\/2025\/09\/IMG-20250917-WA0018-282x420.jpg 282w, https:\/\/guineechrono.com\/wp-content\/uploads\/2025\/09\/IMG-20250917-WA0018.jpg 724w\" sizes=\"(max-width: 201px) 100vw, 201px\" \/><\/a><\/p>\n<p>&nbsp;<\/p>\n<p>&nbsp;<\/p>\n<p>&nbsp;<\/p>\n<p>&nbsp;<\/p>\n<p>&nbsp;<\/p>\n<p>Au-del\u00e0 de son r\u00f4le dans le secteur extractif, Sonny Doumbouya appara\u00eet aujourd\u2019hui comme l\u2019un des artisans d\u2019une dynamique nouvelle o\u00f9 la croissance \u00e9conomique locale se conjugue avec la solidarit\u00e9 sociale.<\/p>\n<p>Avec cette nouvelle implication dans une activit\u00e9 citoyenne d\u2019envergure, le PDG de KBM confirme sa volont\u00e9 de voir Bok\u00e9 rester au centre de l\u2019actualit\u00e9 nationale, non seulement par ses ressources mini\u00e8res, mais aussi par la vitalit\u00e9 de ses fils et cadres engag\u00e9s.<\/p>\n<p>&nbsp;<\/p>\n","protected":false},"excerpt":{"rendered":"<p>Bok\u00e9 a vibr\u00e9 ce week-end au rythme du lancement officiel de la campagne r\u00e9f\u00e9rendaire. Parmi les personnalit\u00e9s marquantes de l\u2019\u00e9v\u00e9nement figurait Sonny Doumbouya, Pr\u00e9sident Directeur G\u00e9n\u00e9ral de la soci\u00e9t\u00e9 mini\u00e8re KBM, dont la pr\u00e9sence et les services ont fortement contribu\u00e9 au succ\u00e8s de la c\u00e9r\u00e9monie. &nbsp; &nbsp; &nbsp; &nbsp; Connu pour son charisme et son [&hellip;]<\/p>\n","protected":false},"author":2,"featured_media":37392,"comment_status":"open","ping_status":"closed","sticky":false,"template":"","format":"standard","meta":{"buzzeditor_post_format":"","footnotes":""},"categories":[42],"tags":[],"class_list":["post-37391","post","type-post","status-publish","format-standard","has-post-thumbnail","hentry","category-news"],"jetpack_featured_media_url":"https:\/\/guineechrono.com\/wp-content\/uploads\/2025\/09\/IMG-20250917-WA0016.jpg","amp_enabled":true,"_links":{"self":[{"href":"https:\/\/guineechrono.com\/index.php\/wp-json\/wp\/v2\/posts\/37391","targetHints":{"allow":["GET"]}}],"collection":[{"href":"https:\/\/guineechrono.com\/index.php\/wp-json\/wp\/v2\/posts"}],"about":[{"href":"https:\/\/guineechrono.com\/index.php\/wp-json\/wp\/v2\/types\/post"}],"author":[{"embeddable":true,"href":"https:\/\/guineechrono.com\/index.php\/wp-json\/wp\/v2\/users\/2"}],"replies":[{"embeddable":true,"href":"https:\/\/guineechrono.com\/index.php\/wp-json\/wp\/v2\/comments?post=37391"}],"version-history":[{"count":1,"href":"https:\/\/guineechrono.com\/index.php\/wp-json\/wp\/v2\/posts\/37391\/revisions"}],"predecessor-version":[{"id":37395,"href":"https:\/\/guineechrono.com\/index.php\/wp-json\/wp\/v2\/posts\/37391\/revisions\/37395"}],"wp:featuredmedia":[{"embeddable":true,"href":"https:\/\/guineechrono.com\/index.php\/wp-json\/wp\/v2\/media\/37392"}],"wp:attachment":[{"href":"https:\/\/guineechrono.com\/index.php\/wp-json\/wp\/v2\/media?parent=37391"}],"wp:term":[{"taxonomy":"category","embeddable":true,"href":"https:\/\/guineechrono.com\/index.php\/wp-json\/wp\/v2\/categories?post=37391"},{"taxonomy":"post_tag","embeddable":true,"href":"https:\/\/guineechrono.com\/index.php\/wp-json\/wp\/v2\/tags?post=37391"}],"curies":[{"name":"wp","href":"https:\/\/api.w.org\/{rel}","templated":true}]}}