{"id":37408,"date":"2025-09-17T15:34:39","date_gmt":"2025-09-17T14:34:39","guid":{"rendered":"https:\/\/guineechrono.com\/?p=37408"},"modified":"2025-09-17T15:34:39","modified_gmt":"2025-09-17T14:34:39","slug":"cheick-tidiane-traore-le-referendum-constitutionnel-prevu-le-21-septembre-nest-pas-une-mascarade","status":"publish","type":"post","link":"https:\/\/guineechrono.com\/index.php\/cheick-tidiane-traore-le-referendum-constitutionnel-prevu-le-21-septembre-nest-pas-une-mascarade\/","title":{"rendered":"Cheick Tidiane Traor\u00e9 : \u00ab Le r\u00e9f\u00e9rendum constitutionnel pr\u00e9vu le 21 septembre n\u2019est pas une \u201cmascarade\u201d\u2026\u00bb"},"content":{"rendered":"<p>D\u00e9claration solennelle \u00e0 l\u2019adresse du peuple de Guin\u00e9e<\/p>\n<p>Guin\u00e9ennes, Guin\u00e9ens,<\/p>\n<p>Chers compatriotes,<\/p>\n<p>Depuis le 5 septembre 2021, notre pays a engag\u00e9 une nouvelle \u00e9tape de son histoire. Ce tournant, marqu\u00e9 par la volont\u00e9 de mettre fin aux d\u00e9rives politiques et institutionnelles, n\u2019a pas \u00e9t\u00e9 une rupture contre la Guin\u00e9e, mais une d\u00e9cision courageuse pour la pr\u00e9server et lui offrir une nouvelle chance de b\u00e2tir un avenir stable et prosp\u00e8re.<\/p>\n<p>Certains, par attachement au pass\u00e9, cherchent encore \u00e0 d\u00e9nigrer cette transition. Ils d\u00e9crivent le Conseil National du Rassemblement pour le D\u00e9veloppement (CNRD) comme un r\u00e9gime ill\u00e9gal et ill\u00e9gitime. Mais les faits parlent d\u2019eux-m\u00eames :<\/p>\n<ul>\n<li>La r\u00e9forme de l\u2019administration et des finances publiques est en marche.<\/li>\n<li>La gouvernance nationale est orient\u00e9e vers la transparence et l\u2019efficacit\u00e9.<\/li>\n<li>Les investissements structurants se multiplient dans les domaines prioritaires que sont les infrastructures, l\u2019\u00e9nergie, l\u2019\u00e9ducation et la sant\u00e9.<\/li>\n<li>Les forces de d\u00e9fense et de s\u00e9curit\u00e9 se professionnalisent pour mieux prot\u00e9ger nos institutions et nos citoyens.<\/li>\n<\/ul>\n<p>Ces acquis traduisent une volont\u00e9 claire : restaurer la souverainet\u00e9 du peuple et b\u00e2tir des institutions solides au service de la R\u00e9publique.<\/p>\n<p>Le r\u00e9f\u00e9rendum constitutionnel pr\u00e9vu le 21 septembre n\u2019est pas une \u201cmascarade\u201d comme certains le pr\u00e9tendent. Il repr\u00e9sente un moment historique o\u00f9 le peuple de Guin\u00e9e d\u00e9cidera, dans la libert\u00e9 et la dignit\u00e9, du cadre institutionnel qui garantira l\u2019alternance, la stabilit\u00e9 et la paix pour les g\u00e9n\u00e9rations futures.<\/p>\n<p>Appeler au boycott de ce scrutin, c\u2019est tourner le dos \u00e0 l\u2019ordre constitutionnel que nous appelons tous de nos v\u0153ux. C\u2019est \u00e9galement nier la possibilit\u00e9 pour les Guin\u00e9ennes et les Guin\u00e9ens de s\u2019exprimer par les urnes, qui demeurent la voie supr\u00eame de la d\u00e9mocratie.<\/p>\n<p>Guin\u00e9ennes, Guin\u00e9ens,<\/p>\n<p>L\u2019avenir de notre nation ne doit pas \u00eatre prisonnier des rancunes ni des ambitions personnelles. Il exige de nous unit\u00e9, courage et responsabilit\u00e9. \u00c0 ceux qui ont eu l\u2019honneur de servir la Guin\u00e9e hier, nous rappelons que la retraite politique est aussi un signe de dignit\u00e9 et de sagesse : c\u00e9der la place aux g\u00e9n\u00e9rations nouvelles est une fa\u00e7on noble de continuer \u00e0 servir la patrie.<\/p>\n<p>C\u2019est ensemble, dans la concorde et la s\u00e9r\u00e9nit\u00e9, que nous devons franchir cette \u00e9tape d\u00e9cisive.<\/p>\n<p>Le 21 septembre, participons massivement au r\u00e9f\u00e9rendum constitutionnel, pour consolider le retour \u00e0 l\u2019ordre constitutionnel et offrir \u00e0 notre pays un avenir de paix, de justice et de progr\u00e8s.<\/p>\n<p>Vive la Guin\u00e9e !<\/p>\n<p>Vive la R\u00e9publique !<\/p>\n<p>Vive le G\u00e9n\u00e9ral de Corps d\u2019Arm\u00e9e Mamadi Doumbouya !<\/p>\n<p>Que Dieu prot\u00e8ge la Guin\u00e9e et b\u00e9nisse des Guin\u00e9ens.<\/p>\n<p>Honorable Cheick Tidiane Traor\u00e9<\/p>\n<p>Vice-coordinateur AFP<\/p>\n<p>&nbsp;<\/p>\n","protected":false},"excerpt":{"rendered":"<p>D\u00e9claration solennelle \u00e0 l\u2019adresse du peuple de Guin\u00e9e Guin\u00e9ennes, Guin\u00e9ens, Chers compatriotes, Depuis le 5 septembre 2021, notre pays a engag\u00e9 une nouvelle \u00e9tape de son histoire. Ce tournant, marqu\u00e9 par la volont\u00e9 de mettre fin aux d\u00e9rives politiques et institutionnelles, n\u2019a pas \u00e9t\u00e9 une rupture contre la Guin\u00e9e, mais une d\u00e9cision courageuse pour la [&hellip;]<\/p>\n","protected":false},"author":2,"featured_media":37409,"comment_status":"open","ping_status":"closed","sticky":false,"template":"","format":"standard","meta":{"buzzeditor_post_format":"","footnotes":""},"categories":[43],"tags":[],"class_list":["post-37408","post","type-post","status-publish","format-standard","has-post-thumbnail","hentry","category-politique"],"jetpack_featured_media_url":"https:\/\/guineechrono.com\/wp-content\/uploads\/2025\/09\/548313975_24555502120758135_452271322328954360_n.jpg","amp_enabled":true,"_links":{"self":[{"href":"https:\/\/guineechrono.com\/index.php\/wp-json\/wp\/v2\/posts\/37408","targetHints":{"allow":["GET"]}}],"collection":[{"href":"https:\/\/guineechrono.com\/index.php\/wp-json\/wp\/v2\/posts"}],"about":[{"href":"https:\/\/guineechrono.com\/index.php\/wp-json\/wp\/v2\/types\/post"}],"author":[{"embeddable":true,"href":"https:\/\/guineechrono.com\/index.php\/wp-json\/wp\/v2\/users\/2"}],"replies":[{"embeddable":true,"href":"https:\/\/guineechrono.com\/index.php\/wp-json\/wp\/v2\/comments?post=37408"}],"version-history":[{"count":1,"href":"https:\/\/guineechrono.com\/index.php\/wp-json\/wp\/v2\/posts\/37408\/revisions"}],"predecessor-version":[{"id":37410,"href":"https:\/\/guineechrono.com\/index.php\/wp-json\/wp\/v2\/posts\/37408\/revisions\/37410"}],"wp:featuredmedia":[{"embeddable":true,"href":"https:\/\/guineechrono.com\/index.php\/wp-json\/wp\/v2\/media\/37409"}],"wp:attachment":[{"href":"https:\/\/guineechrono.com\/index.php\/wp-json\/wp\/v2\/media?parent=37408"}],"wp:term":[{"taxonomy":"category","embeddable":true,"href":"https:\/\/guineechrono.com\/index.php\/wp-json\/wp\/v2\/categories?post=37408"},{"taxonomy":"post_tag","embeddable":true,"href":"https:\/\/guineechrono.com\/index.php\/wp-json\/wp\/v2\/tags?post=37408"}],"curies":[{"name":"wp","href":"https:\/\/api.w.org\/{rel}","templated":true}]}}