{"id":37411,"date":"2025-09-17T18:07:42","date_gmt":"2025-09-17T17:07:42","guid":{"rendered":"https:\/\/guineechrono.com\/?p=37411"},"modified":"2025-09-17T18:49:53","modified_gmt":"2025-09-17T17:49:53","slug":"boffa-une-campagne-referendaire-reussie-grace-a-un-travail-dequipe-et-une-coordination-maitrisee","status":"publish","type":"post","link":"https:\/\/guineechrono.com\/index.php\/boffa-une-campagne-referendaire-reussie-grace-a-un-travail-dequipe-et-une-coordination-maitrisee\/","title":{"rendered":"Boffa : Une campagne r\u00e9f\u00e9rendaire r\u00e9ussie gr\u00e2ce \u00e0 un travail d\u2019\u00e9quipe et une coordination ma\u00eetris\u00e9e"},"content":{"rendered":"<p>Sous le leadership de la coordinatrice pr\u00e9fectorale, Madame Charlotte Daff\u00e9, Ministre de la Promotion f\u00e9minine, de l\u2019Enfance et des Personnes vuln\u00e9rables, la campagne r\u00e9f\u00e9rendaire \u00e0 Boffa s\u2019est sold\u00e9e par un franc succ\u00e8s.<\/p>\n<p>Gr\u00e2ce \u00e0 l\u2019implication des autorit\u00e9s locales, des cadres du minist\u00e8re ainsi que des filles et fils ressortissants de la pr\u00e9fecture, le directoire de campagne a su f\u00e9d\u00e9rer toutes les \u00e9nergies pour un r\u00e9sultat jug\u00e9 tr\u00e8s satisfaisant.<\/p>\n<p><strong>Une mobilisation de terrain impressionnante<\/strong><\/p>\n<p><a href=\"https:\/\/guineechrono.com\/wp-content\/uploads\/2025\/09\/IMG-20250917-WA0031-1.jpg\"><img fetchpriority=\"high\" decoding=\"async\" class=\"alignleft size-medium wp-image-37417\" src=\"https:\/\/guineechrono.com\/wp-content\/uploads\/2025\/09\/IMG-20250917-WA0031-1-300x200.jpg\" alt=\"\" width=\"300\" height=\"200\" srcset=\"https:\/\/guineechrono.com\/wp-content\/uploads\/2025\/09\/IMG-20250917-WA0031-1-300x200.jpg 300w, https:\/\/guineechrono.com\/wp-content\/uploads\/2025\/09\/IMG-20250917-WA0031-1-1024x683.jpg 1024w, https:\/\/guineechrono.com\/wp-content\/uploads\/2025\/09\/IMG-20250917-WA0031-1-768x512.jpg 768w, https:\/\/guineechrono.com\/wp-content\/uploads\/2025\/09\/IMG-20250917-WA0031-1-696x464.jpg 696w, https:\/\/guineechrono.com\/wp-content\/uploads\/2025\/09\/IMG-20250917-WA0031-1-630x420.jpg 630w, https:\/\/guineechrono.com\/wp-content\/uploads\/2025\/09\/IMG-20250917-WA0031-1.jpg 1032w\" sizes=\"(max-width: 300px) 100vw, 300px\" \/><\/a><br \/>\nPendant plusieurs jours, l\u2019\u00e9quipe de campagne a sillonn\u00e9 toutes les sous-pr\u00e9fectures de Boffa de Tamita \u00e0 Koba, en passant par Lisso, Colia, Tougnifily, Mankountan, Douprou, Mintany.<br \/>\nPartout, l\u2019accueil fut chaleureux et empreint d\u2019enthousiasme : populations en liesse, chants, danses et discours vibrants en faveur du OUI. Cette ferveur populaire traduit la d\u00e9termination des habitants de Boffa \u00e0 participer massivement au scrutin et \u00e0 voter en faveur du changement.<\/p>\n<p><strong>Des r\u00e9sultats encourageants avant le scrutin<\/strong><\/p>\n<p><a href=\"https:\/\/guineechrono.com\/wp-content\/uploads\/2025\/09\/IMG-20250917-WA0029.jpg\"><img decoding=\"async\" class=\"alignleft size-medium wp-image-37416\" src=\"https:\/\/guineechrono.com\/wp-content\/uploads\/2025\/09\/IMG-20250917-WA0029-300x200.jpg\" alt=\"\" width=\"300\" height=\"200\" srcset=\"https:\/\/guineechrono.com\/wp-content\/uploads\/2025\/09\/IMG-20250917-WA0029-300x200.jpg 300w, https:\/\/guineechrono.com\/wp-content\/uploads\/2025\/09\/IMG-20250917-WA0029-1024x683.jpg 1024w, https:\/\/guineechrono.com\/wp-content\/uploads\/2025\/09\/IMG-20250917-WA0029-768x512.jpg 768w, https:\/\/guineechrono.com\/wp-content\/uploads\/2025\/09\/IMG-20250917-WA0029-696x464.jpg 696w, https:\/\/guineechrono.com\/wp-content\/uploads\/2025\/09\/IMG-20250917-WA0029-630x420.jpg 630w, https:\/\/guineechrono.com\/wp-content\/uploads\/2025\/09\/IMG-20250917-WA0029.jpg 1032w\" sizes=\"(max-width: 300px) 100vw, 300px\" \/><\/a><\/p>\n<p>Se f\u00e9licitant de cette mobilisation, Madame la Ministre Charlotte Daff\u00e9 a salu\u00e9 l\u2019engouement observ\u00e9 autour du retrait des cartes d\u2019\u00e9lecteurs.<br \/>\n\u00ab Plus de 97 % des citoyens recens\u00e9s ont d\u00e9j\u00e0 r\u00e9cup\u00e9r\u00e9 leur carte. Nous invitons les derniers retardataires \u00e0 faire de m\u00eame afin de garantir une participation exemplaire \u00bb, a-t-elle d\u00e9clar\u00e9.<br \/>\nCette \u00e9tape d\u00e9cisive est consid\u00e9r\u00e9e comme un gage de succ\u00e8s pour le jour du vote.<\/p>\n<p><a href=\"https:\/\/guineechrono.com\/wp-content\/uploads\/2025\/09\/IMG-20250917-WA0026.jpg\"><img decoding=\"async\" class=\"alignleft size-medium wp-image-37415\" src=\"https:\/\/guineechrono.com\/wp-content\/uploads\/2025\/09\/IMG-20250917-WA0026-300x200.jpg\" alt=\"\" width=\"300\" height=\"200\" srcset=\"https:\/\/guineechrono.com\/wp-content\/uploads\/2025\/09\/IMG-20250917-WA0026-300x200.jpg 300w, https:\/\/guineechrono.com\/wp-content\/uploads\/2025\/09\/IMG-20250917-WA0026-1024x683.jpg 1024w, https:\/\/guineechrono.com\/wp-content\/uploads\/2025\/09\/IMG-20250917-WA0026-768x512.jpg 768w, https:\/\/guineechrono.com\/wp-content\/uploads\/2025\/09\/IMG-20250917-WA0026-696x464.jpg 696w, https:\/\/guineechrono.com\/wp-content\/uploads\/2025\/09\/IMG-20250917-WA0026-630x420.jpg 630w, https:\/\/guineechrono.com\/wp-content\/uploads\/2025\/09\/IMG-20250917-WA0026.jpg 1032w\" sizes=\"(max-width: 300px) 100vw, 300px\" \/><\/a><\/p>\n<p><strong>Un succ\u00e8s collectif sous une coordination ma\u00eetris\u00e9e<\/strong><\/p>\n<p>Ce r\u00e9sultat n\u2019aurait pas \u00e9t\u00e9 possible sans un travail d\u2019\u00e9quipe remarquable, men\u00e9 avec rigueur et m\u00e9thode. Sous la coordination de Madame Charlotte Daff\u00e9, le directoire de campagne a r\u00e9ussi \u00e0 cr\u00e9er une v\u00e9ritable synergie entre les acteurs locaux, les leaders communautaires et la jeunesse.<\/p>\n<p><a href=\"https:\/\/guineechrono.com\/wp-content\/uploads\/2025\/09\/IMG-20250917-WA0016-1.jpg\"><img loading=\"lazy\" decoding=\"async\" class=\"alignleft size-medium wp-image-37414\" src=\"https:\/\/guineechrono.com\/wp-content\/uploads\/2025\/09\/IMG-20250917-WA0016-1-300x200.jpg\" alt=\"\" width=\"300\" height=\"200\" srcset=\"https:\/\/guineechrono.com\/wp-content\/uploads\/2025\/09\/IMG-20250917-WA0016-1-300x200.jpg 300w, https:\/\/guineechrono.com\/wp-content\/uploads\/2025\/09\/IMG-20250917-WA0016-1-1024x683.jpg 1024w, https:\/\/guineechrono.com\/wp-content\/uploads\/2025\/09\/IMG-20250917-WA0016-1-768x512.jpg 768w, https:\/\/guineechrono.com\/wp-content\/uploads\/2025\/09\/IMG-20250917-WA0016-1-696x464.jpg 696w, https:\/\/guineechrono.com\/wp-content\/uploads\/2025\/09\/IMG-20250917-WA0016-1-630x420.jpg 630w, https:\/\/guineechrono.com\/wp-content\/uploads\/2025\/09\/IMG-20250917-WA0016-1.jpg 1032w\" sizes=\"(max-width: 300px) 100vw, 300px\" \/><\/a><\/p>\n<p>Cette approche inclusive et participative a permis de transformer la campagne en un v\u00e9ritable moment d\u2019unit\u00e9 et d\u2019adh\u00e9sion populaire, illustrant l\u2019engagement de la pr\u00e9fecture de Boffa en faveur du projet soumis au r\u00e9f\u00e9rendum.<\/p>\n<p><a href=\"https:\/\/guineechrono.com\/wp-content\/uploads\/2025\/09\/IMG-20250917-WA0031.jpg\"><img loading=\"lazy\" decoding=\"async\" class=\"alignleft size-medium wp-image-37413\" src=\"https:\/\/guineechrono.com\/wp-content\/uploads\/2025\/09\/IMG-20250917-WA0031-300x200.jpg\" alt=\"\" width=\"300\" height=\"200\" srcset=\"https:\/\/guineechrono.com\/wp-content\/uploads\/2025\/09\/IMG-20250917-WA0031-300x200.jpg 300w, https:\/\/guineechrono.com\/wp-content\/uploads\/2025\/09\/IMG-20250917-WA0031-1024x683.jpg 1024w, https:\/\/guineechrono.com\/wp-content\/uploads\/2025\/09\/IMG-20250917-WA0031-768x512.jpg 768w, https:\/\/guineechrono.com\/wp-content\/uploads\/2025\/09\/IMG-20250917-WA0031-696x464.jpg 696w, https:\/\/guineechrono.com\/wp-content\/uploads\/2025\/09\/IMG-20250917-WA0031-630x420.jpg 630w, https:\/\/guineechrono.com\/wp-content\/uploads\/2025\/09\/IMG-20250917-WA0031.jpg 1032w\" sizes=\"(max-width: 300px) 100vw, 300px\" \/><\/a><\/p>\n<p>Boffa peut se targuer d\u2019avoir men\u00e9 une campagne exemplaire, symbole de mobilisation citoyenne et de r\u00e9ussite collective, gr\u00e2ce \u00e0 un leadership inspirant et une organisation sans faille.<\/p>\n<p><strong>Service Communication et des Relations Publiques.<\/strong><\/p>\n","protected":false},"excerpt":{"rendered":"<p>Sous le leadership de la coordinatrice pr\u00e9fectorale, Madame Charlotte Daff\u00e9, Ministre de la Promotion f\u00e9minine, de l\u2019Enfance et des Personnes vuln\u00e9rables, la campagne r\u00e9f\u00e9rendaire \u00e0 Boffa s\u2019est sold\u00e9e par un franc succ\u00e8s. Gr\u00e2ce \u00e0 l\u2019implication des autorit\u00e9s locales, des cadres du minist\u00e8re ainsi que des filles et fils ressortissants de la pr\u00e9fecture, le directoire de [&hellip;]<\/p>\n","protected":false},"author":2,"featured_media":37412,"comment_status":"open","ping_status":"closed","sticky":false,"template":"","format":"standard","meta":{"buzzeditor_post_format":"","footnotes":""},"categories":[44,2],"tags":[],"class_list":["post-37411","post","type-post","status-publish","format-standard","has-post-thumbnail","hentry","category-economie","category-featured"],"jetpack_featured_media_url":"https:\/\/guineechrono.com\/wp-content\/uploads\/2025\/09\/IMG-20250917-WA0024.jpg","amp_enabled":true,"_links":{"self":[{"href":"https:\/\/guineechrono.com\/index.php\/wp-json\/wp\/v2\/posts\/37411","targetHints":{"allow":["GET"]}}],"collection":[{"href":"https:\/\/guineechrono.com\/index.php\/wp-json\/wp\/v2\/posts"}],"about":[{"href":"https:\/\/guineechrono.com\/index.php\/wp-json\/wp\/v2\/types\/post"}],"author":[{"embeddable":true,"href":"https:\/\/guineechrono.com\/index.php\/wp-json\/wp\/v2\/users\/2"}],"replies":[{"embeddable":true,"href":"https:\/\/guineechrono.com\/index.php\/wp-json\/wp\/v2\/comments?post=37411"}],"version-history":[{"count":2,"href":"https:\/\/guineechrono.com\/index.php\/wp-json\/wp\/v2\/posts\/37411\/revisions"}],"predecessor-version":[{"id":37419,"href":"https:\/\/guineechrono.com\/index.php\/wp-json\/wp\/v2\/posts\/37411\/revisions\/37419"}],"wp:featuredmedia":[{"embeddable":true,"href":"https:\/\/guineechrono.com\/index.php\/wp-json\/wp\/v2\/media\/37412"}],"wp:attachment":[{"href":"https:\/\/guineechrono.com\/index.php\/wp-json\/wp\/v2\/media?parent=37411"}],"wp:term":[{"taxonomy":"category","embeddable":true,"href":"https:\/\/guineechrono.com\/index.php\/wp-json\/wp\/v2\/categories?post=37411"},{"taxonomy":"post_tag","embeddable":true,"href":"https:\/\/guineechrono.com\/index.php\/wp-json\/wp\/v2\/tags?post=37411"}],"curies":[{"name":"wp","href":"https:\/\/api.w.org\/{rel}","templated":true}]}}