{"id":3742,"date":"2019-04-15T10:36:59","date_gmt":"2019-04-15T09:36:59","guid":{"rendered":"http:\/\/guineechrono.com\/?p=3742"},"modified":"2019-04-15T10:36:59","modified_gmt":"2019-04-15T09:36:59","slug":"france-emmanuel-macron-va-sexprimer-ce-lundi-a-20h","status":"publish","type":"post","link":"https:\/\/guineechrono.com\/index.php\/france-emmanuel-macron-va-sexprimer-ce-lundi-a-20h\/","title":{"rendered":"France: Emmanuel Macron va s&rsquo;exprimer ce lundi \u00e0 20h"},"content":{"rendered":"<p><strong>L\u2019heure des choix et des annonces a sonn\u00e9 pour Emmanuel Macron. Le pr\u00e9sident s&rsquo;exprimera ce lundi 15 avril \u00e0 20h00 \u00e0 la t\u00e9l\u00e9vision sur les suites du grand d\u00e9bat national organis\u00e9 en r\u00e9ponse \u00e0 la crise des \u00ab\u00a0gilets jaunes\u00a0\u00bb qui dure depuis cinq mois. Il r\u00e9pondra ensuite aux questions des journalistes lors d\u2019une conf\u00e9rence de presse mercredi.<\/strong><\/p>\n<p>Emmanuel Macron a tenu son engagement de tirer les conclusions du grand d\u00e9bat national mi-avril. Il va s\u2019exprimer lundi soir lors d\u2019une allocution durant laquelle il doit annoncer les \u00ab\u00a0<em>chantiers d\u2019action prioritaires\u00a0<\/em>\u00bb et les \u00ab\u00a0<em>premi\u00e8res mesures concr\u00e8tes en r\u00e9ponse aux pr\u00e9occupations soulev\u00e9es dans le cadre du grand d\u00e9bat national\u00a0<\/em>\u00bb.<\/p>\n<p>Le pr\u00e9sident a choisi de donner la priorit\u00e9 \u00e0 une expression solennelle directement destin\u00e9e aux Fran\u00e7ais. Mais il a aussi d\u00e9cid\u00e9 et c\u2019est une innovation depuis son \u00e9lection, d\u2019organiser une conf\u00e9rence de presse, la premi\u00e8re du quinquennat, pour r\u00e9pondre \u00e0 toutes les questions dans le d\u00e9tail. Une op\u00e9ration de communication tr\u00e8s cadr\u00e9e.<\/p>\n<p>Changement de m\u00e9thode donc pour un changement de logiciel. Car cette sortie du grand d\u00e9bat est bien \u00e9videmment un moment crucial pour le chef de l\u2019\u00c9tat qui veut engager un nouvel acte de son quinquennat et tourner la page des \u00ab\u00a0gilets jaunes\u00a0\u00bb.<\/p>\n<p>Une transformation pour laquelle il attend une mobilisation tr\u00e8s forte du gouvernement convoqu\u00e9 \u00e0 l\u2019\u00c9lys\u00e9e \u00e0 la veille des annonces. Cette fois-ci Emmanuel Macron essaie de ne rien laisser au hasard, car il sait qu\u2019il n\u2019a pas le droit \u00e0 l\u2019erreur.<\/p>\n<p>En attendant, rien ne filtre des d\u00e9cisions du chef de l\u2019\u00c9tat. Bien s\u00fbr, il y a des pistes \u00e9voqu\u00e9es comme probables qui correspondent aux attentes exprim\u00e9es lors du grand d\u00e9bat. Des mesures sur le pouvoir d\u2019achat en faveur des retrait\u00e9s, des familles monoparentales aussi, des mesures destin\u00e9es \u00e0 am\u00e9liorer le fonctionnement d\u00e9mocratique ou \u00e0 favoriser la transition \u00e9cologique et puis surtout des mesures fiscales.<\/p>\n<p><strong>Rfi.fr<\/strong><\/p>\n","protected":false},"excerpt":{"rendered":"<p>L\u2019heure des choix et des annonces a sonn\u00e9 pour Emmanuel Macron. Le pr\u00e9sident s&rsquo;exprimera ce lundi 15 avril \u00e0 20h00 \u00e0 la t\u00e9l\u00e9vision sur les suites du grand d\u00e9bat national organis\u00e9 en r\u00e9ponse \u00e0 la crise des \u00ab\u00a0gilets jaunes\u00a0\u00bb qui dure depuis cinq mois. Il r\u00e9pondra ensuite aux questions des journalistes lors d\u2019une conf\u00e9rence de [&hellip;]<\/p>\n","protected":false},"author":2,"featured_media":3743,"comment_status":"open","ping_status":"closed","sticky":false,"template":"","format":"standard","meta":{"buzzeditor_post_format":"","footnotes":""},"categories":[1],"tags":[],"class_list":["post-3742","post","type-post","status-publish","format-standard","has-post-thumbnail","hentry","category-non-classe"],"jetpack_featured_media_url":"https:\/\/guineechrono.com\/wp-content\/uploads\/2019\/04\/macron.jpg","amp_enabled":true,"_links":{"self":[{"href":"https:\/\/guineechrono.com\/index.php\/wp-json\/wp\/v2\/posts\/3742","targetHints":{"allow":["GET"]}}],"collection":[{"href":"https:\/\/guineechrono.com\/index.php\/wp-json\/wp\/v2\/posts"}],"about":[{"href":"https:\/\/guineechrono.com\/index.php\/wp-json\/wp\/v2\/types\/post"}],"author":[{"embeddable":true,"href":"https:\/\/guineechrono.com\/index.php\/wp-json\/wp\/v2\/users\/2"}],"replies":[{"embeddable":true,"href":"https:\/\/guineechrono.com\/index.php\/wp-json\/wp\/v2\/comments?post=3742"}],"version-history":[{"count":0,"href":"https:\/\/guineechrono.com\/index.php\/wp-json\/wp\/v2\/posts\/3742\/revisions"}],"wp:featuredmedia":[{"embeddable":true,"href":"https:\/\/guineechrono.com\/index.php\/wp-json\/wp\/v2\/media\/3743"}],"wp:attachment":[{"href":"https:\/\/guineechrono.com\/index.php\/wp-json\/wp\/v2\/media?parent=3742"}],"wp:term":[{"taxonomy":"category","embeddable":true,"href":"https:\/\/guineechrono.com\/index.php\/wp-json\/wp\/v2\/categories?post=3742"},{"taxonomy":"post_tag","embeddable":true,"href":"https:\/\/guineechrono.com\/index.php\/wp-json\/wp\/v2\/tags?post=3742"}],"curies":[{"name":"wp","href":"https:\/\/api.w.org\/{rel}","templated":true}]}}