{"id":37420,"date":"2025-09-17T22:31:40","date_gmt":"2025-09-17T21:31:40","guid":{"rendered":"https:\/\/guineechrono.com\/?p=37420"},"modified":"2025-09-18T10:04:25","modified_gmt":"2025-09-18T09:04:25","slug":"dubreka-le-sous-prefet-de-ouassou-remercie-le-president-mamadi-doumbouya-apres-la-dotation-en-vehicules-de-commandement","status":"publish","type":"post","link":"https:\/\/guineechrono.com\/index.php\/dubreka-le-sous-prefet-de-ouassou-remercie-le-president-mamadi-doumbouya-apres-la-dotation-en-vehicules-de-commandement\/","title":{"rendered":"Dubr\u00e9ka : Le sous-pr\u00e9fet de Ouassou remercie le pr\u00e9sident Mamadi Doumbouya apr\u00e8s la dotation en v\u00e9hicules de commandement"},"content":{"rendered":"<p>Dans le cadre du renforcement de l&rsquo;autorit\u00e9 de l&rsquo;\u00c9tat et de la redynamisation de l&rsquo;administration territoriale, le pr\u00e9sident de la R\u00e9publique, le G\u00e9n\u00e9ral Mamadi Doumbouya, a proc\u00e9d\u00e9 \u00e0 la dotation de v\u00e9hicules de commandement \u00e0 l\u2019ensemble des 332 sous-pr\u00e9fets de Guin\u00e9e. Une premi\u00e8re historique dans le pays.<\/p>\n<p>\u00c0 Ouassou, dans la pr\u00e9fecture de Dubr\u00e9ka, le sous-pr\u00e9fet Commandant Mohamed Bara Tour\u00e9 s\u2019est exprim\u00e9 avec fiert\u00e9 et gratitude. Interrog\u00e9 par notre reporter, il n\u2019a pas manqu\u00e9 de remercier le chef de l\u2019\u00c9tat pour ce geste symbolique et fort.<\/p>\n<p><strong>\u00ab Mes remerciements vont d\u2019abord au Tout-Puissant Allah, ensuite au bienfaiteur, le pr\u00e9sident de la R\u00e9publique, le G\u00e9n\u00e9ral Mamadi Doumbouya, qui ne m\u00e9nage aucun effort pour renforcer l\u2019autorit\u00e9 de l\u2019\u00c9tat \u00e0 travers nous, les autorit\u00e9s territoriales. Depuis le 5 septembre 2021, il tient parole en r\u00e9alisant les engagements qu\u2019il a pris envers le peuple. Nous sommes tr\u00e8s satisfaits de cette dotation, une premi\u00e8re dans l\u2019histoire de notre pays \u00bb,<\/strong> a-t-il d\u00e9clar\u00e9.<\/p>\n<p>Le Commandant Bara Tour\u00e9 a \u00e9galement salu\u00e9 la vision du pr\u00e9sident de la R\u00e9publique pour le d\u00e9veloppement local, en soulignant les nombreux acquis obtenus dans sa sous-pr\u00e9fecture depuis l&rsquo;arriv\u00e9e du CNRD au pouvoir.<\/p>\n<p><strong>\u00ab Gr\u00e2ce \u00e0 l\u2019ANAFIC, des fonds ont \u00e9t\u00e9 octroy\u00e9s \u00e0 notre commune, ce qui a permis la r\u00e9alisation de nombreuses infrastructures : maisons des jeunes, \u00e9coles construites ou r\u00e9nov\u00e9es, forages d\u2019eau potable dans plusieurs districts&#8230; Nous avons \u00e9galement assist\u00e9 \u00e0 la pose de la premi\u00e8re pierre de toilettes publiques au march\u00e9 de Kouriah et \u00e0 la construction d\u2019un nouveau forage \u00e0 Gu\u00e9m\u00e9t\u00e9d\u00e8, dans le district de Sarrayah. Et bient\u00f4t, d\u2019autres projets verront le jour, notamment la route entre Kagbelen et Tan\u00e8n\u00e8 \u00bb,<\/strong> a-t-il d\u00e9taill\u00e9.<\/p>\n<p><a href=\"https:\/\/guineechrono.com\/wp-content\/uploads\/2025\/09\/IMG-20250918-WA0018-1.jpg\"><img fetchpriority=\"high\" decoding=\"async\" class=\"alignleft size-medium wp-image-37433\" src=\"https:\/\/guineechrono.com\/wp-content\/uploads\/2025\/09\/IMG-20250918-WA0018-1-300x169.jpg\" alt=\"\" width=\"300\" height=\"169\" srcset=\"https:\/\/guineechrono.com\/wp-content\/uploads\/2025\/09\/IMG-20250918-WA0018-1-300x169.jpg 300w, https:\/\/guineechrono.com\/wp-content\/uploads\/2025\/09\/IMG-20250918-WA0018-1-768x432.jpg 768w, https:\/\/guineechrono.com\/wp-content\/uploads\/2025\/09\/IMG-20250918-WA0018-1-696x391.jpg 696w, https:\/\/guineechrono.com\/wp-content\/uploads\/2025\/09\/IMG-20250918-WA0018-1-747x420.jpg 747w, https:\/\/guineechrono.com\/wp-content\/uploads\/2025\/09\/IMG-20250918-WA0018-1.jpg 1000w\" sizes=\"(max-width: 300px) 100vw, 300px\" \/><\/a><\/p>\n<p>&nbsp;<\/p>\n<p>&nbsp;<\/p>\n<p>&nbsp;<\/p>\n<p>Abordant la question du <strong>r\u00e9f\u00e9rendum pr\u00e9vu le 21 septembre 2025<\/strong>, le sous-pr\u00e9fet de Ouassou a appel\u00e9 les populations locales \u00e0 se mobiliser massivement pour soutenir les r\u00e9formes engag\u00e9es par le chef de l\u2019\u00c9tat.<\/p>\n<p><strong>\u00ab La population est calme, sereine, et suit avec attention les actes pos\u00e9s par le pr\u00e9sident. Nous demandons \u00e0 tous les citoyens de soutenir le r\u00e9f\u00e9rendum et de voter massivement \u2018Oui\u2019. Ici \u00e0 Ouassou Bouramayah, nous sommes pr\u00eats \u00e0 atteindre les 100 % \u00bb,<\/strong> a-t-il assur\u00e9.<\/p>\n<p><a href=\"https:\/\/guineechrono.com\/wp-content\/uploads\/2025\/09\/IMG-20250918-WA0019.jpg\"><img decoding=\"async\" class=\"alignleft size-medium wp-image-37434\" src=\"https:\/\/guineechrono.com\/wp-content\/uploads\/2025\/09\/IMG-20250918-WA0019-300x169.jpg\" alt=\"\" width=\"300\" height=\"169\" srcset=\"https:\/\/guineechrono.com\/wp-content\/uploads\/2025\/09\/IMG-20250918-WA0019-300x169.jpg 300w, https:\/\/guineechrono.com\/wp-content\/uploads\/2025\/09\/IMG-20250918-WA0019-768x432.jpg 768w, https:\/\/guineechrono.com\/wp-content\/uploads\/2025\/09\/IMG-20250918-WA0019-696x391.jpg 696w, https:\/\/guineechrono.com\/wp-content\/uploads\/2025\/09\/IMG-20250918-WA0019-747x420.jpg 747w, https:\/\/guineechrono.com\/wp-content\/uploads\/2025\/09\/IMG-20250918-WA0019.jpg 1000w\" sizes=\"(max-width: 300px) 100vw, 300px\" \/><\/a><\/p>\n<p>&nbsp;<\/p>\n<p>&nbsp;<\/p>\n<p>&nbsp;<\/p>\n<p>Avant de conclure, il a renouvel\u00e9 ses remerciements au pr\u00e9sident Doumbouya, au Premier ministre Amadou Oury Bah, au ministre de la D\u00e9centralisation, au ministre de la S\u00e9curit\u00e9 ainsi qu\u2019\u00e0 l\u2019ensemble du gouvernement pour les efforts fournis en faveur du d\u00e9veloppement et de la stabilit\u00e9 du pays.<\/p>\n<p><strong>Mohamed Lamine Dram\u00e9<\/strong><\/p>\n<p><strong>\u00a0<\/strong><\/p>\n","protected":false},"excerpt":{"rendered":"<p>Dans le cadre du renforcement de l&rsquo;autorit\u00e9 de l&rsquo;\u00c9tat et de la redynamisation de l&rsquo;administration territoriale, le pr\u00e9sident de la R\u00e9publique, le G\u00e9n\u00e9ral Mamadi Doumbouya, a proc\u00e9d\u00e9 \u00e0 la dotation de v\u00e9hicules de commandement \u00e0 l\u2019ensemble des 332 sous-pr\u00e9fets de Guin\u00e9e. Une premi\u00e8re historique dans le pays. \u00c0 Ouassou, dans la pr\u00e9fecture de Dubr\u00e9ka, le [&hellip;]<\/p>\n","protected":false},"author":2,"featured_media":37432,"comment_status":"open","ping_status":"closed","sticky":false,"template":"","format":"standard","meta":{"buzzeditor_post_format":"","footnotes":""},"categories":[42],"tags":[],"class_list":["post-37420","post","type-post","status-publish","format-standard","has-post-thumbnail","hentry","category-news"],"jetpack_featured_media_url":"https:\/\/guineechrono.com\/wp-content\/uploads\/2025\/09\/IMG-20250918-WA0018.jpg","amp_enabled":true,"_links":{"self":[{"href":"https:\/\/guineechrono.com\/index.php\/wp-json\/wp\/v2\/posts\/37420","targetHints":{"allow":["GET"]}}],"collection":[{"href":"https:\/\/guineechrono.com\/index.php\/wp-json\/wp\/v2\/posts"}],"about":[{"href":"https:\/\/guineechrono.com\/index.php\/wp-json\/wp\/v2\/types\/post"}],"author":[{"embeddable":true,"href":"https:\/\/guineechrono.com\/index.php\/wp-json\/wp\/v2\/users\/2"}],"replies":[{"embeddable":true,"href":"https:\/\/guineechrono.com\/index.php\/wp-json\/wp\/v2\/comments?post=37420"}],"version-history":[{"count":3,"href":"https:\/\/guineechrono.com\/index.php\/wp-json\/wp\/v2\/posts\/37420\/revisions"}],"predecessor-version":[{"id":37435,"href":"https:\/\/guineechrono.com\/index.php\/wp-json\/wp\/v2\/posts\/37420\/revisions\/37435"}],"wp:featuredmedia":[{"embeddable":true,"href":"https:\/\/guineechrono.com\/index.php\/wp-json\/wp\/v2\/media\/37432"}],"wp:attachment":[{"href":"https:\/\/guineechrono.com\/index.php\/wp-json\/wp\/v2\/media?parent=37420"}],"wp:term":[{"taxonomy":"category","embeddable":true,"href":"https:\/\/guineechrono.com\/index.php\/wp-json\/wp\/v2\/categories?post=37420"},{"taxonomy":"post_tag","embeddable":true,"href":"https:\/\/guineechrono.com\/index.php\/wp-json\/wp\/v2\/tags?post=37420"}],"curies":[{"name":"wp","href":"https:\/\/api.w.org\/{rel}","templated":true}]}}