{"id":37436,"date":"2025-09-18T11:59:19","date_gmt":"2025-09-18T10:59:19","guid":{"rendered":"https:\/\/guineechrono.com\/?p=37436"},"modified":"2025-09-18T11:59:19","modified_gmt":"2025-09-18T10:59:19","slug":"guinee-dr-sekou-koureissy-conde-nomme-president-de-lobservatoire-national-autonome-de-supervision-du-referendum","status":"publish","type":"post","link":"https:\/\/guineechrono.com\/index.php\/guinee-dr-sekou-koureissy-conde-nomme-president-de-lobservatoire-national-autonome-de-supervision-du-referendum\/","title":{"rendered":"Guin\u00e9e : Dr S\u00e9kou Koureissy Cond\u00e9 nomm\u00e9 pr\u00e9sident de l\u2019Observatoire national autonome de supervision du r\u00e9f\u00e9rendum"},"content":{"rendered":"<p>Par d\u00e9cret pr\u00e9sidentiel lu dans la nuit du mercredi \u00e0 jeudi 18 septembre 2025 sur les ondes de la <strong>Radio T\u00e9l\u00e9vision Guin\u00e9enne (RTG)<\/strong>, <strong>Dr S\u00e9kou Koureissy Cond\u00e9<\/strong> a \u00e9t\u00e9 nomm\u00e9 <strong>pr\u00e9sident de l\u2019Observatoire national autonome de supervision du r\u00e9f\u00e9rendum<\/strong>. Cette instance aura pour mission d\u2019assurer la r\u00e9gularit\u00e9, la transparence et la cr\u00e9dibilit\u00e9 du <strong>r\u00e9f\u00e9rendum pr\u00e9vu le 21 septembre 2025<\/strong>.<\/p>\n<p>Cette nomination intervient \u00e0 un moment crucial du processus politique en Guin\u00e9e. Elle marque la volont\u00e9 affich\u00e9e des autorit\u00e9s de renforcer la confiance des citoyens et des partenaires internationaux dans l&rsquo;organisation du scrutin.<\/p>\n<p>Ancien <strong>ministre de la S\u00e9curit\u00e9<\/strong> et <strong>ancien M\u00e9diateur de la R\u00e9publique<\/strong>, Dr Cond\u00e9 est une figure bien connue du paysage politique et intellectuel guin\u00e9en. Il est \u00e9galement <strong>consultant international<\/strong>, <strong>professeur en analyses socio-politiques et socioculturelles des conflits en Afrique<\/strong>, et <strong>coordinateur du Forum de dialogue citoyen de Guin\u00e9e<\/strong>. Au fil des ann\u00e9es, il s\u2019est impos\u00e9 comme un acteur cl\u00e9 dans la pr\u00e9vention et la gestion des crises, tant en Guin\u00e9e que dans plusieurs pays africains.<\/p>\n<p>Sa nomination est per\u00e7ue par de nombreux observateurs comme une reconnaissance de son engagement en faveur de la paix, du dialogue et de l\u2019int\u00e9r\u00eat g\u00e9n\u00e9ral. Elle pourrait \u00e9galement contribuer \u00e0 apaiser les tensions et \u00e0 garantir un climat serein dans la perspective du r\u00e9f\u00e9rendum.<\/p>\n<p>L\u2019Observatoire, sous sa pr\u00e9sidence, sera charg\u00e9 de superviser l\u2019ensemble du processus r\u00e9f\u00e9rendaire, de veiller au respect des normes \u00e9lectorales et de rassurer l\u2019opinion publique sur la l\u00e9gitimit\u00e9 des r\u00e9sultats issus des urnes.<\/p>\n<p><strong>R\u00e9daction <\/strong><\/p>\n<p>&nbsp;<\/p>\n","protected":false},"excerpt":{"rendered":"<p>Par d\u00e9cret pr\u00e9sidentiel lu dans la nuit du mercredi \u00e0 jeudi 18 septembre 2025 sur les ondes de la Radio T\u00e9l\u00e9vision Guin\u00e9enne (RTG), Dr S\u00e9kou Koureissy Cond\u00e9 a \u00e9t\u00e9 nomm\u00e9 pr\u00e9sident de l\u2019Observatoire national autonome de supervision du r\u00e9f\u00e9rendum. Cette instance aura pour mission d\u2019assurer la r\u00e9gularit\u00e9, la transparence et la cr\u00e9dibilit\u00e9 du r\u00e9f\u00e9rendum pr\u00e9vu [&hellip;]<\/p>\n","protected":false},"author":2,"featured_media":37437,"comment_status":"open","ping_status":"closed","sticky":false,"template":"","format":"standard","meta":{"buzzeditor_post_format":"","footnotes":""},"categories":[42],"tags":[],"class_list":["post-37436","post","type-post","status-publish","format-standard","has-post-thumbnail","hentry","category-news"],"jetpack_featured_media_url":"https:\/\/guineechrono.com\/wp-content\/uploads\/2025\/09\/kourressi.jpg","amp_enabled":true,"_links":{"self":[{"href":"https:\/\/guineechrono.com\/index.php\/wp-json\/wp\/v2\/posts\/37436","targetHints":{"allow":["GET"]}}],"collection":[{"href":"https:\/\/guineechrono.com\/index.php\/wp-json\/wp\/v2\/posts"}],"about":[{"href":"https:\/\/guineechrono.com\/index.php\/wp-json\/wp\/v2\/types\/post"}],"author":[{"embeddable":true,"href":"https:\/\/guineechrono.com\/index.php\/wp-json\/wp\/v2\/users\/2"}],"replies":[{"embeddable":true,"href":"https:\/\/guineechrono.com\/index.php\/wp-json\/wp\/v2\/comments?post=37436"}],"version-history":[{"count":1,"href":"https:\/\/guineechrono.com\/index.php\/wp-json\/wp\/v2\/posts\/37436\/revisions"}],"predecessor-version":[{"id":37438,"href":"https:\/\/guineechrono.com\/index.php\/wp-json\/wp\/v2\/posts\/37436\/revisions\/37438"}],"wp:featuredmedia":[{"embeddable":true,"href":"https:\/\/guineechrono.com\/index.php\/wp-json\/wp\/v2\/media\/37437"}],"wp:attachment":[{"href":"https:\/\/guineechrono.com\/index.php\/wp-json\/wp\/v2\/media?parent=37436"}],"wp:term":[{"taxonomy":"category","embeddable":true,"href":"https:\/\/guineechrono.com\/index.php\/wp-json\/wp\/v2\/categories?post=37436"},{"taxonomy":"post_tag","embeddable":true,"href":"https:\/\/guineechrono.com\/index.php\/wp-json\/wp\/v2\/tags?post=37436"}],"curies":[{"name":"wp","href":"https:\/\/api.w.org\/{rel}","templated":true}]}}