{"id":37439,"date":"2025-09-18T16:38:14","date_gmt":"2025-09-18T15:38:14","guid":{"rendered":"https:\/\/guineechrono.com\/?p=37439"},"modified":"2025-09-18T16:38:14","modified_gmt":"2025-09-18T15:38:14","slug":"guinee-lordre-national-des-pharmaciens-salue-les-actions-du-cnrd-en-faveur-de-la-sante","status":"publish","type":"post","link":"https:\/\/guineechrono.com\/index.php\/guinee-lordre-national-des-pharmaciens-salue-les-actions-du-cnrd-en-faveur-de-la-sante\/","title":{"rendered":"Guin\u00e9e : l\u2019Ordre National des Pharmaciens salue les actions du CNRD en faveur de la sant\u00e9"},"content":{"rendered":"<p><strong>L\u2019Ordre National des Pharmaciens de Guin\u00e9e (ONPG), sous la pr\u00e9sidence du Dr Yamoussa Youla, a tenu une importante d\u00e9claration ce jeudi 18 septembre 2025 \u00e0 la Maison Commune des Journalistes de Conakry. <\/strong><\/p>\n<p>Cette prise de parole visait \u00e0 reconna\u00eetre les avanc\u00e9es significatives r\u00e9alis\u00e9es par le Comit\u00e9 National du Rassemblement pour le D\u00e9veloppement (CNRD) dans le secteur pharmaceutique et \u00e0 exprimer son soutien au projet de nouvelle Constitution, en particulier \u00e0 l\u2019article 22 consacr\u00e9 \u00e0 la Couverture Sant\u00e9 Universelle.<\/p>\n<p>Lors de cette rencontre, le Dr Youla a salu\u00e9 les actions men\u00e9es par le Chef de l\u2019\u00c9tat, le G\u00e9n\u00e9ral Mamadi Doumbouya, pour l\u2019assainissement du secteur de la sant\u00e9, une initiative jug\u00e9e sans pr\u00e9c\u00e9dent depuis plus de trente ans. Il a notamment rappel\u00e9 les r\u00e9sultats concrets obtenus par le minist\u00e8re de la Sant\u00e9 et de l\u2019Hygi\u00e8ne Publique, citant la saisie et l\u2019incin\u00e9ration de plus de 400 conteneurs de faux m\u00e9dicaments, le d\u00e9mant\u00e8lement de 839 boutiques et points de vente ill\u00e9gaux, notamment dans le march\u00e9 de Madinah, ainsi que l\u2019arrestation, le jugement et la condamnation de plusieurs importateurs et vendeurs de m\u00e9dicaments falsifi\u00e9s.<\/p>\n<p>Par ailleurs, le pr\u00e9sident de l\u2019ONPG a soulign\u00e9 le renforcement du cadre r\u00e9glementaire et institutionnel du secteur pharmaceutique, avec la r\u00e9vision en cours de la loi pharmaceutique et le renouvellement du bureau de l\u2019Ordre. Selon lui, ces mesures ont permis de restaurer la dignit\u00e9 du pharmacien guin\u00e9en et de renforcer la confiance de la population, traduite par une fr\u00e9quentation accrue des pharmacies priv\u00e9es.<\/p>\n<p>Le Dr Youla a par ailleurs appel\u00e9 l\u2019ensemble des pharmaciens du pays \u00e0 soutenir la nouvelle Constitution en votant en faveur de son adoption, en insistant sur l\u2019importance de l\u2019article 22 qui garantit le droit \u00e0 la Couverture Sant\u00e9 Universelle. Il a qualifi\u00e9 cet article d\u2019\u00ab opportunit\u00e9 historique \u00bb pour assurer la p\u00e9rennit\u00e9 des progr\u00e8s r\u00e9alis\u00e9s et prot\u00e9ger la sant\u00e9 publique.<\/p>\n<p>L\u2019ONPG a \u00e9galement exprim\u00e9 sa gratitude envers le G\u00e9n\u00e9ral Mamadi Doumbouya, le Premier ministre Amadou Oury Bah et le ministre de la Sant\u00e9, Dr Diouh\u00e9 Bah, pour leurs efforts soutenus. Le Conseil National de la Transition a aussi \u00e9t\u00e9 salu\u00e9 pour son r\u00f4le dans l\u2019\u00e9laboration de la nouvelle Constitution, dans laquelle l\u2019Ordre des pharmaciens se reconna\u00eet pleinement.<\/p>\n<p>En conclusion, Dr Youla a insist\u00e9 sur l\u2019importance de cette d\u00e9claration comme un t\u00e9moignage de la reconnaissance et de l\u2019adh\u00e9sion des pharmaciens guin\u00e9ens aux r\u00e9formes engag\u00e9es par les autorit\u00e9s pour le d\u00e9veloppement et l\u2019am\u00e9lioration du syst\u00e8me de sant\u00e9 national.<\/p>\n<p><strong>R\u00e9daction <\/strong><\/p>\n<p>&nbsp;<\/p>\n","protected":false},"excerpt":{"rendered":"<p>L\u2019Ordre National des Pharmaciens de Guin\u00e9e (ONPG), sous la pr\u00e9sidence du Dr Yamoussa Youla, a tenu une importante d\u00e9claration ce jeudi 18 septembre 2025 \u00e0 la Maison Commune des Journalistes de Conakry. Cette prise de parole visait \u00e0 reconna\u00eetre les avanc\u00e9es significatives r\u00e9alis\u00e9es par le Comit\u00e9 National du Rassemblement pour le D\u00e9veloppement (CNRD) dans le [&hellip;]<\/p>\n","protected":false},"author":2,"featured_media":37443,"comment_status":"open","ping_status":"closed","sticky":false,"template":"","format":"standard","meta":{"buzzeditor_post_format":"","footnotes":""},"categories":[52],"tags":[],"class_list":["post-37439","post","type-post","status-publish","format-standard","has-post-thumbnail","hentry","category-sante"],"jetpack_featured_media_url":"https:\/\/guineechrono.com\/wp-content\/uploads\/2025\/09\/yamoussas.jpg","amp_enabled":true,"_links":{"self":[{"href":"https:\/\/guineechrono.com\/index.php\/wp-json\/wp\/v2\/posts\/37439","targetHints":{"allow":["GET"]}}],"collection":[{"href":"https:\/\/guineechrono.com\/index.php\/wp-json\/wp\/v2\/posts"}],"about":[{"href":"https:\/\/guineechrono.com\/index.php\/wp-json\/wp\/v2\/types\/post"}],"author":[{"embeddable":true,"href":"https:\/\/guineechrono.com\/index.php\/wp-json\/wp\/v2\/users\/2"}],"replies":[{"embeddable":true,"href":"https:\/\/guineechrono.com\/index.php\/wp-json\/wp\/v2\/comments?post=37439"}],"version-history":[{"count":1,"href":"https:\/\/guineechrono.com\/index.php\/wp-json\/wp\/v2\/posts\/37439\/revisions"}],"predecessor-version":[{"id":37444,"href":"https:\/\/guineechrono.com\/index.php\/wp-json\/wp\/v2\/posts\/37439\/revisions\/37444"}],"wp:featuredmedia":[{"embeddable":true,"href":"https:\/\/guineechrono.com\/index.php\/wp-json\/wp\/v2\/media\/37443"}],"wp:attachment":[{"href":"https:\/\/guineechrono.com\/index.php\/wp-json\/wp\/v2\/media?parent=37439"}],"wp:term":[{"taxonomy":"category","embeddable":true,"href":"https:\/\/guineechrono.com\/index.php\/wp-json\/wp\/v2\/categories?post=37439"},{"taxonomy":"post_tag","embeddable":true,"href":"https:\/\/guineechrono.com\/index.php\/wp-json\/wp\/v2\/tags?post=37439"}],"curies":[{"name":"wp","href":"https:\/\/api.w.org\/{rel}","templated":true}]}}