{"id":37445,"date":"2025-09-18T19:29:09","date_gmt":"2025-09-18T18:29:09","guid":{"rendered":"https:\/\/guineechrono.com\/?p=37445"},"modified":"2025-09-18T19:29:09","modified_gmt":"2025-09-18T18:29:09","slug":"referendum-du-21-septembre-la-mission-dobservation-electorale-de-la-cedeao-recue-a-la-primature","status":"publish","type":"post","link":"https:\/\/guineechrono.com\/index.php\/referendum-du-21-septembre-la-mission-dobservation-electorale-de-la-cedeao-recue-a-la-primature\/","title":{"rendered":"R\u00e9f\u00e9rendum du 21 septembre: la mission d\u2019observation \u00e9lectorale de la CEDEAO re\u00e7ue \u00e0 la Primature"},"content":{"rendered":"<p>Conakry, 18 septembre 2025 \u2013 Le Premier Ministre Amadou Oury BAH, a re\u00e7u en audience le Repr\u00e9sentant r\u00e9sident de la CEDEAO en Guin\u00e9e, M. Louis Blaise Akabrou, \u00e0 la t\u00eate d\u2019une forte d\u00e9l\u00e9gation de l\u2019organisation sous-r\u00e9gionale.<\/p>\n<p>Au sortir de l\u2019audience, M. Akabrou a salu\u00e9 les efforts du Gouvernement guin\u00e9en dans la mise en \u0153uvre du chronogramme de transition. Il a exprim\u00e9 le soutien de la CEDEAO \u00e0 la R\u00e9publique de Guin\u00e9e dans sa marche vers un retour \u00e0 l\u2019ordre constitutionnel.<\/p>\n<p>Pour accompagner ce processus, une mission d\u2019observation \u00e9lectorale est d\u00e9ploy\u00e9e par la Commission de la CEDEAO. Arriv\u00e9e la veille, cette mission a \u00e9t\u00e9 officiellement pr\u00e9sent\u00e9e au Chef du Gouvernement. Selon l\u2019ambassadeur Louis Blaise AKABROU, la mission couvrira l\u2019ensemble du territoire, avec un ciblage des r\u00e9gions strat\u00e9giques. Il a ajout\u00e9 que la CEDEAO tirera les le\u00e7ons de cette phase afin d\u2019am\u00e9liorer l\u2019organisation des scrutins \u00e0 venir.<\/p>\n<p>Le Premier Ministre a salu\u00e9 cet engagement, signe d\u2019un partenariat renforc\u00e9 au service de la d\u00e9mocratie en Guin\u00e9e.<\/p>\n<p>SC Primature<\/p>\n<p>&nbsp;<\/p>\n","protected":false},"excerpt":{"rendered":"<p>Conakry, 18 septembre 2025 \u2013 Le Premier Ministre Amadou Oury BAH, a re\u00e7u en audience le Repr\u00e9sentant r\u00e9sident de la CEDEAO en Guin\u00e9e, M. Louis Blaise Akabrou, \u00e0 la t\u00eate d\u2019une forte d\u00e9l\u00e9gation de l\u2019organisation sous-r\u00e9gionale. Au sortir de l\u2019audience, M. Akabrou a salu\u00e9 les efforts du Gouvernement guin\u00e9en dans la mise en \u0153uvre du [&hellip;]<\/p>\n","protected":false},"author":2,"featured_media":37446,"comment_status":"open","ping_status":"closed","sticky":false,"template":"","format":"standard","meta":{"buzzeditor_post_format":"","footnotes":""},"categories":[42],"tags":[],"class_list":["post-37445","post","type-post","status-publish","format-standard","has-post-thumbnail","hentry","category-news"],"jetpack_featured_media_url":"https:\/\/guineechrono.com\/wp-content\/uploads\/2025\/09\/cedeaot.webp","amp_enabled":true,"_links":{"self":[{"href":"https:\/\/guineechrono.com\/index.php\/wp-json\/wp\/v2\/posts\/37445","targetHints":{"allow":["GET"]}}],"collection":[{"href":"https:\/\/guineechrono.com\/index.php\/wp-json\/wp\/v2\/posts"}],"about":[{"href":"https:\/\/guineechrono.com\/index.php\/wp-json\/wp\/v2\/types\/post"}],"author":[{"embeddable":true,"href":"https:\/\/guineechrono.com\/index.php\/wp-json\/wp\/v2\/users\/2"}],"replies":[{"embeddable":true,"href":"https:\/\/guineechrono.com\/index.php\/wp-json\/wp\/v2\/comments?post=37445"}],"version-history":[{"count":1,"href":"https:\/\/guineechrono.com\/index.php\/wp-json\/wp\/v2\/posts\/37445\/revisions"}],"predecessor-version":[{"id":37447,"href":"https:\/\/guineechrono.com\/index.php\/wp-json\/wp\/v2\/posts\/37445\/revisions\/37447"}],"wp:featuredmedia":[{"embeddable":true,"href":"https:\/\/guineechrono.com\/index.php\/wp-json\/wp\/v2\/media\/37446"}],"wp:attachment":[{"href":"https:\/\/guineechrono.com\/index.php\/wp-json\/wp\/v2\/media?parent=37445"}],"wp:term":[{"taxonomy":"category","embeddable":true,"href":"https:\/\/guineechrono.com\/index.php\/wp-json\/wp\/v2\/categories?post=37445"},{"taxonomy":"post_tag","embeddable":true,"href":"https:\/\/guineechrono.com\/index.php\/wp-json\/wp\/v2\/tags?post=37445"}],"curies":[{"name":"wp","href":"https:\/\/api.w.org\/{rel}","templated":true}]}}