{"id":37449,"date":"2025-09-18T23:21:18","date_gmt":"2025-09-18T22:21:18","guid":{"rendered":"https:\/\/guineechrono.com\/?p=37449"},"modified":"2025-09-19T10:22:22","modified_gmt":"2025-09-19T09:22:22","slug":"apotheose-a-kamsar-le-mouvement-rouge-jaune-vert-et-ahmed-kante-reussissent-leur-pari-pour-le-referendum-du-21-septembre","status":"publish","type":"post","link":"https:\/\/guineechrono.com\/index.php\/apotheose-a-kamsar-le-mouvement-rouge-jaune-vert-et-ahmed-kante-reussissent-leur-pari-pour-le-referendum-du-21-septembre\/","title":{"rendered":"Apoth\u00e9ose \u00e0 Kamsar : le mouvement Rouge Jaune Vert et Ahmed Kant\u00e9 r\u00e9ussissent leur pari pour le r\u00e9f\u00e9rendum du 21 septembre"},"content":{"rendered":"<p>Ce jeudi 18 septembre 2025, \u00e0 Kamsar, le Mouvement Rouge, Jaune, Vert (MRJV) a cl\u00f4tur\u00e9 sa campagne r\u00e9f\u00e9rendaire par une mobilisation d\u2019envergure.<\/p>\n<p>Le stade de l\u2019Amiti\u00e9 a accueilli des dizaines de milliers de citoyens venus de toute la r\u00e9gion, rassembl\u00e9s autour d\u2019Ahmed Kant\u00e9, Administrateur g\u00e9n\u00e9ral de la soci\u00e9t\u00e9 AGB2A-GIC et parrain du mouvement. L\u2019\u00e9v\u00e9nement a \u00e9t\u00e9 marqu\u00e9 par une forte affluence, des prestations artistiques et un discours politique affirm\u00e9.<\/p>\n<p><a href=\"https:\/\/guineechrono.com\/wp-content\/uploads\/2025\/09\/IMG-20250919-WA0058.jpg\"><img fetchpriority=\"high\" decoding=\"async\" class=\"alignleft size-medium wp-image-37451\" src=\"https:\/\/guineechrono.com\/wp-content\/uploads\/2025\/09\/IMG-20250919-WA0058-300x200.jpg\" alt=\"\" width=\"300\" height=\"200\" srcset=\"https:\/\/guineechrono.com\/wp-content\/uploads\/2025\/09\/IMG-20250919-WA0058-300x200.jpg 300w, https:\/\/guineechrono.com\/wp-content\/uploads\/2025\/09\/IMG-20250919-WA0058-1024x683.jpg 1024w, https:\/\/guineechrono.com\/wp-content\/uploads\/2025\/09\/IMG-20250919-WA0058-768x512.jpg 768w, https:\/\/guineechrono.com\/wp-content\/uploads\/2025\/09\/IMG-20250919-WA0058-696x464.jpg 696w, https:\/\/guineechrono.com\/wp-content\/uploads\/2025\/09\/IMG-20250919-WA0058-630x420.jpg 630w, https:\/\/guineechrono.com\/wp-content\/uploads\/2025\/09\/IMG-20250919-WA0058.jpg 1032w\" sizes=\"(max-width: 300px) 100vw, 300px\" \/><\/a><\/p>\n<p>&nbsp;<\/p>\n<p>&nbsp;<\/p>\n<p>&nbsp;<\/p>\n<p>&nbsp;<\/p>\n<p>Avant ce rassemblement, Ahmed Kant\u00e9 s\u2019est rendu \u00e0 Kanfarand\u00e9di pour rencontrer le Khalif de Bok\u00e9, Elhadj Ibrahima N\u2019Diaye. Ce dernier a formul\u00e9 des pri\u00e8res pour la paix en Guin\u00e9e et pour le succ\u00e8s des engagements patriotiques de son h\u00f4te. Le parrain du MRJV a ensuite \u00e9chang\u00e9 avec l\u2019Association des d\u00e9guerpis de Kamsar, qui compte plus de 23 000 membres, ainsi qu\u2019avec la communaut\u00e9 Mikhifor\u00e9. \u00c0 chaque \u00e9tape, il a insist\u00e9 sur l\u2019importance d\u2019un vote massif en faveur du \u201cOUI\u201d au projet de nouvelle Constitution, pr\u00e9sent\u00e9 comme un levier de d\u00e9veloppement et de coh\u00e9sion nationale.<\/p>\n<p><a href=\"https:\/\/guineechrono.com\/wp-content\/uploads\/2025\/09\/IMG-20250918-WA0029-1024x884-1.jpg\"><img decoding=\"async\" class=\"alignleft size-medium wp-image-37452\" src=\"https:\/\/guineechrono.com\/wp-content\/uploads\/2025\/09\/IMG-20250918-WA0029-1024x884-1-300x259.jpg\" alt=\"\" width=\"300\" height=\"259\" srcset=\"https:\/\/guineechrono.com\/wp-content\/uploads\/2025\/09\/IMG-20250918-WA0029-1024x884-1-300x259.jpg 300w, https:\/\/guineechrono.com\/wp-content\/uploads\/2025\/09\/IMG-20250918-WA0029-1024x884-1-768x663.jpg 768w, https:\/\/guineechrono.com\/wp-content\/uploads\/2025\/09\/IMG-20250918-WA0029-1024x884-1-534x462.jpg 534w, https:\/\/guineechrono.com\/wp-content\/uploads\/2025\/09\/IMG-20250918-WA0029-1024x884-1-696x601.jpg 696w, https:\/\/guineechrono.com\/wp-content\/uploads\/2025\/09\/IMG-20250918-WA0029-1024x884-1-487x420.jpg 487w, https:\/\/guineechrono.com\/wp-content\/uploads\/2025\/09\/IMG-20250918-WA0029-1024x884-1.jpg 1024w\" sizes=\"(max-width: 300px) 100vw, 300px\" \/><\/a><\/p>\n<p>&nbsp;<\/p>\n<p>&nbsp;<\/p>\n<p>&nbsp;<\/p>\n<p>&nbsp;<\/p>\n<p>&nbsp;<\/p>\n<p>Au stade de l\u2019Amiti\u00e9, la mobilisation a pris une dimension spectaculaire. Des artistes de renom tels que Manamba Kant\u00e9, Soul Bang\u2019s, Petit Camara, Sheba Queen, Ali Sanson et Le M\u00e9langeur ont anim\u00e9 la sc\u00e8ne, offrant un spectacle in\u00e9dit \u00e0 Kamsar. Cette s\u00e9quence festive a pr\u00e9c\u00e9d\u00e9 l\u2019intervention d\u2019Ahmed Kant\u00e9, qui s\u2019est adress\u00e9 \u00e0 une foule compacte avec un message clair : \u00ab Le 21 septembre, nous devons voter OUI, pour ouvrir la voie \u00e0 une Guin\u00e9e plus forte, plus juste et plus prosp\u00e8re. Ce r\u00e9f\u00e9rendum est une chance historique pour notre pays, et nous devons la saisir avec responsabilit\u00e9 et engagement. \u00bb<\/p>\n<p><a href=\"https:\/\/guineechrono.com\/wp-content\/uploads\/2025\/09\/IMG-20250918-WA0046-630x420-1.jpg\"><img decoding=\"async\" class=\"alignleft size-medium wp-image-37453\" src=\"https:\/\/guineechrono.com\/wp-content\/uploads\/2025\/09\/IMG-20250918-WA0046-630x420-1-300x200.jpg\" alt=\"\" width=\"300\" height=\"200\" srcset=\"https:\/\/guineechrono.com\/wp-content\/uploads\/2025\/09\/IMG-20250918-WA0046-630x420-1-300x200.jpg 300w, https:\/\/guineechrono.com\/wp-content\/uploads\/2025\/09\/IMG-20250918-WA0046-630x420-1.jpg 630w\" sizes=\"(max-width: 300px) 100vw, 300px\" \/><\/a><\/p>\n<p>&nbsp;<\/p>\n<p>&nbsp;<\/p>\n<p>&nbsp;<\/p>\n<p>&nbsp;<\/p>\n<p>La r\u00e9ussite de cette mobilisation confirme la dynamique ascendante du MRJV et renforce la position d\u2019Ahmed Kant\u00e9 sur le plan politique et social. Son ancrage populaire \u00e0 Kamsar et dans la r\u00e9gion de Bok\u00e9 s\u2019est manifest\u00e9 avec force \u00e0 la veille du scrutin.<\/p>\n<p>Ousmane Camara<\/p>\n","protected":false},"excerpt":{"rendered":"<p>Ce jeudi 18 septembre 2025, \u00e0 Kamsar, le Mouvement Rouge, Jaune, Vert (MRJV) a cl\u00f4tur\u00e9 sa campagne r\u00e9f\u00e9rendaire par une mobilisation d\u2019envergure. Le stade de l\u2019Amiti\u00e9 a accueilli des dizaines de milliers de citoyens venus de toute la r\u00e9gion, rassembl\u00e9s autour d\u2019Ahmed Kant\u00e9, Administrateur g\u00e9n\u00e9ral de la soci\u00e9t\u00e9 AGB2A-GIC et parrain du mouvement. L\u2019\u00e9v\u00e9nement a [&hellip;]<\/p>\n","protected":false},"author":2,"featured_media":37450,"comment_status":"open","ping_status":"closed","sticky":false,"template":"","format":"standard","meta":{"buzzeditor_post_format":"","footnotes":""},"categories":[42],"tags":[],"class_list":["post-37449","post","type-post","status-publish","format-standard","has-post-thumbnail","hentry","category-news"],"jetpack_featured_media_url":"https:\/\/guineechrono.com\/wp-content\/uploads\/2025\/09\/IMG-20250919-WA0059.jpg","amp_enabled":true,"_links":{"self":[{"href":"https:\/\/guineechrono.com\/index.php\/wp-json\/wp\/v2\/posts\/37449","targetHints":{"allow":["GET"]}}],"collection":[{"href":"https:\/\/guineechrono.com\/index.php\/wp-json\/wp\/v2\/posts"}],"about":[{"href":"https:\/\/guineechrono.com\/index.php\/wp-json\/wp\/v2\/types\/post"}],"author":[{"embeddable":true,"href":"https:\/\/guineechrono.com\/index.php\/wp-json\/wp\/v2\/users\/2"}],"replies":[{"embeddable":true,"href":"https:\/\/guineechrono.com\/index.php\/wp-json\/wp\/v2\/comments?post=37449"}],"version-history":[{"count":1,"href":"https:\/\/guineechrono.com\/index.php\/wp-json\/wp\/v2\/posts\/37449\/revisions"}],"predecessor-version":[{"id":37454,"href":"https:\/\/guineechrono.com\/index.php\/wp-json\/wp\/v2\/posts\/37449\/revisions\/37454"}],"wp:featuredmedia":[{"embeddable":true,"href":"https:\/\/guineechrono.com\/index.php\/wp-json\/wp\/v2\/media\/37450"}],"wp:attachment":[{"href":"https:\/\/guineechrono.com\/index.php\/wp-json\/wp\/v2\/media?parent=37449"}],"wp:term":[{"taxonomy":"category","embeddable":true,"href":"https:\/\/guineechrono.com\/index.php\/wp-json\/wp\/v2\/categories?post=37449"},{"taxonomy":"post_tag","embeddable":true,"href":"https:\/\/guineechrono.com\/index.php\/wp-json\/wp\/v2\/tags?post=37449"}],"curies":[{"name":"wp","href":"https:\/\/api.w.org\/{rel}","templated":true}]}}