{"id":37471,"date":"2025-09-18T20:10:30","date_gmt":"2025-09-18T19:10:30","guid":{"rendered":"https:\/\/guineechrono.com\/?p=37471"},"modified":"2025-09-19T20:21:16","modified_gmt":"2025-09-19T19:21:16","slug":"faranah-le-ministre-de-la-defense-nationale-federe-les-forces-vives-pour-la-cloture-de-la-campagne-referendaire","status":"publish","type":"post","link":"https:\/\/guineechrono.com\/index.php\/faranah-le-ministre-de-la-defense-nationale-federe-les-forces-vives-pour-la-cloture-de-la-campagne-referendaire\/","title":{"rendered":"Faranah : le ministre de la d\u00e9fense nationale f\u00e9d\u00e8re les forces vives pour la cl\u00f4ture de la campagne r\u00e9f\u00e9rendaire"},"content":{"rendered":"<p>\u00c0 la veille de la cl\u00f4ture de la campagne r\u00e9f\u00e9rendaire, la pr\u00e9fecture de Faranah a vibr\u00e9 ce jeudi au rythme d\u2019une mobilisation citoyenne conduite par le G\u00e9n\u00e9ral Aboubacar Sidiki CAMARA, Ministre de la D\u00e9fense Nationale, accompagn\u00e9 de M. Namory CAMARA, Ministre de l&rsquo;\u00c9nergie et de l&rsquo;Hydraulique et de quelques fils ressortissants de la ville, notamment M. Djoss\u00e8 OULAR\u00c9, Ancien Directeur G\u00e9n\u00e9ral Adjoint de ANAIM.<\/p>\n<p>Fid\u00e8le \u00e0 son approche de proximit\u00e9, il a r\u00e9uni autour de lui les jeunes leaders, les notables, les femmes et l\u2019ensemble des acteurs locaux afin de pr\u00e9parer le grand carnaval de cl\u00f4ture qui viendra sceller cette s\u00e9quence d\u00e9cisive.<\/p>\n<p><a href=\"https:\/\/guineechrono.com\/wp-content\/uploads\/2025\/09\/IMG-20250918-WA0166.jpg\"><img fetchpriority=\"high\" decoding=\"async\" class=\"alignleft size-medium wp-image-37473\" src=\"https:\/\/guineechrono.com\/wp-content\/uploads\/2025\/09\/IMG-20250918-WA0166-278x300.jpg\" alt=\"\" width=\"278\" height=\"300\" srcset=\"https:\/\/guineechrono.com\/wp-content\/uploads\/2025\/09\/IMG-20250918-WA0166-278x300.jpg 278w, https:\/\/guineechrono.com\/wp-content\/uploads\/2025\/09\/IMG-20250918-WA0166-696x752.jpg 696w, https:\/\/guineechrono.com\/wp-content\/uploads\/2025\/09\/IMG-20250918-WA0166-389x420.jpg 389w, https:\/\/guineechrono.com\/wp-content\/uploads\/2025\/09\/IMG-20250918-WA0166.jpg 719w\" sizes=\"(max-width: 278px) 100vw, 278px\" \/><\/a><\/p>\n<p>&nbsp;<\/p>\n<p>&nbsp;<\/p>\n<p>&nbsp;<\/p>\n<p>&nbsp;<\/p>\n<p>&nbsp;<\/p>\n<p>Cette rencontre, plac\u00e9e sous le signe de l\u2019unit\u00e9 et de la coh\u00e9sion sociale, a permis de recueillir les attentes des diff\u00e9rentes composantes de la population et d\u2019affirmer la volont\u00e9 collective de r\u00e9ussir une mobilisation populaire \u00e0 la hauteur de l\u2019\u00e9v\u00e9nement.<\/p>\n<p>Le Ministre de la D\u00e9fense a, \u00e0 cette occasion, insist\u00e9 sur la n\u00e9cessit\u00e9 d\u2019une participation massive, consid\u00e9r\u00e9e comme l\u2019expression la plus forte d\u2019adh\u00e9sion au projet de nouvelle Constitution.<\/p>\n<p>En mettant l\u2019accent sur la jeunesse et l\u2019engagement communautaire, le G\u00e9n\u00e9ral Aboubacar Sidiki CAMARA, accompagn\u00e9 par le Ministre de l&rsquo;\u00c9nergie et de l&rsquo;Hydraulique et M. Djoss\u00e8 OULAR\u00c9, fils de la localit\u00e9, ont rappel\u00e9 que la r\u00e9ussite de cette \u00e9tape charni\u00e8re d\u00e9pendait de la capacit\u00e9 des populations \u00e0 conjuguer leurs efforts pour offrir une d\u00e9monstration \u00e9clatante de soutien.<\/p>\n<p>\u00c0 Sankaran profond, l\u2019heure est d\u00e9sormais \u00e0 la pr\u00e9paration d\u2019un final symbolique, pens\u00e9 comme un moment d\u2019unit\u00e9 nationale et de projection vers l\u2019avenir.<\/p>\n<p><strong>R\u00e9daction <\/strong><\/p>\n<p><strong>\u00a0<\/strong><\/p>\n","protected":false},"excerpt":{"rendered":"<p>\u00c0 la veille de la cl\u00f4ture de la campagne r\u00e9f\u00e9rendaire, la pr\u00e9fecture de Faranah a vibr\u00e9 ce jeudi au rythme d\u2019une mobilisation citoyenne conduite par le G\u00e9n\u00e9ral Aboubacar Sidiki CAMARA, Ministre de la D\u00e9fense Nationale, accompagn\u00e9 de M. Namory CAMARA, Ministre de l&rsquo;\u00c9nergie et de l&rsquo;Hydraulique et de quelques fils ressortissants de la ville, notamment [&hellip;]<\/p>\n","protected":false},"author":2,"featured_media":37472,"comment_status":"open","ping_status":"closed","sticky":false,"template":"","format":"standard","meta":{"buzzeditor_post_format":"","footnotes":""},"categories":[42],"tags":[],"class_list":["post-37471","post","type-post","status-publish","format-standard","has-post-thumbnail","hentry","category-news"],"jetpack_featured_media_url":"https:\/\/guineechrono.com\/wp-content\/uploads\/2025\/09\/IMG-20250918-WA0165.jpg","amp_enabled":true,"_links":{"self":[{"href":"https:\/\/guineechrono.com\/index.php\/wp-json\/wp\/v2\/posts\/37471","targetHints":{"allow":["GET"]}}],"collection":[{"href":"https:\/\/guineechrono.com\/index.php\/wp-json\/wp\/v2\/posts"}],"about":[{"href":"https:\/\/guineechrono.com\/index.php\/wp-json\/wp\/v2\/types\/post"}],"author":[{"embeddable":true,"href":"https:\/\/guineechrono.com\/index.php\/wp-json\/wp\/v2\/users\/2"}],"replies":[{"embeddable":true,"href":"https:\/\/guineechrono.com\/index.php\/wp-json\/wp\/v2\/comments?post=37471"}],"version-history":[{"count":1,"href":"https:\/\/guineechrono.com\/index.php\/wp-json\/wp\/v2\/posts\/37471\/revisions"}],"predecessor-version":[{"id":37474,"href":"https:\/\/guineechrono.com\/index.php\/wp-json\/wp\/v2\/posts\/37471\/revisions\/37474"}],"wp:featuredmedia":[{"embeddable":true,"href":"https:\/\/guineechrono.com\/index.php\/wp-json\/wp\/v2\/media\/37472"}],"wp:attachment":[{"href":"https:\/\/guineechrono.com\/index.php\/wp-json\/wp\/v2\/media?parent=37471"}],"wp:term":[{"taxonomy":"category","embeddable":true,"href":"https:\/\/guineechrono.com\/index.php\/wp-json\/wp\/v2\/categories?post=37471"},{"taxonomy":"post_tag","embeddable":true,"href":"https:\/\/guineechrono.com\/index.php\/wp-json\/wp\/v2\/tags?post=37471"}],"curies":[{"name":"wp","href":"https:\/\/api.w.org\/{rel}","templated":true}]}}