{"id":3751,"date":"2019-04-15T18:34:10","date_gmt":"2019-04-15T17:34:10","guid":{"rendered":"http:\/\/guineechrono.com\/?p=3751"},"modified":"2019-04-15T18:34:10","modified_gmt":"2019-04-15T17:34:10","slug":"conakry-lansana-komara-devoile-les-perspectives-de-son-departement","status":"publish","type":"post","link":"https:\/\/guineechrono.com\/index.php\/conakry-lansana-komara-devoile-les-perspectives-de-son-departement\/","title":{"rendered":"Conakry : Lansana komara d\u00e9voile  les  perspectives de son D\u00e9partement"},"content":{"rendered":"<p><strong>Comme ses homologues, ce lundi 15 avril 2019 \u00e0 l\u2019h\u00f4tel Kaloum,\u00a0 le ministre de l\u2019enseignement technique, de la formation professionnelle, de l\u2019emploi et du travail\u00a0 \u00e9tait devant la presse. L\u2019objectif \u00e9tait de pr\u00e9senter le bilan de son d\u00e9partement depuis l\u2019arriv\u00e9e d\u2019Alpha Cond\u00e9 au pouvoir en 2010.<\/strong><\/p>\n<p>Cet exercice s\u2019inscrit dans le cadre de la mise en \u0153uvre des instructions du pr\u00e9sident de la r\u00e9publique qui recommande \u00e0 chaque ministre d\u2019informer le peuple de ce qui se passe dans son d\u00e9partement \u00e0 travers les medias.<\/p>\n<p>Dans sa communication, Lansana Komara, ministre de l\u2019enseignement technique, de la formation professionnelle, de l\u2019emploi et du travail, a d\u2019abord fait un briefing de son minist\u00e8re\u00a0 avant l\u2019arriv\u00e9e du pr\u00e9sident alpha cond\u00e9 \u00e0 la magistrature supr\u00eame du pays.<\/p>\n<p>Ensuite, les acquis de son d\u00e9partement sous l\u2019\u00e8re d\u2019Alpha Cond\u00e9. Selon lui, l\u2019av\u00e8nement du Prof Alpha Cond\u00e9, bien d\u2019innovation et de r\u00e9alisation ont \u00e9t\u00e9 op\u00e9r\u00e9es, pour un fonctionnement de ce secteur de d\u00e9veloppement d\u2019un pays.<\/p>\n<p>Parlant les perspectives, le conf\u00e9rencier a annonc\u00e9 la recherche de financement pour compl\u00e9ter la construction\u00a0 et \u00e9quipement des huit \u00e9coles r\u00e9gionale des arts et m\u00e9tiers. Mais aussi, la mise en \u0153uvre du projet de construction de huit \u00e9coles r\u00e9gionale de la sant\u00e9 \u00e0 Conakry et dans les capitales r\u00e9gionales. \u00ab\u00a0<em>Ce projet est pr\u00e9c\u00e9d\u00e9 par la relance des infirmeries dans les \u00e9tablissements d\u2019ETFP.\u00a0 Le lancement des travaux d\u2019\u00e9laboration de la strat\u00e9gie nationale de la formation agricole et rurale (SNFAR) en partenariat avec l\u2019AFD \u00e0 travers le C2D, l\u2019\u00e9laboration de la politique nationale de l\u2019emploi, l\u2019\u00e9laboration d\u2019un document de strat\u00e9gie et de lettre de politique de d\u00e9veloppement de l\u2019ET\/FP et la poursuite de la mise en place d\u2019une commission nationale de certification dans le cadre d\u2019un projet r\u00e9gional d\u2019harmonisation au niveau de la CEDEAO. Ces activit\u00e9s se r\u00e9aliseront en partenariat avec l\u2019UNESCO<\/em>.\u00bb promet-il.<\/p>\n<p><strong>Aboubacar <\/strong><\/p>\n","protected":false},"excerpt":{"rendered":"<p>Comme ses homologues, ce lundi 15 avril 2019 \u00e0 l\u2019h\u00f4tel Kaloum,\u00a0 le ministre de l\u2019enseignement technique, de la formation professionnelle, de l\u2019emploi et du travail\u00a0 \u00e9tait devant la presse. L\u2019objectif \u00e9tait de pr\u00e9senter le bilan de son d\u00e9partement depuis l\u2019arriv\u00e9e d\u2019Alpha Cond\u00e9 au pouvoir en 2010. Cet exercice s\u2019inscrit dans le cadre de la mise [&hellip;]<\/p>\n","protected":false},"author":2,"featured_media":3752,"comment_status":"open","ping_status":"closed","sticky":false,"template":"","format":"standard","meta":{"buzzeditor_post_format":"","footnotes":""},"categories":[1],"tags":[],"class_list":["post-3751","post","type-post","status-publish","format-standard","has-post-thumbnail","hentry","category-non-classe"],"jetpack_featured_media_url":"https:\/\/guineechrono.com\/wp-content\/uploads\/2019\/04\/koma.jpg","amp_enabled":true,"_links":{"self":[{"href":"https:\/\/guineechrono.com\/index.php\/wp-json\/wp\/v2\/posts\/3751","targetHints":{"allow":["GET"]}}],"collection":[{"href":"https:\/\/guineechrono.com\/index.php\/wp-json\/wp\/v2\/posts"}],"about":[{"href":"https:\/\/guineechrono.com\/index.php\/wp-json\/wp\/v2\/types\/post"}],"author":[{"embeddable":true,"href":"https:\/\/guineechrono.com\/index.php\/wp-json\/wp\/v2\/users\/2"}],"replies":[{"embeddable":true,"href":"https:\/\/guineechrono.com\/index.php\/wp-json\/wp\/v2\/comments?post=3751"}],"version-history":[{"count":0,"href":"https:\/\/guineechrono.com\/index.php\/wp-json\/wp\/v2\/posts\/3751\/revisions"}],"wp:featuredmedia":[{"embeddable":true,"href":"https:\/\/guineechrono.com\/index.php\/wp-json\/wp\/v2\/media\/3752"}],"wp:attachment":[{"href":"https:\/\/guineechrono.com\/index.php\/wp-json\/wp\/v2\/media?parent=3751"}],"wp:term":[{"taxonomy":"category","embeddable":true,"href":"https:\/\/guineechrono.com\/index.php\/wp-json\/wp\/v2\/categories?post=3751"},{"taxonomy":"post_tag","embeddable":true,"href":"https:\/\/guineechrono.com\/index.php\/wp-json\/wp\/v2\/tags?post=3751"}],"curies":[{"name":"wp","href":"https:\/\/api.w.org\/{rel}","templated":true}]}}