{"id":37533,"date":"2025-09-24T17:03:54","date_gmt":"2025-09-24T16:03:54","guid":{"rendered":"https:\/\/guineechrono.com\/?p=37533"},"modified":"2025-09-24T17:03:54","modified_gmt":"2025-09-24T16:03:54","slug":"guinee-bah-oury-dement-toute-demission-du-gouvernement-apres-ladoption-de-la-nouvelle-constitution","status":"publish","type":"post","link":"https:\/\/guineechrono.com\/index.php\/guinee-bah-oury-dement-toute-demission-du-gouvernement-apres-ladoption-de-la-nouvelle-constitution\/","title":{"rendered":"Guin\u00e9e : Bah Oury d\u00e9ment toute d\u00e9mission du gouvernement apr\u00e8s l\u2019adoption de la nouvelle Constitution"},"content":{"rendered":"<p>Le Premier ministre, Amadou Oury Bah, a mis fin aux rumeurs persistantes faisant \u00e9tat d\u2019une possible d\u00e9mission de son gouvernement, \u00e0 la suite de l\u2019adoption de la nouvelle Constitution. C\u2019\u00e9tait \u00e0 l\u2019occasion d\u2019une conf\u00e9rence de presse tenue ce mercredi 24 septembre 2025 \u00e0 la Primature.<\/p>\n<p>Le chef du gouvernement a affirm\u00e9 avec fermet\u00e9 qu\u2019aucune disposition de la nouvelle Loi fondamentale n\u2019impose la dissolution de l\u2019\u00e9quipe gouvernementale actuelle. \u00ab Il s\u2019agit de l\u2019adoption d\u2019une nouvelle Constitution, et non d\u2019une simple r\u00e9vision. Cela n\u2019implique pas automatiquement une d\u00e9mission du gouvernement \u00bb, a-t-il d\u00e9clar\u00e9.<\/p>\n<ol>\n<li>Bah a pr\u00e9cis\u00e9 que le texte, une fois adopt\u00e9 par r\u00e9f\u00e9rendum et valid\u00e9 par la Cour supr\u00eame, sera promulgu\u00e9 dans un d\u00e9lai de 72 heures, conform\u00e9ment aux proc\u00e9dures en vigueur. Il a soulign\u00e9 l\u2019importance de respecter les principes de la nouvelle Constitution, tout en r\u00e9affirmant la continuit\u00e9 de l\u2019action gouvernementale.<\/li>\n<\/ol>\n<p>Si aucune d\u00e9mission n\u2019est pr\u00e9vue, le Premier ministre n\u2019a toutefois pas exclu la possibilit\u00e9 de r\u00e9am\u00e9nagements au sein de son \u00e9quipe. Ces \u00e9ventuels changements d\u00e9pendront, selon lui, du pouvoir discr\u00e9tionnaire du pr\u00e9sident de la R\u00e9publique et du moment jug\u00e9 opportun. Il a insist\u00e9 sur la <strong>n\u00e9cessit\u00e9 de <\/strong>pr\u00e9server la stabilit\u00e9, dans un contexte politique o\u00f9 certains r\u00e9clament des bouleversements profonds et r\u00e9p\u00e9t\u00e9s.<\/p>\n<p>\u00ab La priorit\u00e9, c\u2019est la stabilit\u00e9 du pays. Les ajustements, s\u2019ils doivent avoir lieu, se feront de mani\u00e8re r\u00e9fl\u00e9chie \u00bb, a-t-il d\u00e9clar\u00e9.<\/p>\n<p>Interrog\u00e9 sur les \u00e9ch\u00e9ances \u00e9lectorales \u00e0 venir, le Premier ministre a confirm\u00e9 que l\u2019\u00e9lection pr\u00e9sidentielle reste pr\u00e9vue pour cette ann\u00e9e, conform\u00e9ment \u00e0 l\u2019annonce faite par le pr\u00e9sident de la R\u00e9publique. Il a rappel\u00e9 que le r\u00e9f\u00e9rendum constitutionnel n\u2019\u00e9tait qu\u2019une \u00e9tape dans le processus de transition, et que l\u2019attention est d\u00e9sormais tourn\u00e9e vers la tenue des scrutins programm\u00e9s.<\/p>\n<p><strong>R\u00e9daction <\/strong><\/p>\n","protected":false},"excerpt":{"rendered":"<p>Le Premier ministre, Amadou Oury Bah, a mis fin aux rumeurs persistantes faisant \u00e9tat d\u2019une possible d\u00e9mission de son gouvernement, \u00e0 la suite de l\u2019adoption de la nouvelle Constitution. C\u2019\u00e9tait \u00e0 l\u2019occasion d\u2019une conf\u00e9rence de presse tenue ce mercredi 24 septembre 2025 \u00e0 la Primature. Le chef du gouvernement a affirm\u00e9 avec fermet\u00e9 qu\u2019aucune disposition [&hellip;]<\/p>\n","protected":false},"author":2,"featured_media":37535,"comment_status":"open","ping_status":"closed","sticky":false,"template":"","format":"standard","meta":{"buzzeditor_post_format":"","footnotes":""},"categories":[42],"tags":[],"class_list":["post-37533","post","type-post","status-publish","format-standard","has-post-thumbnail","hentry","category-news"],"jetpack_featured_media_url":"https:\/\/guineechrono.com\/wp-content\/uploads\/2025\/09\/bbah.jpeg","amp_enabled":true,"_links":{"self":[{"href":"https:\/\/guineechrono.com\/index.php\/wp-json\/wp\/v2\/posts\/37533","targetHints":{"allow":["GET"]}}],"collection":[{"href":"https:\/\/guineechrono.com\/index.php\/wp-json\/wp\/v2\/posts"}],"about":[{"href":"https:\/\/guineechrono.com\/index.php\/wp-json\/wp\/v2\/types\/post"}],"author":[{"embeddable":true,"href":"https:\/\/guineechrono.com\/index.php\/wp-json\/wp\/v2\/users\/2"}],"replies":[{"embeddable":true,"href":"https:\/\/guineechrono.com\/index.php\/wp-json\/wp\/v2\/comments?post=37533"}],"version-history":[{"count":1,"href":"https:\/\/guineechrono.com\/index.php\/wp-json\/wp\/v2\/posts\/37533\/revisions"}],"predecessor-version":[{"id":37536,"href":"https:\/\/guineechrono.com\/index.php\/wp-json\/wp\/v2\/posts\/37533\/revisions\/37536"}],"wp:featuredmedia":[{"embeddable":true,"href":"https:\/\/guineechrono.com\/index.php\/wp-json\/wp\/v2\/media\/37535"}],"wp:attachment":[{"href":"https:\/\/guineechrono.com\/index.php\/wp-json\/wp\/v2\/media?parent=37533"}],"wp:term":[{"taxonomy":"category","embeddable":true,"href":"https:\/\/guineechrono.com\/index.php\/wp-json\/wp\/v2\/categories?post=37533"},{"taxonomy":"post_tag","embeddable":true,"href":"https:\/\/guineechrono.com\/index.php\/wp-json\/wp\/v2\/tags?post=37533"}],"curies":[{"name":"wp","href":"https:\/\/api.w.org\/{rel}","templated":true}]}}