{"id":37537,"date":"2025-09-24T19:54:00","date_gmt":"2025-09-24T18:54:00","guid":{"rendered":"https:\/\/guineechrono.com\/?p=37537"},"modified":"2025-09-24T19:54:00","modified_gmt":"2025-09-24T18:54:00","slug":"conakry-la-communaute-malienne-en-guinee-celebre-le-65e-anniversaire-de-lindependance-du-mali","status":"publish","type":"post","link":"https:\/\/guineechrono.com\/index.php\/conakry-la-communaute-malienne-en-guinee-celebre-le-65e-anniversaire-de-lindependance-du-mali\/","title":{"rendered":"Conakry : La communaut\u00e9 malienne en Guin\u00e9e c\u00e9l\u00e8bre le 65e anniversaire de l\u2019ind\u00e9pendance du Mali"},"content":{"rendered":"<p>Selon le site Kanianews, la R\u00e9publique s\u0153ur du Mali a c\u00e9l\u00e9br\u00e9, ce 22 septembre 2025, le 65e anniversaire de son accession \u00e0 l\u2019ind\u00e9pendance dans une ambiance festive et carnavalesque. Pour marquer cette date historique, les autorit\u00e9s maliennes, sous la direction du pr\u00e9sident de la transition, le g\u00e9n\u00e9ral d\u2019arm\u00e9e Assimi Go\u00efta, ont organis\u00e9 de grandes festivit\u00e9s, aussi bien \u00e0 Bamako que dans l\u2019ensemble du pays.<\/p>\n<p><img decoding=\"async\" class=\"alignnone size-medium wp-image-10352 b-loaded\" src=\"https:\/\/kanianews.com\/wp-content\/uploads\/2025\/09\/IMG-20250924-WA0010-300x135.jpg\" alt=\"\" width=\"300\" height=\"135\" \/><\/p>\n<p>\u00c0 Conakry, la capitale guin\u00e9enne, la c\u00e9l\u00e9bration a \u00e9t\u00e9 tout aussi marqu\u00e9e par une forte mobilisation de la communaut\u00e9 malienne vivant en Guin\u00e9e. Les festivit\u00e9s ont \u00e9t\u00e9 organis\u00e9es sous l\u2019\u00e9gide du pr\u00e9sident du Haut Conseil des Maliens de Guin\u00e9e, en \u00e9troite collaboration avec l\u2019ambassadeur extraordinaire et pl\u00e9nipotentiaire du Mali en Guin\u00e9e.<\/p>\n<p>Une c\u00e9r\u00e9monie religieuse a eu lieu \u00e0 la r\u00e9sidence de l\u2019ambassadeur, situ\u00e9e \u00e0 la Cit\u00e9 minist\u00e9rielle de Donka, dans la commune de Dixinn. \u00c0 cette occasion, plusieurs lectures compl\u00e8tes du Saint Coran ont \u00e9t\u00e9 faites, d\u00e9di\u00e9es \u00e0 la paix au Mali, mais \u00e9galement \u00e0 la victoire des Forces arm\u00e9es maliennes (FAMa) sur les groupes terroristes s\u00e9vissant dans le nord du pays depuis 2012. La rencontre a connu une grande affluence, avec la participation de membres de la communaut\u00e9 malienne et de ressortissants des autres pays membres de l\u2019Alliance des \u00c9tats du Sahel (AES), notamment le Burkina Faso et le Niger, \u00e9galement r\u00e9sidant en Guin\u00e9e.<\/p>\n<p><img decoding=\"async\" class=\"alignnone size-medium wp-image-10353 b-loaded\" src=\"https:\/\/kanianews.com\/wp-content\/uploads\/2025\/09\/IMG-20250924-WA0011-300x135.jpg\" alt=\"\" width=\"300\" height=\"135\" \/><\/p>\n<p>Dans son discours, l\u2019ambassadeur Mamadou Ke\u00efta s\u2019est r\u00e9joui du bon d\u00e9roulement des festivit\u00e9s au Mali, avant d\u2019appeler ses compatriotes en Guin\u00e9e \u00e0 l\u2019unit\u00e9 et au respect des lois du pays d\u2019accueil :<\/p>\n<p><em>\u00ab Nous avons c\u00e9l\u00e9br\u00e9 ce 65e anniversaire avec une grande satisfaction. \u00c0 Bamako, un d\u00e9fil\u00e9 grandiose s\u2019est tenu sous la pr\u00e9sidence de Son Excellence, le g\u00e9n\u00e9ral d\u2019arm\u00e9e Assimi Go\u00efta. Le peuple malien s\u2019est lev\u00e9 comme un seul homme pour marquer cette journ\u00e9e dans un esprit de communion nationale. \u00c0 Conakry \u00e9galement, la f\u00eate a \u00e9t\u00e9 belle. Nous remercions les autorit\u00e9s guin\u00e9ennes et le peuple fr\u00e8re de Guin\u00e9e pour leur soutien constant, notamment durant les p\u00e9riodes critiques de notre histoire. J\u2019invite donc les Maliens de Guin\u00e9e \u00e0 rester unis, solidaires et respectueux des lois du pays h\u00f4te \u00bb,<\/em> a d\u00e9clar\u00e9 le diplomate.<\/p>\n<p>De son c\u00f4t\u00e9, le pr\u00e9sident du Haut Conseil des Maliens de Guin\u00e9e, l\u2019honorable Mohamed Sidib\u00e9, a salu\u00e9 l\u2019effervescence qui a marqu\u00e9 cette c\u00e9l\u00e9bration, la qualifiant de sans pr\u00e9c\u00e9dent depuis plus d&rsquo;une d\u00e9cennie :<\/p>\n<p><em>\u00ab Je ressens une grande fiert\u00e9 et une immense satisfaction envers nos autorit\u00e9s. C\u2019est la premi\u00e8re fois depuis treize ans que l\u2019anniversaire de l\u2019ind\u00e9pendance est c\u00e9l\u00e9br\u00e9 avec autant de faste au Mali. Le monde entier a suivi le d\u00e9fil\u00e9 militaire, ce qui t\u00e9moigne de la reconqu\u00eate de la souverainet\u00e9 nationale par nos forces arm\u00e9es. C\u2019est pourquoi nous, Maliens de Guin\u00e9e, avons tenu \u00e0 exprimer notre fiert\u00e9 \u00e0 travers cette c\u00e9l\u00e9bration \u00e0 l\u2019ambassade \u00bb,<\/em> a-t-il affirm\u00e9.<\/p>\n<p>Madame Ke\u00efta, n\u00e9e Salamata Tour\u00e9, enseignante, femme leader et pr\u00e9sidente d\u2019honneur des femmes maliennes de Guin\u00e9e, a \u00e9galement salu\u00e9 les performances des FAMa sur le terrain :<\/p>\n<p><em>\u00ab Je ressens une immense fiert\u00e9. Nous sommes vraiment fiers de nos forces arm\u00e9es pour les r\u00e9sultats positifs qu\u2019elles ont obtenus. C\u2019est pour cela que nous sommes r\u00e9unis ici : pour f\u00eater avec elles, les remercier et leur t\u00e9moigner toute notre reconnaissance. J\u2019appelle tous les Maliens de l\u2019int\u00e9rieur et de la diaspora \u00e0 les soutenir. Ils ont d\u00e9j\u00e0 beaucoup accompli, mais le chemin reste long. Leur r\u00e9ussite d\u00e9pend aussi de notre appui collectif \u00bb,<\/em> a-t-elle insist\u00e9.<\/p>\n<p>La c\u00e9r\u00e9monie s\u2019est achev\u00e9e dans une ambiance conviviale, marqu\u00e9e par la d\u00e9gustation de plats traditionnels maliens et des prestations artistiques hautes en couleur.<\/p>\n<p>Pour rappel, apr\u00e8s plusieurs d\u00e9cennies de colonisation sous domination fran\u00e7aise, le Mali a acc\u00e9d\u00e9 \u00e0 l\u2019ind\u00e9pendance le 22 septembre 1960, avec \u00e0 sa t\u00eate Modibo Ke\u00efta, premier pr\u00e9sident de la R\u00e9publique.<\/p>\n<p><strong>R\u00e9daction <\/strong><\/p>\n<p>&nbsp;<\/p>\n","protected":false},"excerpt":{"rendered":"<p>Selon le site Kanianews, la R\u00e9publique s\u0153ur du Mali a c\u00e9l\u00e9br\u00e9, ce 22 septembre 2025, le 65e anniversaire de son accession \u00e0 l\u2019ind\u00e9pendance dans une ambiance festive et carnavalesque. Pour marquer cette date historique, les autorit\u00e9s maliennes, sous la direction du pr\u00e9sident de la transition, le g\u00e9n\u00e9ral d\u2019arm\u00e9e Assimi Go\u00efta, ont organis\u00e9 de grandes festivit\u00e9s, [&hellip;]<\/p>\n","protected":false},"author":2,"featured_media":37538,"comment_status":"open","ping_status":"closed","sticky":false,"template":"","format":"standard","meta":{"buzzeditor_post_format":"","footnotes":""},"categories":[42],"tags":[],"class_list":["post-37537","post","type-post","status-publish","format-standard","has-post-thumbnail","hentry","category-news"],"jetpack_featured_media_url":"https:\/\/guineechrono.com\/wp-content\/uploads\/2025\/09\/malli.webp","amp_enabled":true,"_links":{"self":[{"href":"https:\/\/guineechrono.com\/index.php\/wp-json\/wp\/v2\/posts\/37537","targetHints":{"allow":["GET"]}}],"collection":[{"href":"https:\/\/guineechrono.com\/index.php\/wp-json\/wp\/v2\/posts"}],"about":[{"href":"https:\/\/guineechrono.com\/index.php\/wp-json\/wp\/v2\/types\/post"}],"author":[{"embeddable":true,"href":"https:\/\/guineechrono.com\/index.php\/wp-json\/wp\/v2\/users\/2"}],"replies":[{"embeddable":true,"href":"https:\/\/guineechrono.com\/index.php\/wp-json\/wp\/v2\/comments?post=37537"}],"version-history":[{"count":1,"href":"https:\/\/guineechrono.com\/index.php\/wp-json\/wp\/v2\/posts\/37537\/revisions"}],"predecessor-version":[{"id":37539,"href":"https:\/\/guineechrono.com\/index.php\/wp-json\/wp\/v2\/posts\/37537\/revisions\/37539"}],"wp:featuredmedia":[{"embeddable":true,"href":"https:\/\/guineechrono.com\/index.php\/wp-json\/wp\/v2\/media\/37538"}],"wp:attachment":[{"href":"https:\/\/guineechrono.com\/index.php\/wp-json\/wp\/v2\/media?parent=37537"}],"wp:term":[{"taxonomy":"category","embeddable":true,"href":"https:\/\/guineechrono.com\/index.php\/wp-json\/wp\/v2\/categories?post=37537"},{"taxonomy":"post_tag","embeddable":true,"href":"https:\/\/guineechrono.com\/index.php\/wp-json\/wp\/v2\/tags?post=37537"}],"curies":[{"name":"wp","href":"https:\/\/api.w.org\/{rel}","templated":true}]}}