{"id":37540,"date":"2025-09-25T10:53:10","date_gmt":"2025-09-25T09:53:10","guid":{"rendered":"https:\/\/guineechrono.com\/?p=37540"},"modified":"2025-09-25T10:53:10","modified_gmt":"2025-09-25T09:53:10","slug":"80e-session-de-lassemblee-generale-des-nations-unies-echanges-fructueux-entre-le-general-amara-camara-emissaire-du-chef-de-letat-et-la-secretaire-generale-de-loif","status":"publish","type":"post","link":"https:\/\/guineechrono.com\/index.php\/80e-session-de-lassemblee-generale-des-nations-unies-echanges-fructueux-entre-le-general-amara-camara-emissaire-du-chef-de-letat-et-la-secretaire-generale-de-loif\/","title":{"rendered":"80e session de l\u2019assembl\u00e9e G\u00e9n\u00e9rale des Nations Unies : \u00c9changes fructueux entre le G\u00e9n\u00e9ral Amara CAMARA \u00c9missaire du Chef de l\u2019\u00c9tat et la Secr\u00e9taire G\u00e9n\u00e9rale de l\u2019OIF"},"content":{"rendered":"<p>En marge de la 80e session ordinaire de l\u2019Assembl\u00e9e g\u00e9n\u00e9rale des Nations Unies, une rencontre de haut niveau s\u2019est tenue ce mardi 23 septembre 2025 entre le Ministre Secr\u00e9taire g\u00e9n\u00e9ral de la Pr\u00e9sidence, le G\u00e9n\u00e9ral Amara CAMARA, \u00e9missaire du Chef de l\u2019\u00c9tat, S.E. le G\u00e9n\u00e9ral Mamadi DOUMBOUYA, et la Secr\u00e9taire G\u00e9n\u00e9rale de l\u2019Organisation Internationale de la Francophonie (OIF), S.E. Madame Louise MUSHIKIWABO.<\/p>\n<p>\u00c0 la t\u00eate de l\u2019importante d\u00e9l\u00e9gation guin\u00e9enne, compos\u00e9e des Ministres des Affaires \u00c9trang\u00e8res, de l\u2019Int\u00e9gration Africaine et des Guin\u00e9ens \u00e9tablis \u00e0 l\u2019\u00c9tranger Dr Morissanda KOUYAT\u00c9, du Plan et de la Coop\u00e9ration internationale Isma\u00ebl NAB\u00c9, de la Promotion F\u00e9minine, de l\u2019Enfance et des Personnes vuln\u00e9rables Charlotte DAFF\u00c9, de la Jeunesse Mamadou Cellou BALD\u00c9 ainsi que du Conseiller Charg\u00e9 de mission \u00e0 la Pr\u00e9sidence, ce t\u00eate-\u00e0-t\u00eate a \u00e9t\u00e9 l\u2019occasion pour les deux parties de faire un point approfondi sur la coop\u00e9ration entre la R\u00e9publique de Guin\u00e9e et l\u2019OIF, organisation regroupant 90 \u00c9tats et gouvernements partageant la langue fran\u00e7aise.<\/p>\n<p>Madame Louise MUSHIKIWABO a salu\u00e9 les avanc\u00e9es enregistr\u00e9es par la Guin\u00e9e, notamment la tenue du scrutin r\u00e9f\u00e9rendaire marquant une \u00e9tape significative vers un retour \u00e0 l\u2019ordre constitutionnel. Elle a soulign\u00e9 le caract\u00e8re souverain de la d\u00e9marche entreprise par le peuple de Guin\u00e9e, la forte mobilisation lors du vote ainsi que le climat apais\u00e9 qui a pr\u00e9valu.<\/p>\n<p>La Secr\u00e9taire G\u00e9n\u00e9rale de l\u2019OIF a r\u00e9it\u00e9r\u00e9 l\u2019engagement de son organisation \u00e0 accompagner la Guin\u00e9e dans cette phase cruciale de refondation, insistant sur l\u2019importance d\u2019un appui soutenu aux \u00c9tats membres de l\u2019OIF.<\/p>\n<p>En r\u00e9ponse, le G\u00e9n\u00e9ral Amara CAMARA a exprim\u00e9 l\u2019honneur et la fiert\u00e9 de repr\u00e9senter la Guin\u00e9e \u00e0 cette tribune internationale et de s\u2019entretenir avec la cheffe de l\u2019OIF. Il a pr\u00e9sent\u00e9 les trois axes strat\u00e9giques de la refondation engag\u00e9e par les autorit\u00e9s guin\u00e9ennes sous l\u2019impulsion de Monsieur le Pr\u00e9sident de la R\u00e9publique S.E le G\u00e9n\u00e9ral Mamadi DOUMBOUYA \u00e0 savoir :<\/p>\n<p>1- L\u2019axe social : pour r\u00e9tablir et consolider le vivre-ensemble, en renfor\u00e7ant la coh\u00e9sion nationale et les valeurs de solidarit\u00e9 entre toutes les composantes de notre soci\u00e9t\u00e9;<\/p>\n<p>2- L\u2019axe \u00e9conomique : pour amorcer un d\u00e9veloppement socio-\u00e9conomique durable, vecteur de transformation structurelle garant de notre souverainet\u00e9 et du bien-\u00eatre de la population;<\/p>\n<p>3- L\u2019axe politique : pour b\u00e2tir un \u00c9tat de droit, fond\u00e9 sur des institutions fortes et cr\u00e9dibles, avec la justice comme boussole pour tous les citoyens.<\/p>\n<p>Le G\u00e9n\u00e9ral Amara CAMARA a mis en exergue les efforts fournis pour \u00e9viter les erreurs du pass\u00e9 et construire un \u00c9tat plus juste, plus r\u00e9silient et tourn\u00e9 vers l\u2019avenir. Le G\u00e9n\u00e9ral CAMARA a \u00e9galement \u00e9voqu\u00e9 le m\u00e9gaprojet Simandou et la vision ambitieuse port\u00e9e par le Chef de l\u2019\u00c9tat Simandou 2040, programme hautement strat\u00e9gique pour le d\u00e9veloppement socio-\u00e9conomique durable et responsable de la Guin\u00e9e pour 15 prochaines ann\u00e9es.<\/p>\n<p><img fetchpriority=\"high\" decoding=\"async\" class=\"wp-image-10751\" src=\"https:\/\/guinee4.com\/wp-content\/uploads\/2025\/09\/1000257029-1024x682.jpg\" alt=\"\" width=\"1024\" height=\"682\" \/><\/p>\n<p>\u00c0 l\u2019issue de cet \u00e9change, Madame Louise MUSHIKIWABO a r\u00e9affirm\u00e9 l\u2019enti\u00e8re disponibilit\u00e9 de l\u2019Organisation Internationale de la Francophonie \u00e0 soutenir la R\u00e9publique de Guin\u00e9e dans la poursuite de ses r\u00e9formes et l\u2019impl\u00e9mentation de ses politiques publiques. Elle a salu\u00e9 la dynamique actuelle, fond\u00e9e sur le dialogue, la responsabilit\u00e9 et la volont\u00e9 de reb\u00e2tir un \u00c9tat solide au service des citoyens.<\/p>\n<p>Cette rencontre, empreinte de cordialit\u00e9 et de convergence de vues, t\u00e9moigne de la solidit\u00e9 du partenariat entre la Guin\u00e9e et l\u2019OIF, ainsi que de la volont\u00e9 commune d\u2019\u0153uvrer ensemble pour un avenir meilleur au sein de l\u2019espace francophone.<\/p>\n<p>DCI-PRG<\/p>\n","protected":false},"excerpt":{"rendered":"<p>En marge de la 80e session ordinaire de l\u2019Assembl\u00e9e g\u00e9n\u00e9rale des Nations Unies, une rencontre de haut niveau s\u2019est tenue ce mardi 23 septembre 2025 entre le Ministre Secr\u00e9taire g\u00e9n\u00e9ral de la Pr\u00e9sidence, le G\u00e9n\u00e9ral Amara CAMARA, \u00e9missaire du Chef de l\u2019\u00c9tat, S.E. le G\u00e9n\u00e9ral Mamadi DOUMBOUYA, et la Secr\u00e9taire G\u00e9n\u00e9rale de l\u2019Organisation Internationale de [&hellip;]<\/p>\n","protected":false},"author":2,"featured_media":37541,"comment_status":"open","ping_status":"closed","sticky":false,"template":"","format":"standard","meta":{"buzzeditor_post_format":"","footnotes":""},"categories":[42],"tags":[],"class_list":["post-37540","post","type-post","status-publish","format-standard","has-post-thumbnail","hentry","category-news"],"jetpack_featured_media_url":"https:\/\/guineechrono.com\/wp-content\/uploads\/2025\/09\/oif.jpg","amp_enabled":true,"_links":{"self":[{"href":"https:\/\/guineechrono.com\/index.php\/wp-json\/wp\/v2\/posts\/37540","targetHints":{"allow":["GET"]}}],"collection":[{"href":"https:\/\/guineechrono.com\/index.php\/wp-json\/wp\/v2\/posts"}],"about":[{"href":"https:\/\/guineechrono.com\/index.php\/wp-json\/wp\/v2\/types\/post"}],"author":[{"embeddable":true,"href":"https:\/\/guineechrono.com\/index.php\/wp-json\/wp\/v2\/users\/2"}],"replies":[{"embeddable":true,"href":"https:\/\/guineechrono.com\/index.php\/wp-json\/wp\/v2\/comments?post=37540"}],"version-history":[{"count":1,"href":"https:\/\/guineechrono.com\/index.php\/wp-json\/wp\/v2\/posts\/37540\/revisions"}],"predecessor-version":[{"id":37542,"href":"https:\/\/guineechrono.com\/index.php\/wp-json\/wp\/v2\/posts\/37540\/revisions\/37542"}],"wp:featuredmedia":[{"embeddable":true,"href":"https:\/\/guineechrono.com\/index.php\/wp-json\/wp\/v2\/media\/37541"}],"wp:attachment":[{"href":"https:\/\/guineechrono.com\/index.php\/wp-json\/wp\/v2\/media?parent=37540"}],"wp:term":[{"taxonomy":"category","embeddable":true,"href":"https:\/\/guineechrono.com\/index.php\/wp-json\/wp\/v2\/categories?post=37540"},{"taxonomy":"post_tag","embeddable":true,"href":"https:\/\/guineechrono.com\/index.php\/wp-json\/wp\/v2\/tags?post=37540"}],"curies":[{"name":"wp","href":"https:\/\/api.w.org\/{rel}","templated":true}]}}