{"id":37547,"date":"2025-09-25T14:20:29","date_gmt":"2025-09-25T13:20:29","guid":{"rendered":"https:\/\/guineechrono.com\/?p=37547"},"modified":"2025-09-25T14:20:29","modified_gmt":"2025-09-25T13:20:29","slug":"financement-libyen-lex-president-francais-sarkozy-condamne-a-5-ans-de-prison-pour-association-de-malfaiteurs","status":"publish","type":"post","link":"https:\/\/guineechrono.com\/index.php\/financement-libyen-lex-president-francais-sarkozy-condamne-a-5-ans-de-prison-pour-association-de-malfaiteurs\/","title":{"rendered":"Financement libyen: l\u2019ex-pr\u00e9sident fran\u00e7ais Sarkozy condamn\u00e9 \u00e0 5 ans de prison pour association de malfaiteurs"},"content":{"rendered":"<p>C\u2019est l\u2019affaire dans laquelle Nicolas Sarkozy risquait la plus lourde sanction. L\u2019ex-pr\u00e9sident fran\u00e7ais a \u00e9t\u00e9 condamn\u00e9 jeudi 25 septembre \u00e0 cinq ans de prison avec mandat de d\u00e9p\u00f4t \u00e0 effet diff\u00e9r\u00e9 pour association de malfaiteurs. Il a toutefois \u00e9t\u00e9 relax\u00e9 des faits de corruption lors de son jugement jeudi 25 septembre. Un appel ne pourra pas suspendre son incarc\u00e9ration. Ses co-accus\u00e9s\u00a0Claude Gu\u00e9ant et Brice Hortefeux \u00e9copent de six et deux ans de prison, respectivement,\u00a0dans l\u2019affaire du financement libyen de la campagne de 2007.<\/p>\n<p>Nicolas Sarkozy a \u00e9t\u00e9 jug\u00e9 coupable, jeudi 25 septembre, d\u2019association de malfaiteurs, mais relax\u00e9 des faits de corruption qui lui \u00e9taient reproch\u00e9s dans l\u2019affaire des soup\u00e7ons de financement libyen de sa campagne pr\u00e9sidentielle de 2007 par l\u2019ex-dirigeant libyen\u00a0<a href=\"https:\/\/www.rfi.fr\/fr\/tag\/mouammar-kadhafi\/\">Mouammar Kadhafi<\/a>. Sa condamnation \u00e0 cinq ans de prison a \u00e9t\u00e9 prononc\u00e9e avec mandat de d\u00e9p\u00f4t \u00e0 effet diff\u00e9r\u00e9, assorti de l\u2019ex\u00e9cution provisoire.\u00a0L\u2019ancien chef d\u2019\u00c9tat de 70 ans sera convoqu\u00e9 dans un d\u00e9lai d\u2019un mois par le parquet qui lui signifiera sa date d\u2019incarc\u00e9ration. Un appel \u00e9ventuel ne suspendra pas cette mesure.<\/p>\n<p>La pr\u00e9sidente du tribunal, Nathalie Gavarino, a estim\u00e9 qu\u2019\u00ab\u00a0<em>en tant que ministre, pr\u00e9sident de l\u2019UMP\u00a0<\/em>[L\u2019Union pour un mouvement populaire, parti \u00e0 la droite de l\u2019\u00e9chiquier politique fran\u00e7ais, NDLR]\u00a0\u00bb, Nicolas Sarkozy avait \u00ab<em>\u00a0laiss\u00e9 ses proches collaborateurs et soutiens politiques \u2013 sur lesquels il avait autorit\u00e9 et agissaient en son nom<\/em>\u00a0\u00bb \u2013 solliciter les autorit\u00e9s libyennes \u00ab\u00a0<em>afin d\u2019obtenir ou tenter d\u2019obtenir des soutiens financiers en Libye en vue d\u2019obtenir financement de la campagne\u00a0<\/em>\u00bb de 2007.<\/p>\n<p>Claude Gu\u00e9ant et Brice Hortefeux \u00e9galement reconnus coupables<\/p>\n<p>Les juges n\u2019ont en revanche pas suivi le Parquet national financier (PNF), qui\u00a0<a href=\"https:\/\/www.rfi.fr\/fr\/france\/20250325-financement-libyen-pour-le-parquet-financier-nicolas-sarkozy-est-le-v%C3%A9ritable-commanditaire\">avait pr\u00e9sent\u00e9 Nicolas Sarkozy comme b\u00e9n\u00e9ficiaire de la corruption<\/a>\u00a0par le financement de sa campagne \u00e9lectorale par des fonds libyens. Ils ont ainsi relax\u00e9 l\u2019ancien pr\u00e9sident des faits de recel de d\u00e9tournement de fonds publics libyens, de corruption passive et de financement ill\u00e9gal de campagne \u00e9lectorale.<\/p>\n<p>La proc\u00e9dure judiciaire n\u2019a pas permis de \u00ab\u00a0<em>fonder une d\u00e9monstration que l\u2019argent parti de Libye<\/em>\u00a0\u00bb ait \u00ab\u00a0<em>in fine<\/em>\u00a0\u00bb \u00e9t\u00e9 utilis\u00e9 dans un financement occulte de la campagne pr\u00e9sidentielle victorieuse de Nicolas Sarkozy en 2007, a lu la pr\u00e9sidente du tribunal de Paris. \u00ab\u00a0<em>Pour le tribunal, les \u00e9l\u00e9ments mat\u00e9riels de l\u2019infraction de corruption ne sont pas constitu\u00e9s<\/em>\u00a0\u00bb, a encore fait valoir Nathalie Gavarino, pour expliquer les relaxes sur ce d\u00e9lit, notamment celle de l\u2019ancien pr\u00e9sident.<\/p>\n<p>Deux anciens proches collaborateurs de\u00a0<a href=\"https:\/\/www.rfi.fr\/fr\/tag\/nicolas-sarkozy\/\">Nicolas Sarkozy<\/a>, Claude Gu\u00e9ant et Brice Hortefeux, ont \u00e9t\u00e9 \u00e9galement reconnus coupables lors du proc\u00e8s.\u00a0Le premier a \u00e9t\u00e9 condamn\u00e9 \u00e0 six ans de prison pour corruption passive et faux, tandis que Brice Hortefeux a \u00e9t\u00e9 condamn\u00e9 \u00e0 deux ans pour association de malfaiteurs. La pr\u00e9sidente Nathalie Gavarino doit d\u00e9sormais prononcer les peines.<\/p>\n<p>La peine de Brice Hortefeux, 67 ans, am\u00e9nageable sous bracelet \u00e9lectronique \u00e0 domicile, a \u00e9t\u00e9 assortie de l\u2019ex\u00e9cution provisoire, c\u2019est-\u00e0-dire applicable m\u00eame en cas d\u2019appel. Le tribunal n\u2019a pas prononc\u00e9 de mandat de d\u00e9p\u00f4t contre Claude Gu\u00e9ant, 80 ans, en raison de son \u00e9tat de sant\u00e9. Les deux hommes ont \u00e9t\u00e9 reconnus coupables d\u2019avoir men\u00e9 des discussions avec la Libye de Mouammar Kadhafi dans le but d\u2019obtenir un financement occulte de la campagne pr\u00e9sidentielle de Nicolas Sarkozy en 2007<\/p>\n<p>\u00c9ric Woerth, tr\u00e9sorier de la campagne de 2007, a, lui, \u00e9t\u00e9 relax\u00e9. \u00c0 la suite \u00e0 la mort au Liban mardi d\u2019un des pr\u00e9venus et\u00a0<a href=\"https:\/\/www.rfi.fr\/fr\/moyen-orient\/20250923-disparition-du-franco-libanais-ziad-takieddine-personnage-cl%C3%A9-de-l-affaire-libyenne-en-france\">protagoniste cl\u00e9 du dossier, Ziad Takieddine<\/a>, le tribunal de Paris a constat\u00e9 l\u2019extinction de l\u2019action publique \u00e0 son encontre apr\u00e8s la communication d\u2019un acte de d\u00e9c\u00e8s officiel.<\/p>\n<h2>Un \u00ab\u00a0<em>pacte de corruption faustien avec un des dictateurs les plus infr\u00e9quentables de ces 30 derni\u00e8res ann\u00e9es\u00a0<\/em>\u00bb<\/h2>\n<p>Suivez toute l\u2019actualit\u00e9 internationale en t\u00e9l\u00e9chargeant l\u2019application RFI<\/p>\n<p>\u00c0 l\u2019encontre de Nicolas Sarkozy, arriv\u00e9 peu avant le d\u00e9but de la lecture du jugement, accompagn\u00e9 de sa femme, Carla Bruni, les repr\u00e9sentants du PNF l\u2019accusaient d\u2019avoir nou\u00e9 un \u00ab\u00a0<em>pacte de corruption faustien avec un des dictateurs les plus infr\u00e9quentables de ces 30 derni\u00e8res ann\u00e9es\u00a0<\/em>\u00bb. Le PNF avait requis sept ans de prison, 300\u00a0000 euros d\u2019amende et cinq ans d\u2019in\u00e9ligibilit\u00e9, soit la peine la plus lourde r\u00e9clam\u00e9e contre les 12\u00a0pr\u00e9venus. Pour les procureurs, Nicolas Sarkozy, 70 ans, a \u00e9t\u00e9 aussi bien un \u00ab\u00a0<em>commanditaire\u00a0<\/em>\u00bb qu\u2019un b\u00e9n\u00e9ficiaire de ce financement.<\/p>\n<p>En \u00e9change de l\u2019argent, selon l\u2019accusation, le sixi\u00e8me pr\u00e9sident de la V\u00e8me R\u00e9publique fran\u00e7aise (2007-2012) aurait notamment favoris\u00e9 le retour sur la sc\u00e8ne internationale de la\u00a0<a href=\"https:\/\/www.rfi.fr\/fr\/tag\/libye\/\">Libye<\/a>\u00a0et se serait engag\u00e9 \u00e0 absoudre le beau-fr\u00e8re du guide, Abdallah Senoussi, condamn\u00e9 \u00e0 la perp\u00e9tuit\u00e9 pour son r\u00f4le dans l\u2019attentat du DC-10 de l\u2019UTA qui avait co\u00fbt\u00e9 la vie \u00e0 170\u00a0personnes en 1989.<\/p>\n<p>Pendant plus d\u2019une d\u00e9cennie, Nicolas Sarkozy, contre qui le parquet a \u00e9galement requis 300 000 euros d\u2019amende et cinq ans d\u2019in\u00e9ligibilit\u00e9, a cri\u00e9 \u00e0 l\u2019\u00ab\u00a0<em>infamie\u00a0<\/em>\u00bb et r\u00e9pondu aux journalistes qu\u2019ils devraient avoir \u00ab\u00a0<em>honte\u00a0<\/em>\u00bb d\u2019\u00e9voquer l\u2019affaire. Durant les trois mois de proc\u00e8s, le vocabulaire a pu varier, pas la proclamation d\u2019innocence.<\/p>\n<p>RFI<\/p>\n<p>&nbsp;<\/p>\n","protected":false},"excerpt":{"rendered":"<p>C\u2019est l\u2019affaire dans laquelle Nicolas Sarkozy risquait la plus lourde sanction. L\u2019ex-pr\u00e9sident fran\u00e7ais a \u00e9t\u00e9 condamn\u00e9 jeudi 25 septembre \u00e0 cinq ans de prison avec mandat de d\u00e9p\u00f4t \u00e0 effet diff\u00e9r\u00e9 pour association de malfaiteurs. Il a toutefois \u00e9t\u00e9 relax\u00e9 des faits de corruption lors de son jugement jeudi 25 septembre. Un appel ne pourra [&hellip;]<\/p>\n","protected":false},"author":2,"featured_media":37548,"comment_status":"open","ping_status":"closed","sticky":false,"template":"","format":"standard","meta":{"buzzeditor_post_format":"","footnotes":""},"categories":[42],"tags":[],"class_list":["post-37547","post","type-post","status-publish","format-standard","has-post-thumbnail","hentry","category-news"],"jetpack_featured_media_url":"https:\/\/guineechrono.com\/wp-content\/uploads\/2025\/09\/sarkosy.jpeg","amp_enabled":true,"_links":{"self":[{"href":"https:\/\/guineechrono.com\/index.php\/wp-json\/wp\/v2\/posts\/37547","targetHints":{"allow":["GET"]}}],"collection":[{"href":"https:\/\/guineechrono.com\/index.php\/wp-json\/wp\/v2\/posts"}],"about":[{"href":"https:\/\/guineechrono.com\/index.php\/wp-json\/wp\/v2\/types\/post"}],"author":[{"embeddable":true,"href":"https:\/\/guineechrono.com\/index.php\/wp-json\/wp\/v2\/users\/2"}],"replies":[{"embeddable":true,"href":"https:\/\/guineechrono.com\/index.php\/wp-json\/wp\/v2\/comments?post=37547"}],"version-history":[{"count":1,"href":"https:\/\/guineechrono.com\/index.php\/wp-json\/wp\/v2\/posts\/37547\/revisions"}],"predecessor-version":[{"id":37549,"href":"https:\/\/guineechrono.com\/index.php\/wp-json\/wp\/v2\/posts\/37547\/revisions\/37549"}],"wp:featuredmedia":[{"embeddable":true,"href":"https:\/\/guineechrono.com\/index.php\/wp-json\/wp\/v2\/media\/37548"}],"wp:attachment":[{"href":"https:\/\/guineechrono.com\/index.php\/wp-json\/wp\/v2\/media?parent=37547"}],"wp:term":[{"taxonomy":"category","embeddable":true,"href":"https:\/\/guineechrono.com\/index.php\/wp-json\/wp\/v2\/categories?post=37547"},{"taxonomy":"post_tag","embeddable":true,"href":"https:\/\/guineechrono.com\/index.php\/wp-json\/wp\/v2\/tags?post=37547"}],"curies":[{"name":"wp","href":"https:\/\/api.w.org\/{rel}","templated":true}]}}