{"id":37550,"date":"2025-09-25T18:29:58","date_gmt":"2025-09-25T17:29:58","guid":{"rendered":"https:\/\/guineechrono.com\/?p=37550"},"modified":"2025-09-25T18:30:58","modified_gmt":"2025-09-25T17:30:58","slug":"referendum-du-21-septembre-lalliance-des-forces-patriotiques-afp-se-felicite-de-la-victoire-du-oui","status":"publish","type":"post","link":"https:\/\/guineechrono.com\/index.php\/referendum-du-21-septembre-lalliance-des-forces-patriotiques-afp-se-felicite-de-la-victoire-du-oui\/","title":{"rendered":"R\u00e9f\u00e9rendum du 21 septembre : l\u2019Alliance des Forces Patriotiques (AFP) se f\u00e9licite de la victoire du \u00ab\u00a0OUI\u00a0\u00bb"},"content":{"rendered":"<p><strong>L\u2019Alliance des Forces Patriotiques (AFP) a organis\u00e9 ce mercredi une c\u00e9r\u00e9monie de c\u00e9l\u00e9bration suite \u00e0 la victoire du \u00ab\u00a0OUI\u00a0\u00bb lors du r\u00e9f\u00e9rendum du 21 septembre. L\u2019\u00e9v\u00e9nement s\u2019est tenu au si\u00e8ge du mouvement, situ\u00e9 dans la commune de Matoto, en pr\u00e9sence de militants, sympathisants et leaders affili\u00e9s \u00e0 la plateforme.<\/strong><\/p>\n<p>Pr\u00e9sid\u00e9e par le conseiller sp\u00e9cial du chef de l\u2019\u00c9tat, Amadou Fofana, par ailleurs parrain de l\u2019AFP, la rencontre a \u00e9t\u00e9 marqu\u00e9e par des discours empreints de satisfaction et d\u2019engagement envers les id\u00e9aux du pr\u00e9sident de la transition, le G\u00e9n\u00e9ral Mamadi Doumbouya. <strong>\u00ab J\u2019ai \u00e9t\u00e9 agr\u00e9ablement surpris par l\u2019engouement des militants de l\u2019AFP. Cela me touche profond\u00e9ment. Comme je l\u2019ai toujours dit, je continuerai de les encourager \u00e0 se mobiliser autour de l\u2019id\u00e9al qu\u2019ils d\u00e9fendent : la coh\u00e9sion sociale, la paix et le vivre-ensemble \u00bb<\/strong>, a d\u00e9clar\u00e9 Amadou Fofana.<\/p>\n<p>Il a \u00e9galement salu\u00e9 la croissance du mouvement : <strong>\u00ab Aujourd\u2019hui, la famille s\u2019agrandit. Je suis pr\u00eat \u00e0 les accompagner dans cette dynamique, et ils peuvent compter sur mon soutien ind\u00e9fectible. \u00bb<\/strong><\/p>\n<p>De son c\u00f4t\u00e9, le coordinateur national de l\u2019AFP, Aboubacar Soumah, a exprim\u00e9 sa fiert\u00e9 face \u00e0 l\u2019adh\u00e9sion massive enregistr\u00e9e \u00e0 travers le pays. <strong>\u00ab L\u2019AFP est aujourd\u2019hui une force qui d\u00e9passe ses fondateurs. Ce sont les Guin\u00e9ens eux-m\u00eames, \u00e9pris de paix et de patriotisme, qui font vivre ce mouvement. Nous devons remercier le conseiller Amadou Fofana et les membres de l\u2019Arbre \u00e0 palabres pour leur r\u00f4le d\u00e9terminant dans cette dynamique \u00bb<\/strong>, a-t-il affirm\u00e9.<\/p>\n<p>Il a par ailleurs annonc\u00e9 le d\u00e9ploiement prochain de missions de terrain dans toutes les r\u00e9gions du pays : <strong>\u00ab Dans les jours \u00e0 venir, nos \u00e9quipes se rendront dans toutes les localit\u00e9s de la Guin\u00e9e : de la Guin\u00e9e foresti\u00e8re, en passant par la Haute-Guin\u00e9e, jusqu\u2019au Fouta. \u00bb<\/strong><\/p>\n<p>Prenant \u00e9galement la parole, la pr\u00e9sidente nationale des femmes de l\u2019AFP, Louisa Camara, a tenu \u00e0 exprimer sa reconnaissance envers le pr\u00e9sident Mamadi Doumbouya. <strong>\u00ab Le pr\u00e9sident de la R\u00e9publique n\u2019a m\u00e9nag\u00e9 aucun effort pour aider le peuple de Guin\u00e9e. Il nous a demand\u00e9 d\u2019aller vers tous les citoyens, qu\u2019ils soient favorables ou non \u00e0 sa vision, pour les rassembler autour d\u2019un id\u00e9al commun : une Guin\u00e9e unie et indivisible \u00bb<\/strong>, a-t-elle soulign\u00e9.<\/p>\n<p>La rencontre s\u2019est cl\u00f4tur\u00e9e dans une ambiance de ferveur et de mobilisation, confirmant le r\u00f4le croissant de l\u2019AFP dans le paysage politique guin\u00e9en post-r\u00e9f\u00e9rendaire.<\/p>\n<p><strong>R\u00e9daction<\/strong><\/p>\n<p>&nbsp;<\/p>\n","protected":false},"excerpt":{"rendered":"<p>L\u2019Alliance des Forces Patriotiques (AFP) a organis\u00e9 ce mercredi une c\u00e9r\u00e9monie de c\u00e9l\u00e9bration suite \u00e0 la victoire du \u00ab\u00a0OUI\u00a0\u00bb lors du r\u00e9f\u00e9rendum du 21 septembre. L\u2019\u00e9v\u00e9nement s\u2019est tenu au si\u00e8ge du mouvement, situ\u00e9 dans la commune de Matoto, en pr\u00e9sence de militants, sympathisants et leaders affili\u00e9s \u00e0 la plateforme. Pr\u00e9sid\u00e9e par le conseiller sp\u00e9cial du [&hellip;]<\/p>\n","protected":false},"author":2,"featured_media":37551,"comment_status":"open","ping_status":"closed","sticky":false,"template":"","format":"standard","meta":{"buzzeditor_post_format":"","footnotes":""},"categories":[42],"tags":[],"class_list":["post-37550","post","type-post","status-publish","format-standard","has-post-thumbnail","hentry","category-news"],"jetpack_featured_media_url":"https:\/\/guineechrono.com\/wp-content\/uploads\/2025\/09\/AFP.jpg","amp_enabled":true,"_links":{"self":[{"href":"https:\/\/guineechrono.com\/index.php\/wp-json\/wp\/v2\/posts\/37550","targetHints":{"allow":["GET"]}}],"collection":[{"href":"https:\/\/guineechrono.com\/index.php\/wp-json\/wp\/v2\/posts"}],"about":[{"href":"https:\/\/guineechrono.com\/index.php\/wp-json\/wp\/v2\/types\/post"}],"author":[{"embeddable":true,"href":"https:\/\/guineechrono.com\/index.php\/wp-json\/wp\/v2\/users\/2"}],"replies":[{"embeddable":true,"href":"https:\/\/guineechrono.com\/index.php\/wp-json\/wp\/v2\/comments?post=37550"}],"version-history":[{"count":2,"href":"https:\/\/guineechrono.com\/index.php\/wp-json\/wp\/v2\/posts\/37550\/revisions"}],"predecessor-version":[{"id":37553,"href":"https:\/\/guineechrono.com\/index.php\/wp-json\/wp\/v2\/posts\/37550\/revisions\/37553"}],"wp:featuredmedia":[{"embeddable":true,"href":"https:\/\/guineechrono.com\/index.php\/wp-json\/wp\/v2\/media\/37551"}],"wp:attachment":[{"href":"https:\/\/guineechrono.com\/index.php\/wp-json\/wp\/v2\/media?parent=37550"}],"wp:term":[{"taxonomy":"category","embeddable":true,"href":"https:\/\/guineechrono.com\/index.php\/wp-json\/wp\/v2\/categories?post=37550"},{"taxonomy":"post_tag","embeddable":true,"href":"https:\/\/guineechrono.com\/index.php\/wp-json\/wp\/v2\/tags?post=37550"}],"curies":[{"name":"wp","href":"https:\/\/api.w.org\/{rel}","templated":true}]}}