{"id":37561,"date":"2025-09-26T10:29:06","date_gmt":"2025-09-26T09:29:06","guid":{"rendered":"https:\/\/guineechrono.com\/?p=37561"},"modified":"2025-09-26T10:29:06","modified_gmt":"2025-09-26T09:29:06","slug":"mamadi-doumbouya-le-candidat-naturel-de-la-mouvance-presidentielle-de-lafp-par-honorable-cheick-tidiane-traore","status":"publish","type":"post","link":"https:\/\/guineechrono.com\/index.php\/mamadi-doumbouya-le-candidat-naturel-de-la-mouvance-presidentielle-de-lafp-par-honorable-cheick-tidiane-traore\/","title":{"rendered":"Mamadi Doumbouya : le candidat naturel de la mouvance pr\u00e9sidentielle de l\u2019AFP (par Honorable Cheick Tidiane Traor\u00e9)"},"content":{"rendered":"<p>Au moment o\u00f9 la Guin\u00e9e s\u2019appr\u00eate \u00e0 franchir une \u00e9tape d\u00e9cisive de son histoire politique, l\u2019Alliance des Forces Patriotiques (AFP) exprime avec conviction et responsabilit\u00e9 sa position. Par la voix de ses composantes, elle rappelle que le G\u00e9n\u00e9ral Mamadi Doumbouya, Chef de l\u2019\u00c9tat et artisan de la refondation nationale, demeure le candidat naturel de la mouvance pr\u00e9sidentielle.<\/p>\n<p>Son action depuis le 5 septembre 2021 a permis de restaurer l\u2019autorit\u00e9 de l\u2019\u00c9tat, de renforcer la souverainet\u00e9 nationale et de tracer les bases d\u2019un d\u00e9veloppement durable. Dans un contexte marqu\u00e9 par de nombreux d\u00e9fis, il a su incarner la stabilit\u00e9, l\u2019unit\u00e9 et l\u2019esp\u00e9rance, qualit\u00e9s qui fondent aujourd\u2019hui la l\u00e9gitimit\u00e9 de sa candidature.<\/p>\n<p>En se constituant en plateforme politique structur\u00e9e et inclusive, l\u2019AFP a choisi de porter ce projet dans un esprit de rassemblement et de responsabilit\u00e9 nationale. Elle traduit ainsi une aspiration profonde : voir se poursuivre, \u00e0 travers la voix des urnes, l\u2019\u0153uvre entreprise pour la Guin\u00e9e.<\/p>\n<p>Et parce que toute action humaine trouve sa force dans la b\u00e9n\u00e9diction divine, nous prions le Tout-Puissant d\u2019exaucer les pri\u00e8res des Guin\u00e9ennes et des Guin\u00e9ens, en consolidant la paix, la prosp\u00e9rit\u00e9 et en gardant le G\u00e9n\u00e9ral Mamadi Doumbouya au service de la Nation.<\/p>\n<p>Ainsi, consid\u00e9rer Mamadi Doumbouya comme le candidat naturel de la mouvance pr\u00e9sidentielle ne rel\u00e8ve pas de la circonstance, mais d\u2019une \u00e9vidence historique et d\u2019un consensus populaire. L\u2019AFP, en l\u2019affirmant solennellement, s\u2019inscrit dans le prolongement d\u2019une volont\u00e9 nationale : pr\u00e9server les acquis de la transition et ouvrir la voie \u00e0 une nouvelle \u00e9tape de stabilit\u00e9 d\u00e9mocratique et de d\u00e9veloppement partag\u00e9.<\/p>\n<p>La Patrie au dessus de tout.<\/p>\n<p>Que Dieu prot\u00e8ge la Guin\u00e9e et b\u00e9nisse les Guin\u00e9ens.<\/p>\n<p>Honorable Cheick Tidiane Traor\u00e9<\/p>\n<p>Vice-coordonnateur &#8211; Porte parole de l\u2019AFP<\/p>\n","protected":false},"excerpt":{"rendered":"<p>Au moment o\u00f9 la Guin\u00e9e s\u2019appr\u00eate \u00e0 franchir une \u00e9tape d\u00e9cisive de son histoire politique, l\u2019Alliance des Forces Patriotiques (AFP) exprime avec conviction et responsabilit\u00e9 sa position. Par la voix de ses composantes, elle rappelle que le G\u00e9n\u00e9ral Mamadi Doumbouya, Chef de l\u2019\u00c9tat et artisan de la refondation nationale, demeure le candidat naturel de la [&hellip;]<\/p>\n","protected":false},"author":2,"featured_media":37562,"comment_status":"open","ping_status":"closed","sticky":false,"template":"","format":"standard","meta":{"buzzeditor_post_format":"","footnotes":""},"categories":[42],"tags":[],"class_list":["post-37561","post","type-post","status-publish","format-standard","has-post-thumbnail","hentry","category-news"],"jetpack_featured_media_url":"https:\/\/guineechrono.com\/wp-content\/uploads\/2025\/09\/generalee.webp","amp_enabled":true,"_links":{"self":[{"href":"https:\/\/guineechrono.com\/index.php\/wp-json\/wp\/v2\/posts\/37561","targetHints":{"allow":["GET"]}}],"collection":[{"href":"https:\/\/guineechrono.com\/index.php\/wp-json\/wp\/v2\/posts"}],"about":[{"href":"https:\/\/guineechrono.com\/index.php\/wp-json\/wp\/v2\/types\/post"}],"author":[{"embeddable":true,"href":"https:\/\/guineechrono.com\/index.php\/wp-json\/wp\/v2\/users\/2"}],"replies":[{"embeddable":true,"href":"https:\/\/guineechrono.com\/index.php\/wp-json\/wp\/v2\/comments?post=37561"}],"version-history":[{"count":1,"href":"https:\/\/guineechrono.com\/index.php\/wp-json\/wp\/v2\/posts\/37561\/revisions"}],"predecessor-version":[{"id":37563,"href":"https:\/\/guineechrono.com\/index.php\/wp-json\/wp\/v2\/posts\/37561\/revisions\/37563"}],"wp:featuredmedia":[{"embeddable":true,"href":"https:\/\/guineechrono.com\/index.php\/wp-json\/wp\/v2\/media\/37562"}],"wp:attachment":[{"href":"https:\/\/guineechrono.com\/index.php\/wp-json\/wp\/v2\/media?parent=37561"}],"wp:term":[{"taxonomy":"category","embeddable":true,"href":"https:\/\/guineechrono.com\/index.php\/wp-json\/wp\/v2\/categories?post=37561"},{"taxonomy":"post_tag","embeddable":true,"href":"https:\/\/guineechrono.com\/index.php\/wp-json\/wp\/v2\/tags?post=37561"}],"curies":[{"name":"wp","href":"https:\/\/api.w.org\/{rel}","templated":true}]}}