{"id":37577,"date":"2025-09-27T15:32:30","date_gmt":"2025-09-27T14:32:30","guid":{"rendered":"https:\/\/guineechrono.com\/?p=37577"},"modified":"2025-09-27T15:32:30","modified_gmt":"2025-09-27T14:32:30","slug":"ibrahima-sory-keita-le-merite-du-dr-dansa-kourouma-dans-la-promulgation-de-la-loi-supreme-restera-grave-dans-lhistoire","status":"publish","type":"post","link":"https:\/\/guineechrono.com\/index.php\/ibrahima-sory-keita-le-merite-du-dr-dansa-kourouma-dans-la-promulgation-de-la-loi-supreme-restera-grave-dans-lhistoire\/","title":{"rendered":"Ibrahima Sory Keita : \u00ab Le m\u00e9rite du Dr Dansa Kourouma dans la promulgation de la Loi supr\u00eame restera grav\u00e9 dans l\u2019histoire \u00bb"},"content":{"rendered":"<p>Au lendemain de la promulgation de la nouvelle Constitution, notre r\u00e9daction est all\u00e9e \u00e0 la rencontre de M. Ibrahima Sory Keita, fonctionnaire parlementaire et membre du cabinet du pr\u00e9sident du Conseil National de la Transition (CNT). Dans cet entretien exclusif, il revient sur la port\u00e9e historique de cet \u00e9v\u00e9nement majeur et rend un vibrant hommage \u00e0 son mentor, le Dr Dansa Kourouma, pr\u00e9sident du CNT.<\/p>\n<p><strong>La vision du pr\u00e9sident de la R\u00e9publique, le G\u00e9n\u00e9ral Mamadi Doumbouya<\/strong><\/p>\n<p>Pour M. Keita, ce succ\u00e8s s\u2019inscrit avant tout dans la vision \u00e9clair\u00e9e du pr\u00e9sident de la R\u00e9publique, le G\u00e9n\u00e9ral Mamadi Doumbouya. \u00ab Le chef de l\u2019\u00c9tat a su donner la direction et l\u2019\u00e9lan n\u00e9cessaires. Sa clairvoyance et sa d\u00e9termination ont permis \u00e0 la Guin\u00e9e d\u2019entrer dans une nouvelle \u00e8re institutionnelle \u00bb, souligne-t-il.<\/p>\n<p><strong>Le leadership du Dr Dansa Kourouma, artisan principal<\/strong><\/p>\n<p>\u00c9voquant le r\u00f4le central du pr\u00e9sident du CNT, M. Keita insiste : \u00ab Le m\u00e9rite revient avant tout au Dr Dansa Kourouma, qui a incarn\u00e9 le leadership et le sens du consensus. Son engagement, son abn\u00e9gation et son esprit rassembleur ont permis d\u2019\u00e9crire cette nouvelle page de notre histoire commune. \u00bb<\/p>\n<p>Pour lui, le Dr Dansa restera dans la m\u00e9moire collective comme <strong>l\u2019artisan principal<\/strong> de cette \u0153uvre majeure.<\/p>\n<ol>\n<li>Keita t\u00e9moigne \u00e9galement de son engagement ind\u00e9fectible, en rappelant la r\u00e9cente campagne r\u00e9f\u00e9rendaire : \u00ab J\u2019ai vu le Dr Dansa parcourir sans rel\u00e2che de longs trajets \u00e0 travers le pays, refusant tout repos pour la cause de la nation guin\u00e9enne. C\u2019est pourquoi je le qualifie souvent d\u2019homme qui donne tout pour son pays. Il m\u00e9rite la reconnaissance du peuple \u00bb, affirme-t-il.<\/li>\n<\/ol>\n<p><strong>L\u2019effort collectif des conseillers nationaux et des travailleurs parlementaires<\/strong><\/p>\n<p>Soucieux de ne rien omettre, M. Keita salue \u00e9galement la contribution de ses coll\u00e8gues conseillers nationaux ainsi que celle des travailleurs parlementaires.<\/p>\n<p>\u00ab Leur d\u00e9termination et leur professionnalisme ont \u00e9t\u00e9 exemplaires. Sans eux, cette victoire collective n\u2019aurait pas \u00e9t\u00e9 possible \u00bb, dit-il avec conviction.<\/p>\n<p><strong>Une nouvelle \u00e8re pour la Guin\u00e9e<\/strong><\/p>\n<p>En conclusion, Ibrahima Sory Keita se dit convaincu que la promulgation de la Loi supr\u00eame : \u00ab n\u2019est pas seulement un acte juridique, mais une promesse de justice, de paix et d\u2019unit\u00e9 nationale. \u00bb<\/p>\n<p>Il lance enfin un appel \u00e0 toutes les forces vives de la nation pour accompagner la mise en \u0153uvre de cette Constitution, qui ouvre la voie \u00e0 un avenir de stabilit\u00e9 et de progr\u00e8s.<\/p>\n<p><strong>R\u00e9daction<\/strong><\/p>\n<p>&nbsp;<\/p>\n","protected":false},"excerpt":{"rendered":"<p>Au lendemain de la promulgation de la nouvelle Constitution, notre r\u00e9daction est all\u00e9e \u00e0 la rencontre de M. Ibrahima Sory Keita, fonctionnaire parlementaire et membre du cabinet du pr\u00e9sident du Conseil National de la Transition (CNT). Dans cet entretien exclusif, il revient sur la port\u00e9e historique de cet \u00e9v\u00e9nement majeur et rend un vibrant hommage [&hellip;]<\/p>\n","protected":false},"author":2,"featured_media":37578,"comment_status":"open","ping_status":"closed","sticky":false,"template":"","format":"standard","meta":{"buzzeditor_post_format":"","footnotes":""},"categories":[42],"tags":[],"class_list":["post-37577","post","type-post","status-publish","format-standard","has-post-thumbnail","hentry","category-news"],"jetpack_featured_media_url":"https:\/\/guineechrono.com\/wp-content\/uploads\/2025\/09\/IMG-20250927-WA0203.jpg","amp_enabled":true,"_links":{"self":[{"href":"https:\/\/guineechrono.com\/index.php\/wp-json\/wp\/v2\/posts\/37577","targetHints":{"allow":["GET"]}}],"collection":[{"href":"https:\/\/guineechrono.com\/index.php\/wp-json\/wp\/v2\/posts"}],"about":[{"href":"https:\/\/guineechrono.com\/index.php\/wp-json\/wp\/v2\/types\/post"}],"author":[{"embeddable":true,"href":"https:\/\/guineechrono.com\/index.php\/wp-json\/wp\/v2\/users\/2"}],"replies":[{"embeddable":true,"href":"https:\/\/guineechrono.com\/index.php\/wp-json\/wp\/v2\/comments?post=37577"}],"version-history":[{"count":1,"href":"https:\/\/guineechrono.com\/index.php\/wp-json\/wp\/v2\/posts\/37577\/revisions"}],"predecessor-version":[{"id":37579,"href":"https:\/\/guineechrono.com\/index.php\/wp-json\/wp\/v2\/posts\/37577\/revisions\/37579"}],"wp:featuredmedia":[{"embeddable":true,"href":"https:\/\/guineechrono.com\/index.php\/wp-json\/wp\/v2\/media\/37578"}],"wp:attachment":[{"href":"https:\/\/guineechrono.com\/index.php\/wp-json\/wp\/v2\/media?parent=37577"}],"wp:term":[{"taxonomy":"category","embeddable":true,"href":"https:\/\/guineechrono.com\/index.php\/wp-json\/wp\/v2\/categories?post=37577"},{"taxonomy":"post_tag","embeddable":true,"href":"https:\/\/guineechrono.com\/index.php\/wp-json\/wp\/v2\/tags?post=37577"}],"curies":[{"name":"wp","href":"https:\/\/api.w.org\/{rel}","templated":true}]}}