{"id":37603,"date":"2025-09-29T21:06:42","date_gmt":"2025-09-29T20:06:42","guid":{"rendered":"https:\/\/guineechrono.com\/?p=37603"},"modified":"2025-09-29T21:06:42","modified_gmt":"2025-09-29T20:06:42","slug":"guinee-presse-ecrite-le-journal-la-nouvelle-ere-quitte-lagepi-et-rejoint-lagpe","status":"publish","type":"post","link":"https:\/\/guineechrono.com\/index.php\/guinee-presse-ecrite-le-journal-la-nouvelle-ere-quitte-lagepi-et-rejoint-lagpe\/","title":{"rendered":"Guin\u00e9e\/Presse \u00e9crite : Le journal \u2018\u2019La Nouvelle \u00c8re\u2019\u2019 quitte l\u2019AGEPI et rejoint l\u2019AGPE"},"content":{"rendered":"<p><strong>Apr\u00e8s une longue p\u00e9riode de r\u00e9flexion, le journal <em>La Nouvelle \u00c8re<\/em> a officiellement quitt\u00e9 l\u2019Association guin\u00e9enne des \u00e9diteurs de la presse ind\u00e9pendante (AGEPI) pour int\u00e9grer l\u2019Association Guin\u00e9enne de la Presse \u00c9crite (AGPE).<\/strong><\/p>\n<p>La c\u00e9r\u00e9monie de remise de la lettre d\u2019adh\u00e9sion s\u2019est tenue ce lundi 29 septembre 2025. Le directeur de publication du journal, Alseny Macir\u00e9 Fofana, a personnellement remis le document \u00e0 la pr\u00e9sidente de l\u2019AGPE, en pr\u00e9sence de plusieurs membres de l\u2019association.<\/p>\n<p>Ce changement d\u2019affiliation marque une nouvelle orientation pour <em>La Nouvelle \u00c8re<\/em>, qui entend, selon son directeur, \u00ab\u00a0s\u2019inscrire dans une dynamique plus inclusive et tourn\u00e9e vers la d\u00e9fense des int\u00e9r\u00eats de la presse \u00e9crite guin\u00e9enne dans toute sa diversit\u00e9\u00a0\u00bb.<\/p>\n<p>La pr\u00e9sidente de l\u2019AGPE, de son c\u00f4t\u00e9, a salu\u00e9 cette nouvelle adh\u00e9sion, la consid\u00e9rant comme un signe de confiance et de renforcement de son engagement en faveur du professionnalisme et de la solidarit\u00e9 entre organes de presse en R\u00e9publique de Guin\u00e9e.<\/p>\n<p><strong>R\u00e9daction <\/strong><\/p>\n","protected":false},"excerpt":{"rendered":"<p>Apr\u00e8s une longue p\u00e9riode de r\u00e9flexion, le journal La Nouvelle \u00c8re a officiellement quitt\u00e9 l\u2019Association guin\u00e9enne des \u00e9diteurs de la presse ind\u00e9pendante (AGEPI) pour int\u00e9grer l\u2019Association Guin\u00e9enne de la Presse \u00c9crite (AGPE). La c\u00e9r\u00e9monie de remise de la lettre d\u2019adh\u00e9sion s\u2019est tenue ce lundi 29 septembre 2025. Le directeur de publication du journal, Alseny Macir\u00e9 [&hellip;]<\/p>\n","protected":false},"author":2,"featured_media":37604,"comment_status":"open","ping_status":"closed","sticky":false,"template":"","format":"standard","meta":{"buzzeditor_post_format":"","footnotes":""},"categories":[42],"tags":[],"class_list":["post-37603","post","type-post","status-publish","format-standard","has-post-thumbnail","hentry","category-news"],"jetpack_featured_media_url":"https:\/\/guineechrono.com\/wp-content\/uploads\/2025\/09\/FB_IMG_1759174529346.jpg","amp_enabled":true,"_links":{"self":[{"href":"https:\/\/guineechrono.com\/index.php\/wp-json\/wp\/v2\/posts\/37603","targetHints":{"allow":["GET"]}}],"collection":[{"href":"https:\/\/guineechrono.com\/index.php\/wp-json\/wp\/v2\/posts"}],"about":[{"href":"https:\/\/guineechrono.com\/index.php\/wp-json\/wp\/v2\/types\/post"}],"author":[{"embeddable":true,"href":"https:\/\/guineechrono.com\/index.php\/wp-json\/wp\/v2\/users\/2"}],"replies":[{"embeddable":true,"href":"https:\/\/guineechrono.com\/index.php\/wp-json\/wp\/v2\/comments?post=37603"}],"version-history":[{"count":1,"href":"https:\/\/guineechrono.com\/index.php\/wp-json\/wp\/v2\/posts\/37603\/revisions"}],"predecessor-version":[{"id":37605,"href":"https:\/\/guineechrono.com\/index.php\/wp-json\/wp\/v2\/posts\/37603\/revisions\/37605"}],"wp:featuredmedia":[{"embeddable":true,"href":"https:\/\/guineechrono.com\/index.php\/wp-json\/wp\/v2\/media\/37604"}],"wp:attachment":[{"href":"https:\/\/guineechrono.com\/index.php\/wp-json\/wp\/v2\/media?parent=37603"}],"wp:term":[{"taxonomy":"category","embeddable":true,"href":"https:\/\/guineechrono.com\/index.php\/wp-json\/wp\/v2\/categories?post=37603"},{"taxonomy":"post_tag","embeddable":true,"href":"https:\/\/guineechrono.com\/index.php\/wp-json\/wp\/v2\/tags?post=37603"}],"curies":[{"name":"wp","href":"https:\/\/api.w.org\/{rel}","templated":true}]}}