{"id":37619,"date":"2025-10-01T17:16:20","date_gmt":"2025-10-01T16:16:20","guid":{"rendered":"https:\/\/guineechrono.com\/?p=37619"},"modified":"2025-10-01T17:17:24","modified_gmt":"2025-10-01T16:17:24","slug":"maternite-de-ratoma-le-mouvement-mpagmd-fait-un-geste-solidaire-en-presence-du-ministre-fana-soumah","status":"publish","type":"post","link":"https:\/\/guineechrono.com\/index.php\/maternite-de-ratoma-le-mouvement-mpagmd-fait-un-geste-solidaire-en-presence-du-ministre-fana-soumah\/","title":{"rendered":"Maternit\u00e9 de Ratoma : le Mouvement MPAGMD fait un geste solidaire en pr\u00e9sence du ministre Fana Soumah"},"content":{"rendered":"<p>\u00c0 la veille de la c\u00e9l\u00e9bration du 67e anniversaire de l\u2019ind\u00e9pendance de la Guin\u00e9e, le Mouvement pour la Promotion des Acquis de la Gouvernance du Mamadisme et de la D\u00e9mocratie (MPAGMD) a organis\u00e9 une c\u00e9r\u00e9monie de remise de dons \u00e0 la maternit\u00e9 du Centre M\u00e9dical Communal (CMC) de Ratoma. L\u2019\u00e9v\u00e9nement s\u2019est d\u00e9roul\u00e9 en pr\u00e9sence du ministre de l\u2019Information et de la Communication, M. Fana Soumah.<\/p>\n<p>Cette action humanitaire visait \u00e0 soutenir les malades et les femmes hospitalis\u00e9es dans cet \u00e9tablissement de sant\u00e9, en cette p\u00e9riode symbolique pour le pays. Les responsables de la maternit\u00e9 ont salu\u00e9 ce geste de solidarit\u00e9, qu\u2019ils ont qualifi\u00e9 de \u00ab\u00a0hautement salutaire\u00a0\u00bb, soulignant l\u2019importance d\u2019une telle initiative pour les couches vuln\u00e9rables de la population guin\u00e9enne.<\/p>\n<p>Prenant la parole, la pr\u00e9sidente du mouvement MPAGMD, Mme Fatou B\u00e9r\u00e9t\u00e9, a exprim\u00e9 sa gratitude au ministre Fana Soumah pour sa pr\u00e9sence et son engagement constant aux c\u00f4t\u00e9s du pr\u00e9sident de la R\u00e9publique, le G\u00e9n\u00e9ral d\u2019Arm\u00e9e Mamadi Doumbouya. Elle a \u00e9galement r\u00e9affirm\u00e9 le soutien de son mouvement aux id\u00e9aux du Comit\u00e9 National du Rassemblement pour le D\u00e9veloppement (CNRD) et \u00e0 la vision du Chef de l\u2019\u00c9tat.<\/p>\n<p>Depuis sa nomination \u00e0 la t\u00eate du minist\u00e8re de l\u2019Information et de la Communication, M. Fana Soumah, ancien Directeur G\u00e9n\u00e9ral de la RTG et ex-pr\u00e9sentateur vedette du journal t\u00e9l\u00e9vis\u00e9 s\u2019est distingu\u00e9 par son leadership, sa ma\u00eetrise des dossiers strat\u00e9giques du d\u00e9partement et sa capacit\u00e9 \u00e0 dialoguer avec les diff\u00e9rents acteurs du secteur. Il est aujourd\u2019hui per\u00e7u comme l\u2019un des piliers du gouvernement de transition.<\/p>\n<p>R\u00e9cemment, il s\u2019est rendu \u00e0 l\u2019int\u00e9rieur du pays pour inaugurer plusieurs radios rurales et participer activement \u00e0 la campagne de vulgarisation de la nouvelle constitution, adopt\u00e9e \u00e0 la suite du r\u00e9f\u00e9rendum du 21 septembre dernier. \u00c0 chacune de ses visites, il a \u00e9t\u00e9 accueilli chaleureusement par les autorit\u00e9s locales et les populations, t\u00e9moignant de sa popularit\u00e9 croissante.<\/p>\n<p>Le mouvement MPAGMD a profit\u00e9 de cette occasion pour annoncer d\u2019autres initiatives \u00e0 venir en faveur des populations, toujours au nom du pr\u00e9sident Mamadi Doumbouya. Il a \u00e9galement r\u00e9it\u00e9r\u00e9 son appel en faveur de la candidature du Chef de l\u2019\u00c9tat \u00e0 la prochaine \u00e9lection pr\u00e9sidentielle pr\u00e9vue en d\u00e9cembre 2025.<\/p>\n<p>La c\u00e9r\u00e9monie s\u2019est d\u00e9roul\u00e9e dans une atmosph\u00e8re conviviale et empreinte d\u2019\u00e9motion, marquant ainsi un moment fort de solidarit\u00e9 et d\u2019engagement citoyen.<\/p>\n<p>&nbsp;<\/p>\n","protected":false},"excerpt":{"rendered":"<p>\u00c0 la veille de la c\u00e9l\u00e9bration du 67e anniversaire de l\u2019ind\u00e9pendance de la Guin\u00e9e, le Mouvement pour la Promotion des Acquis de la Gouvernance du Mamadisme et de la D\u00e9mocratie (MPAGMD) a organis\u00e9 une c\u00e9r\u00e9monie de remise de dons \u00e0 la maternit\u00e9 du Centre M\u00e9dical Communal (CMC) de Ratoma. L\u2019\u00e9v\u00e9nement s\u2019est d\u00e9roul\u00e9 en pr\u00e9sence du [&hellip;]<\/p>\n","protected":false},"author":2,"featured_media":37620,"comment_status":"open","ping_status":"closed","sticky":false,"template":"","format":"standard","meta":{"buzzeditor_post_format":"","footnotes":""},"categories":[52],"tags":[],"class_list":["post-37619","post","type-post","status-publish","format-standard","has-post-thumbnail","hentry","category-sante"],"jetpack_featured_media_url":"https:\/\/guineechrono.com\/wp-content\/uploads\/2025\/10\/ratooma.jpg","amp_enabled":true,"_links":{"self":[{"href":"https:\/\/guineechrono.com\/index.php\/wp-json\/wp\/v2\/posts\/37619","targetHints":{"allow":["GET"]}}],"collection":[{"href":"https:\/\/guineechrono.com\/index.php\/wp-json\/wp\/v2\/posts"}],"about":[{"href":"https:\/\/guineechrono.com\/index.php\/wp-json\/wp\/v2\/types\/post"}],"author":[{"embeddable":true,"href":"https:\/\/guineechrono.com\/index.php\/wp-json\/wp\/v2\/users\/2"}],"replies":[{"embeddable":true,"href":"https:\/\/guineechrono.com\/index.php\/wp-json\/wp\/v2\/comments?post=37619"}],"version-history":[{"count":2,"href":"https:\/\/guineechrono.com\/index.php\/wp-json\/wp\/v2\/posts\/37619\/revisions"}],"predecessor-version":[{"id":37622,"href":"https:\/\/guineechrono.com\/index.php\/wp-json\/wp\/v2\/posts\/37619\/revisions\/37622"}],"wp:featuredmedia":[{"embeddable":true,"href":"https:\/\/guineechrono.com\/index.php\/wp-json\/wp\/v2\/media\/37620"}],"wp:attachment":[{"href":"https:\/\/guineechrono.com\/index.php\/wp-json\/wp\/v2\/media?parent=37619"}],"wp:term":[{"taxonomy":"category","embeddable":true,"href":"https:\/\/guineechrono.com\/index.php\/wp-json\/wp\/v2\/categories?post=37619"},{"taxonomy":"post_tag","embeddable":true,"href":"https:\/\/guineechrono.com\/index.php\/wp-json\/wp\/v2\/tags?post=37619"}],"curies":[{"name":"wp","href":"https:\/\/api.w.org\/{rel}","templated":true}]}}