{"id":37623,"date":"2025-10-02T12:26:03","date_gmt":"2025-10-02T11:26:03","guid":{"rendered":"https:\/\/guineechrono.com\/?p=37623"},"modified":"2025-10-02T12:26:03","modified_gmt":"2025-10-02T11:26:03","slug":"67-ans-de-souverainete-pleinement-assumee","status":"publish","type":"post","link":"https:\/\/guineechrono.com\/index.php\/67-ans-de-souverainete-pleinement-assumee\/","title":{"rendered":"67 ans de souverainet\u00e9 pleinement assum\u00e9e"},"content":{"rendered":"<p><strong>Chers compatriotes,<\/strong><\/p>\n<p data-start=\"237\" data-end=\"448\">En ce jour hautement symbolique et exceptionnel de notre f\u00eate nationale, nous comm\u00e9morons ensemble le <strong data-start=\"339\" data-end=\"352\">2 octobre<\/strong>, cette date sacr\u00e9e qui a marqu\u00e9 le point de d\u00e9part d\u2019une <strong data-start=\"410\" data-end=\"447\">Guin\u00e9e libre, digne et souveraine<\/strong>.<\/p>\n<p data-start=\"450\" data-end=\"782\">J\u2019ai choisi, en ce moment solennel, de ne pas m\u2019attarder dans un long discours. Mais je ne saurais laisser passer cette occasion sans rappeler \u00e0 notre m\u00e9moire collective le <strong data-start=\"623\" data-end=\"660\">combat h\u00e9ro\u00efque de nos devanciers<\/strong>. Ils ont su dire <strong data-start=\"678\" data-end=\"702\">NON \u00e0 l\u2019imp\u00e9rialisme<\/strong> et ont offert \u00e0 l\u2019Afrique enti\u00e8re un <strong data-start=\"740\" data-end=\"781\">flambeau d\u2019esp\u00e9rance et de lib\u00e9ration<\/strong>.<\/p>\n<p data-start=\"784\" data-end=\"1048\">Le pays de <strong data-start=\"795\" data-end=\"810\">S\u00e9kou Tour\u00e9<\/strong>, de <strong data-start=\"815\" data-end=\"835\">Lansana B\u00e9avogui<\/strong>, de <strong data-start=\"840\" data-end=\"856\">Diallo Telli<\/strong>, de <strong data-start=\"861\" data-end=\"882\">Sa\u00effoulaye Diallo<\/strong>, de <strong data-start=\"887\" data-end=\"906\">Barry Diawandou<\/strong> et de tant d\u2019autres <strong data-start=\"927\" data-end=\"955\">dignes fils de la Nation<\/strong> demeure \u00e0 jamais li\u00e9 \u00e0 l\u2019histoire de la lutte pour la libert\u00e9 et l\u2019\u00e9mancipation des peuples.<\/p>\n<p data-start=\"1050\" data-end=\"1222\">Le <strong data-start=\"1053\" data-end=\"1066\">2 octobre<\/strong> n\u2019est pas seulement une date : c\u2019est le <strong data-start=\"1107\" data-end=\"1166\">symbole vivant du courage, du sacrifice et de la fiert\u00e9<\/strong> d\u2019un peuple qui a d\u00e9cid\u00e9 de prendre son destin en main.<\/p>\n<p data-start=\"1224\" data-end=\"1407\">Depuis <strong data-start=\"1231\" data-end=\"1239\">1958<\/strong>, la Guin\u00e9e marche r\u00e9solument sur son propre chemin, affrontant les \u00e9preuves, c\u00e9l\u00e9brant les victoires et poursuivant son id\u00e9al <strong data-start=\"1366\" data-end=\"1406\">d\u2019unit\u00e9, de justice et de prosp\u00e9rit\u00e9<\/strong>.<\/p>\n<p data-start=\"1409\" data-end=\"1762\">\u00c0 l\u2019\u00e9poque des ind\u00e9pendances, c\u2019est la <strong data-start=\"1448\" data-end=\"1470\">jeunesse guin\u00e9enne<\/strong>, consciente et d\u00e9termin\u00e9e, qui s\u2019est tenue en premi\u00e8re ligne du combat pour la libert\u00e9. Aujourd\u2019hui encore, c\u2019est \u00e0 elle de <strong data-start=\"1595\" data-end=\"1618\">relever le flambeau<\/strong> et d\u2019assumer sa part de responsabilit\u00e9. Apr\u00e8s l\u2019ind\u00e9pendance politique acquise par nos devanciers, il revient \u00e0 notre g\u00e9n\u00e9ration de conqu\u00e9rir :<\/p>\n<ul>\n<li data-start=\"1766\" data-end=\"1798\"><strong data-start=\"1766\" data-end=\"1795\">l\u2019ind\u00e9pendance \u00e9conomique<\/strong>,<\/li>\n<li data-start=\"1801\" data-end=\"1833\"><strong data-start=\"1801\" data-end=\"1830\">l\u2019autosuffisance agricole<\/strong>,<\/li>\n<li data-start=\"1836\" data-end=\"1864\"><strong data-start=\"1836\" data-end=\"1861\">l\u2019innovation digitale<\/strong>,<\/li>\n<li data-start=\"1867\" data-end=\"1906\">et le <strong data-start=\"1873\" data-end=\"1905\">leadership dans la modernit\u00e9<\/strong>.<\/li>\n<\/ul>\n<p data-start=\"1908\" data-end=\"2028\">L\u2019histoire nous appelle, et la Guin\u00e9e compte sur sa jeunesse pour b\u00e2tir une <strong data-start=\"1984\" data-end=\"2027\">Nation forte, comp\u00e9titive et rayonnante<\/strong>.<\/p>\n<p data-start=\"2030\" data-end=\"2358\">En ce jour m\u00e9morable, je rends hommage \u00e0 toutes les g\u00e9n\u00e9rations, pass\u00e9es et pr\u00e9sentes, qui ont su d\u00e9fendre et porter haut les <strong data-start=\"2156\" data-end=\"2189\">valeurs de notre ind\u00e9pendance<\/strong>. Je r\u00e9affirme, avec vous, mon <strong data-start=\"2220\" data-end=\"2287\">engagement ind\u00e9fectible pour une Guin\u00e9e unie, forte et prosp\u00e8re<\/strong>, fid\u00e8le \u00e0 l\u2019h\u00e9ritage de ses h\u00e9ros et r\u00e9solument tourn\u00e9e vers l\u2019avenir.<\/p>\n<p data-start=\"2360\" data-end=\"2418\"><strong data-start=\"2360\" data-end=\"2383\">Ibrahima Sory KEITA<\/strong><br data-start=\"2383\" data-end=\"2386\" \/><em data-start=\"2386\" data-end=\"2418\">Fils et serviteur de la Guin\u00e9e<\/em><\/p>\n<p>&nbsp;<\/p>\n","protected":false},"excerpt":{"rendered":"<p>Chers compatriotes, En ce jour hautement symbolique et exceptionnel de notre f\u00eate nationale, nous comm\u00e9morons ensemble le 2 octobre, cette date sacr\u00e9e qui a marqu\u00e9 le point de d\u00e9part d\u2019une Guin\u00e9e libre, digne et souveraine. J\u2019ai choisi, en ce moment solennel, de ne pas m\u2019attarder dans un long discours. Mais je ne saurais laisser passer [&hellip;]<\/p>\n","protected":false},"author":2,"featured_media":37624,"comment_status":"open","ping_status":"closed","sticky":false,"template":"","format":"standard","meta":{"buzzeditor_post_format":"","footnotes":""},"categories":[42],"tags":[],"class_list":["post-37623","post","type-post","status-publish","format-standard","has-post-thumbnail","hentry","category-news"],"jetpack_featured_media_url":"https:\/\/guineechrono.com\/wp-content\/uploads\/2025\/10\/IMG-20251002-WA0005.jpg","amp_enabled":true,"_links":{"self":[{"href":"https:\/\/guineechrono.com\/index.php\/wp-json\/wp\/v2\/posts\/37623","targetHints":{"allow":["GET"]}}],"collection":[{"href":"https:\/\/guineechrono.com\/index.php\/wp-json\/wp\/v2\/posts"}],"about":[{"href":"https:\/\/guineechrono.com\/index.php\/wp-json\/wp\/v2\/types\/post"}],"author":[{"embeddable":true,"href":"https:\/\/guineechrono.com\/index.php\/wp-json\/wp\/v2\/users\/2"}],"replies":[{"embeddable":true,"href":"https:\/\/guineechrono.com\/index.php\/wp-json\/wp\/v2\/comments?post=37623"}],"version-history":[{"count":1,"href":"https:\/\/guineechrono.com\/index.php\/wp-json\/wp\/v2\/posts\/37623\/revisions"}],"predecessor-version":[{"id":37625,"href":"https:\/\/guineechrono.com\/index.php\/wp-json\/wp\/v2\/posts\/37623\/revisions\/37625"}],"wp:featuredmedia":[{"embeddable":true,"href":"https:\/\/guineechrono.com\/index.php\/wp-json\/wp\/v2\/media\/37624"}],"wp:attachment":[{"href":"https:\/\/guineechrono.com\/index.php\/wp-json\/wp\/v2\/media?parent=37623"}],"wp:term":[{"taxonomy":"category","embeddable":true,"href":"https:\/\/guineechrono.com\/index.php\/wp-json\/wp\/v2\/categories?post=37623"},{"taxonomy":"post_tag","embeddable":true,"href":"https:\/\/guineechrono.com\/index.php\/wp-json\/wp\/v2\/tags?post=37623"}],"curies":[{"name":"wp","href":"https:\/\/api.w.org\/{rel}","templated":true}]}}