{"id":37638,"date":"2025-10-03T12:11:22","date_gmt":"2025-10-03T11:11:22","guid":{"rendered":"https:\/\/guineechrono.com\/?p=37638"},"modified":"2025-10-03T12:11:22","modified_gmt":"2025-10-03T11:11:22","slug":"67-ans-dindependance-lafp-celebre-la-guinee-et-soutient-la-candidature-du-general-doumbouya","status":"publish","type":"post","link":"https:\/\/guineechrono.com\/index.php\/67-ans-dindependance-lafp-celebre-la-guinee-et-soutient-la-candidature-du-general-doumbouya\/","title":{"rendered":"67 ans d\u2019ind\u00e9pendance : l\u2019AFP c\u00e9l\u00e8bre la Guin\u00e9e et soutient la candidature du G\u00e9n\u00e9ral Doumbouya"},"content":{"rendered":"<p><strong>\u00c0 l\u2019occasion du 67e anniversaire de l\u2019ind\u00e9pendance de la Guin\u00e9e, c\u00e9l\u00e9br\u00e9 le 2 octobre 2025, l\u2019Alliance des Forces Patriotiques (AFP) a organis\u00e9 un banquet patriotique dans ses locaux sis \u00e0 Matoto. <\/strong><\/p>\n<p>Cette c\u00e9r\u00e9monie a r\u00e9uni partisans et responsables politiques dans un esprit d\u2019unit\u00e9 et de fiert\u00e9 nationale.<\/p>\n<p>Lors de cette rencontre, l\u2019Honorable Cheick Tidiane Traor\u00e9, porte-parole de l\u2019AFP, a rendu un vibrant hommage aux pionniers de l\u2019ind\u00e9pendance guin\u00e9enne. Il a rappel\u00e9 l\u2019importance de l\u2019unit\u00e9 politique qui avait marqu\u00e9 la p\u00e9riode du r\u00e9f\u00e9rendum constitutionnel de 1958, soulignant que la Guin\u00e9e \u00e9tait le seul pays d\u2019Afrique occidentale fran\u00e7aise \u00e0 acc\u00e9der \u00e0 l\u2019ind\u00e9pendance sous un r\u00e9gime de parti unique.<\/p>\n<p>Au-del\u00e0 du caract\u00e8re festif de l\u2019\u00e9v\u00e9nement, l\u2019AFP a profit\u00e9 de l\u2019occasion pour r\u00e9affirmer son soutien ind\u00e9fectible \u00e0 la candidature du G\u00e9n\u00e9ral Mamadi Doumbouya \u00e0 la pr\u00e9sidentielle pr\u00e9vue le 28 d\u00e9cembre 2025. L\u2019alliance, n\u00e9e dans le cadre du r\u00e9f\u00e9rendum constitutionnel, ambitionne de porter le Chef de l\u2019\u00c9tat comme premier pr\u00e9sident d\u00e9mocratiquement \u00e9lu de la Cinqui\u00e8me R\u00e9publique.<\/p>\n<p>\u00ab L\u2019AFP fait de cette candidature son cheval de bataille. Nous avons \u00e9t\u00e9 un des artisans de la Cinqui\u00e8me R\u00e9publique, et nous voulons que le G\u00e9n\u00e9ral Doumbouya soit le premier pr\u00e9sident d\u00e9mocratiquement \u00e9lu de cette nouvelle \u00e8re en Guin\u00e9e \u00bb, a d\u00e9clar\u00e9 Cheick Tidiane Traor\u00e9.<\/p>\n<p>Pour atteindre cet objectif, l\u2019AFP pr\u00e9voit de d\u00e9ployer des missions \u00e0 travers tout le territoire national afin de f\u00e9d\u00e9rer les Guin\u00e9ens autour du projet du Pr\u00e9sident Doumbouya. Ces efforts visent \u00e0 faire de l\u2019AFP la base solide de la mouvance pr\u00e9sidentielle qui accompagnera le G\u00e9n\u00e9ral lors des prochaines \u00e9ch\u00e9ances \u00e9lectorales pr\u00e9sidentielles, l\u00e9gislatives et municipales.<\/p>\n<p>M\u2019bany Sangar\u00e9, secr\u00e9taire g\u00e9n\u00e9ral de l\u2019AFP, a profit\u00e9 de cette c\u00e9l\u00e9bration pour lancer un appel \u00e0 l\u2019unit\u00e9, \u00e0 la paix et \u00e0 la concorde nationale. Il a soulign\u00e9 la volont\u00e9 du G\u00e9n\u00e9ral Doumbouya de garantir \u00e0 la Guin\u00e9e une souverainet\u00e9 \u00e9conomique, en compl\u00e9ment de l\u2019ind\u00e9pendance politique obtenue en 1958. Il a \u00e9galement salu\u00e9 les avanc\u00e9es r\u00e9alis\u00e9es dans les secteurs minier, routier, \u00e9ducatif et \u00e9conomique.<\/p>\n<p>\u00ab Notre message est clair : unissons-nous derri\u00e8re le G\u00e9n\u00e9ral Doumbouya pour accompagner sa vision de refondation et de transformation de la Guin\u00e9e \u00bb, a affirm\u00e9 M. Sangar\u00e9.<\/p>\n<p>Dans les semaines \u00e0 venir, des missionnaires de l\u2019AFP seront d\u00e9ploy\u00e9s sur l\u2019ensemble du territoire national afin de mobiliser les populations autour des objectifs de l\u2019alliance.<\/p>\n<p><strong>R\u00e9daction <\/strong><\/p>\n","protected":false},"excerpt":{"rendered":"<p>\u00c0 l\u2019occasion du 67e anniversaire de l\u2019ind\u00e9pendance de la Guin\u00e9e, c\u00e9l\u00e9br\u00e9 le 2 octobre 2025, l\u2019Alliance des Forces Patriotiques (AFP) a organis\u00e9 un banquet patriotique dans ses locaux sis \u00e0 Matoto. Cette c\u00e9r\u00e9monie a r\u00e9uni partisans et responsables politiques dans un esprit d\u2019unit\u00e9 et de fiert\u00e9 nationale. Lors de cette rencontre, l\u2019Honorable Cheick Tidiane Traor\u00e9, [&hellip;]<\/p>\n","protected":false},"author":2,"featured_media":37639,"comment_status":"open","ping_status":"closed","sticky":false,"template":"","format":"standard","meta":{"buzzeditor_post_format":"","footnotes":""},"categories":[42],"tags":[],"class_list":["post-37638","post","type-post","status-publish","format-standard","has-post-thumbnail","hentry","category-news"],"jetpack_featured_media_url":"https:\/\/guineechrono.com\/wp-content\/uploads\/2025\/10\/banquett.jpg","amp_enabled":true,"_links":{"self":[{"href":"https:\/\/guineechrono.com\/index.php\/wp-json\/wp\/v2\/posts\/37638","targetHints":{"allow":["GET"]}}],"collection":[{"href":"https:\/\/guineechrono.com\/index.php\/wp-json\/wp\/v2\/posts"}],"about":[{"href":"https:\/\/guineechrono.com\/index.php\/wp-json\/wp\/v2\/types\/post"}],"author":[{"embeddable":true,"href":"https:\/\/guineechrono.com\/index.php\/wp-json\/wp\/v2\/users\/2"}],"replies":[{"embeddable":true,"href":"https:\/\/guineechrono.com\/index.php\/wp-json\/wp\/v2\/comments?post=37638"}],"version-history":[{"count":1,"href":"https:\/\/guineechrono.com\/index.php\/wp-json\/wp\/v2\/posts\/37638\/revisions"}],"predecessor-version":[{"id":37640,"href":"https:\/\/guineechrono.com\/index.php\/wp-json\/wp\/v2\/posts\/37638\/revisions\/37640"}],"wp:featuredmedia":[{"embeddable":true,"href":"https:\/\/guineechrono.com\/index.php\/wp-json\/wp\/v2\/media\/37639"}],"wp:attachment":[{"href":"https:\/\/guineechrono.com\/index.php\/wp-json\/wp\/v2\/media?parent=37638"}],"wp:term":[{"taxonomy":"category","embeddable":true,"href":"https:\/\/guineechrono.com\/index.php\/wp-json\/wp\/v2\/categories?post=37638"},{"taxonomy":"post_tag","embeddable":true,"href":"https:\/\/guineechrono.com\/index.php\/wp-json\/wp\/v2\/tags?post=37638"}],"curies":[{"name":"wp","href":"https:\/\/api.w.org\/{rel}","templated":true}]}}