{"id":37641,"date":"2025-10-03T17:21:29","date_gmt":"2025-10-03T16:21:29","guid":{"rendered":"https:\/\/guineechrono.com\/?p=37641"},"modified":"2025-10-03T17:21:29","modified_gmt":"2025-10-03T16:21:29","slug":"ahmed-kante-parrain-dune-double-celebration-du-2-octobre-a-coleah-et-a-dixinn","status":"publish","type":"post","link":"https:\/\/guineechrono.com\/index.php\/ahmed-kante-parrain-dune-double-celebration-du-2-octobre-a-coleah-et-a-dixinn\/","title":{"rendered":"Ahmed Kant\u00e9, parrain d\u2019une double c\u00e9l\u00e9bration du 2 octobre \u00e0 Col\u00e9ah et \u00e0 Dixinn"},"content":{"rendered":"<p>La c\u00e9l\u00e9bration du 67\u1d49 anniversaire de l\u2019ind\u00e9pendance de la Guin\u00e9e a pris une dimension particuli\u00e8re ce jeudi 2 octobre 2025 avec la pr\u00e9sence d\u2019Ahmed Kant\u00e9, administrateur g\u00e9n\u00e9ral de la soci\u00e9t\u00e9 AGB2A-GIC et ancien ministre des Mines. Parrain des festivit\u00e9s, il a marqu\u00e9 la journ\u00e9e par une double mobilisation : au stade de Col\u00e9ah le matin, puis \u00e0 Dixinn, son quartier natal, dans l\u2019apr\u00e8s-midi.<\/p>\n<p><a href=\"https:\/\/guineechrono.com\/wp-content\/uploads\/2025\/10\/IMG-20251003-WA0432.jpg\"><img fetchpriority=\"high\" decoding=\"async\" class=\"alignleft size-medium wp-image-37643\" src=\"https:\/\/guineechrono.com\/wp-content\/uploads\/2025\/10\/IMG-20251003-WA0432-279x300.jpg\" alt=\"\" width=\"279\" height=\"300\" srcset=\"https:\/\/guineechrono.com\/wp-content\/uploads\/2025\/10\/IMG-20251003-WA0432-279x300.jpg 279w, https:\/\/guineechrono.com\/wp-content\/uploads\/2025\/10\/IMG-20251003-WA0432-952x1024.jpg 952w, https:\/\/guineechrono.com\/wp-content\/uploads\/2025\/10\/IMG-20251003-WA0432-768x826.jpg 768w, https:\/\/guineechrono.com\/wp-content\/uploads\/2025\/10\/IMG-20251003-WA0432-1428x1536.jpg 1428w, https:\/\/guineechrono.com\/wp-content\/uploads\/2025\/10\/IMG-20251003-WA0432-696x749.jpg 696w, https:\/\/guineechrono.com\/wp-content\/uploads\/2025\/10\/IMG-20251003-WA0432-1068x1149.jpg 1068w, https:\/\/guineechrono.com\/wp-content\/uploads\/2025\/10\/IMG-20251003-WA0432-390x420.jpg 390w, https:\/\/guineechrono.com\/wp-content\/uploads\/2025\/10\/IMG-20251003-WA0432.jpg 1622w\" sizes=\"(max-width: 279px) 100vw, 279px\" \/><\/a><\/p>\n<p>&nbsp;<\/p>\n<p>&nbsp;<\/p>\n<p>&nbsp;<\/p>\n<p>&nbsp;<\/p>\n<p>&nbsp;<\/p>\n<p>D\u00e8s les premi\u00e8res heures de la journ\u00e9e, le stade de Col\u00e9ah a vibr\u00e9 au rythme du Mouvement Rouge Jaune Vert, parrain\u00e9 par Ahmed Kant\u00e9. Une forte d\u00e9l\u00e9gation l\u2019accompagnait pour assister \u00e0 un d\u00e9fil\u00e9 haut en couleurs, regroupant les coordinations du mouvement issues de plusieurs communes de Conakry.<\/p>\n<p><a href=\"https:\/\/guineechrono.com\/wp-content\/uploads\/2025\/10\/IMG-20251003-WA0437.jpg\"><img decoding=\"async\" class=\"alignleft size-medium wp-image-37644\" src=\"https:\/\/guineechrono.com\/wp-content\/uploads\/2025\/10\/IMG-20251003-WA0437-300x200.jpg\" alt=\"\" width=\"300\" height=\"200\" srcset=\"https:\/\/guineechrono.com\/wp-content\/uploads\/2025\/10\/IMG-20251003-WA0437-300x200.jpg 300w, https:\/\/guineechrono.com\/wp-content\/uploads\/2025\/10\/IMG-20251003-WA0437-1024x683.jpg 1024w, https:\/\/guineechrono.com\/wp-content\/uploads\/2025\/10\/IMG-20251003-WA0437-768x512.jpg 768w, https:\/\/guineechrono.com\/wp-content\/uploads\/2025\/10\/IMG-20251003-WA0437-1536x1024.jpg 1536w, https:\/\/guineechrono.com\/wp-content\/uploads\/2025\/10\/IMG-20251003-WA0437-2048x1365.jpg 2048w, https:\/\/guineechrono.com\/wp-content\/uploads\/2025\/10\/IMG-20251003-WA0437-696x464.jpg 696w, https:\/\/guineechrono.com\/wp-content\/uploads\/2025\/10\/IMG-20251003-WA0437-1068x712.jpg 1068w, https:\/\/guineechrono.com\/wp-content\/uploads\/2025\/10\/IMG-20251003-WA0437-630x420.jpg 630w, https:\/\/guineechrono.com\/wp-content\/uploads\/2025\/10\/IMG-20251003-WA0437-1920x1280.jpg 1920w\" sizes=\"(max-width: 300px) 100vw, 300px\" \/><\/a><\/p>\n<p>&nbsp;<\/p>\n<p>&nbsp;<\/p>\n<p>&nbsp;<\/p>\n<p>&nbsp;<\/p>\n<p>L\u2019\u00e9v\u00e9nement a \u00e9galement \u00e9t\u00e9 anim\u00e9 par des prestations artistiques de grande envergure, avec la participation d\u2019artistes de renom comme Aly Sanson, Sheba Queen et M\u00e9langeur. Devant la foule mobilis\u00e9e, Ahmed Kant\u00e9 a livr\u00e9 ses impressions :<\/p>\n<p><a href=\"https:\/\/guineechrono.com\/wp-content\/uploads\/2025\/10\/IMG-20251003-WA0436.jpg\"><img decoding=\"async\" class=\"alignleft size-medium wp-image-37645\" src=\"https:\/\/guineechrono.com\/wp-content\/uploads\/2025\/10\/IMG-20251003-WA0436-300x200.jpg\" alt=\"\" width=\"300\" height=\"200\" srcset=\"https:\/\/guineechrono.com\/wp-content\/uploads\/2025\/10\/IMG-20251003-WA0436-300x200.jpg 300w, https:\/\/guineechrono.com\/wp-content\/uploads\/2025\/10\/IMG-20251003-WA0436-1024x683.jpg 1024w, https:\/\/guineechrono.com\/wp-content\/uploads\/2025\/10\/IMG-20251003-WA0436-768x512.jpg 768w, https:\/\/guineechrono.com\/wp-content\/uploads\/2025\/10\/IMG-20251003-WA0436-1536x1024.jpg 1536w, https:\/\/guineechrono.com\/wp-content\/uploads\/2025\/10\/IMG-20251003-WA0436-2048x1365.jpg 2048w, https:\/\/guineechrono.com\/wp-content\/uploads\/2025\/10\/IMG-20251003-WA0436-696x464.jpg 696w, https:\/\/guineechrono.com\/wp-content\/uploads\/2025\/10\/IMG-20251003-WA0436-1068x712.jpg 1068w, https:\/\/guineechrono.com\/wp-content\/uploads\/2025\/10\/IMG-20251003-WA0436-630x420.jpg 630w, https:\/\/guineechrono.com\/wp-content\/uploads\/2025\/10\/IMG-20251003-WA0436-1920x1280.jpg 1920w\" sizes=\"(max-width: 300px) 100vw, 300px\" \/><\/a><\/p>\n<p>&nbsp;<\/p>\n<p>&nbsp;<\/p>\n<p>&nbsp;<\/p>\n<p>&nbsp;<\/p>\n<p>\u00ab Ce d\u00e9fil\u00e9 m\u2019a rappel\u00e9 mes ann\u00e9es de jeunesse. Le 2 octobre a toujours \u00e9t\u00e9 un moment de communion nationale. J\u2019avais la chair de poule en voyant d\u00e9filer toutes les composantes de notre soci\u00e9t\u00e9. Je crois que la Guin\u00e9e va retrouver cette ferveur. \u00bb<\/p>\n<p>Dans l\u2019apr\u00e8s-midi, Ahmed Kant\u00e9 a pris part \u00e0 la c\u00e9r\u00e9monie officielle de Dixinn, en tant que parrain. Ce retour au quartier qui l\u2019a vu na\u00eetre et grandir avait une forte valeur symbolique. Les autorit\u00e9s locales, les leaders religieux et la jeunesse ont unanimement salu\u00e9 son engagement et rappel\u00e9 ses nombreuses r\u00e9alisations en faveur de la communaut\u00e9 : la climatisation de la mosqu\u00e9e centrale de Dixinn, la construction du goudron reliant le quartier lorsqu\u2019il \u00e9tait ministre sous le r\u00e9gime Cont\u00e9, ainsi que son appui constant aux initiatives locales.<\/p>\n<p><a href=\"https:\/\/guineechrono.com\/wp-content\/uploads\/2025\/10\/IMG-20251003-WA0430.jpg\"><img loading=\"lazy\" decoding=\"async\" class=\"alignleft size-medium wp-image-37646\" src=\"https:\/\/guineechrono.com\/wp-content\/uploads\/2025\/10\/IMG-20251003-WA0430-205x300.jpg\" alt=\"\" width=\"205\" height=\"300\" srcset=\"https:\/\/guineechrono.com\/wp-content\/uploads\/2025\/10\/IMG-20251003-WA0430-205x300.jpg 205w, https:\/\/guineechrono.com\/wp-content\/uploads\/2025\/10\/IMG-20251003-WA0430-700x1024.jpg 700w, https:\/\/guineechrono.com\/wp-content\/uploads\/2025\/10\/IMG-20251003-WA0430-768x1123.jpg 768w, https:\/\/guineechrono.com\/wp-content\/uploads\/2025\/10\/IMG-20251003-WA0430-1051x1536.jpg 1051w, https:\/\/guineechrono.com\/wp-content\/uploads\/2025\/10\/IMG-20251003-WA0430-1401x2048.jpg 1401w, https:\/\/guineechrono.com\/wp-content\/uploads\/2025\/10\/IMG-20251003-WA0430-696x1018.jpg 696w, https:\/\/guineechrono.com\/wp-content\/uploads\/2025\/10\/IMG-20251003-WA0430-1068x1561.jpg 1068w, https:\/\/guineechrono.com\/wp-content\/uploads\/2025\/10\/IMG-20251003-WA0430-287x420.jpg 287w, https:\/\/guineechrono.com\/wp-content\/uploads\/2025\/10\/IMG-20251003-WA0430.jpg 1751w\" sizes=\"(max-width: 205px) 100vw, 205px\" \/><\/a><\/p>\n<p>&nbsp;<\/p>\n<p>&nbsp;<\/p>\n<p>&nbsp;<\/p>\n<p>&nbsp;<\/p>\n<p>&nbsp;<\/p>\n<p>Son m\u00e9rite a \u00e9t\u00e9 publiquement reconnu : la climatisation de la grande mosqu\u00e9e de Dixinn, la r\u00e9alisation du goudron qui longe le quartier durant son passage au gouvernement sous le r\u00e9gime Cont\u00e9, mais aussi son soutien constant aux initiatives locales.<\/p>\n<p>\u00ab Une date historique : le 2 octobre. Soixante-sept ann\u00e9es d\u2019ind\u00e9pendance obtenues gr\u00e2ce aux sacrifices de nos pr\u00e9d\u00e9cesseurs. La R\u00e9publique de Guin\u00e9e est debout et elle f\u00eate ses 67 ans. Nous devons nous souvenir que le 2 octobre 1958 n\u2019\u00e9tait pas seulement l\u2019ind\u00e9pendance de la Guin\u00e9e, mais aussi un engagement pour lib\u00e9rer toute l\u2019Afrique \u00bb, a rappel\u00e9 Ahmed Kant\u00e9 dans son adresse.<\/p>\n<p><a href=\"https:\/\/guineechrono.com\/wp-content\/uploads\/2025\/10\/IMG-20251003-WA0427.jpg\"><img loading=\"lazy\" decoding=\"async\" class=\"alignleft size-medium wp-image-37647\" src=\"https:\/\/guineechrono.com\/wp-content\/uploads\/2025\/10\/IMG-20251003-WA0427-300x200.jpg\" alt=\"\" width=\"300\" height=\"200\" srcset=\"https:\/\/guineechrono.com\/wp-content\/uploads\/2025\/10\/IMG-20251003-WA0427-300x200.jpg 300w, https:\/\/guineechrono.com\/wp-content\/uploads\/2025\/10\/IMG-20251003-WA0427-1024x683.jpg 1024w, https:\/\/guineechrono.com\/wp-content\/uploads\/2025\/10\/IMG-20251003-WA0427-768x512.jpg 768w, https:\/\/guineechrono.com\/wp-content\/uploads\/2025\/10\/IMG-20251003-WA0427-1536x1024.jpg 1536w, https:\/\/guineechrono.com\/wp-content\/uploads\/2025\/10\/IMG-20251003-WA0427-2048x1365.jpg 2048w, https:\/\/guineechrono.com\/wp-content\/uploads\/2025\/10\/IMG-20251003-WA0427-696x464.jpg 696w, https:\/\/guineechrono.com\/wp-content\/uploads\/2025\/10\/IMG-20251003-WA0427-1068x712.jpg 1068w, https:\/\/guineechrono.com\/wp-content\/uploads\/2025\/10\/IMG-20251003-WA0427-630x420.jpg 630w, https:\/\/guineechrono.com\/wp-content\/uploads\/2025\/10\/IMG-20251003-WA0427-1920x1280.jpg 1920w\" sizes=\"(max-width: 300px) 100vw, 300px\" \/><\/a><\/p>\n<p>&nbsp;<\/p>\n<p>&nbsp;<\/p>\n<p>&nbsp;<\/p>\n<p>&nbsp;<\/p>\n<p>La journ\u00e9e s\u2019est achev\u00e9e dans une atmosph\u00e8re conviviale. Apr\u00e8s la rencontre avec les habitants de Dixinn, Ahmed Kant\u00e9 a poursuivi son programme par un d\u00eener de travail avec les employ\u00e9s de la soci\u00e9t\u00e9 AGB2A-GIC, le mouvement rouge, jaune vert et la FEPAMGUI \u00e0 Kip\u00e9.<\/p>\n<p>\u00ab Je ne peux que remercier toutes celles et ceux qui ont contribu\u00e9 \u00e0 la r\u00e9ussite de cette c\u00e9l\u00e9bration. C\u2019est une journ\u00e9e tr\u00e8s charg\u00e9e mais aussi tr\u00e8s riche en \u00e9motions et en enseignements \u00bb, a-t-il conclu.<\/p>\n<p><a href=\"https:\/\/guineechrono.com\/wp-content\/uploads\/2025\/10\/IMG-20251003-WA0423.jpg\"><img loading=\"lazy\" decoding=\"async\" class=\"alignleft size-medium wp-image-37648\" src=\"https:\/\/guineechrono.com\/wp-content\/uploads\/2025\/10\/IMG-20251003-WA0423-300x200.jpg\" alt=\"\" width=\"300\" height=\"200\" srcset=\"https:\/\/guineechrono.com\/wp-content\/uploads\/2025\/10\/IMG-20251003-WA0423-300x200.jpg 300w, https:\/\/guineechrono.com\/wp-content\/uploads\/2025\/10\/IMG-20251003-WA0423-1024x683.jpg 1024w, https:\/\/guineechrono.com\/wp-content\/uploads\/2025\/10\/IMG-20251003-WA0423-768x512.jpg 768w, https:\/\/guineechrono.com\/wp-content\/uploads\/2025\/10\/IMG-20251003-WA0423-1536x1024.jpg 1536w, https:\/\/guineechrono.com\/wp-content\/uploads\/2025\/10\/IMG-20251003-WA0423-2048x1365.jpg 2048w, https:\/\/guineechrono.com\/wp-content\/uploads\/2025\/10\/IMG-20251003-WA0423-696x464.jpg 696w, https:\/\/guineechrono.com\/wp-content\/uploads\/2025\/10\/IMG-20251003-WA0423-1068x712.jpg 1068w, https:\/\/guineechrono.com\/wp-content\/uploads\/2025\/10\/IMG-20251003-WA0423-630x420.jpg 630w, https:\/\/guineechrono.com\/wp-content\/uploads\/2025\/10\/IMG-20251003-WA0423-1920x1280.jpg 1920w\" sizes=\"(max-width: 300px) 100vw, 300px\" \/><\/a><\/p>\n<p>&nbsp;<\/p>\n<p>&nbsp;<\/p>\n<p>&nbsp;<\/p>\n<p>&nbsp;<\/p>\n<p>Parrain d\u2019une f\u00eate marqu\u00e9e par l\u2019unit\u00e9 et la m\u00e9moire, Ahmed Kant\u00e9 a ainsi r\u00e9affirm\u00e9 son attachement \u00e0 la Guin\u00e9e et \u00e0 ses valeurs, en mettant en lumi\u00e8re l\u2019h\u00e9ritage des b\u00e2tisseurs de l\u2019ind\u00e9pendance et l\u2019importance de pr\u00e9server cet esprit de solidarit\u00e9 nationale.<\/p>\n<p>Ahmadou Hamzah BAH<strong>\u00a0<\/strong><\/p>\n<p><strong>\u00a0<\/strong><\/p>\n<p>&nbsp;<\/p>\n","protected":false},"excerpt":{"rendered":"<p>La c\u00e9l\u00e9bration du 67\u1d49 anniversaire de l\u2019ind\u00e9pendance de la Guin\u00e9e a pris une dimension particuli\u00e8re ce jeudi 2 octobre 2025 avec la pr\u00e9sence d\u2019Ahmed Kant\u00e9, administrateur g\u00e9n\u00e9ral de la soci\u00e9t\u00e9 AGB2A-GIC et ancien ministre des Mines. Parrain des festivit\u00e9s, il a marqu\u00e9 la journ\u00e9e par une double mobilisation : au stade de Col\u00e9ah le matin, [&hellip;]<\/p>\n","protected":false},"author":2,"featured_media":37642,"comment_status":"open","ping_status":"closed","sticky":false,"template":"","format":"standard","meta":{"buzzeditor_post_format":"","footnotes":""},"categories":[42],"tags":[],"class_list":["post-37641","post","type-post","status-publish","format-standard","has-post-thumbnail","hentry","category-news"],"jetpack_featured_media_url":"https:\/\/guineechrono.com\/wp-content\/uploads\/2025\/10\/IMG-20251003-WA0438.jpg","amp_enabled":true,"_links":{"self":[{"href":"https:\/\/guineechrono.com\/index.php\/wp-json\/wp\/v2\/posts\/37641","targetHints":{"allow":["GET"]}}],"collection":[{"href":"https:\/\/guineechrono.com\/index.php\/wp-json\/wp\/v2\/posts"}],"about":[{"href":"https:\/\/guineechrono.com\/index.php\/wp-json\/wp\/v2\/types\/post"}],"author":[{"embeddable":true,"href":"https:\/\/guineechrono.com\/index.php\/wp-json\/wp\/v2\/users\/2"}],"replies":[{"embeddable":true,"href":"https:\/\/guineechrono.com\/index.php\/wp-json\/wp\/v2\/comments?post=37641"}],"version-history":[{"count":1,"href":"https:\/\/guineechrono.com\/index.php\/wp-json\/wp\/v2\/posts\/37641\/revisions"}],"predecessor-version":[{"id":37649,"href":"https:\/\/guineechrono.com\/index.php\/wp-json\/wp\/v2\/posts\/37641\/revisions\/37649"}],"wp:featuredmedia":[{"embeddable":true,"href":"https:\/\/guineechrono.com\/index.php\/wp-json\/wp\/v2\/media\/37642"}],"wp:attachment":[{"href":"https:\/\/guineechrono.com\/index.php\/wp-json\/wp\/v2\/media?parent=37641"}],"wp:term":[{"taxonomy":"category","embeddable":true,"href":"https:\/\/guineechrono.com\/index.php\/wp-json\/wp\/v2\/categories?post=37641"},{"taxonomy":"post_tag","embeddable":true,"href":"https:\/\/guineechrono.com\/index.php\/wp-json\/wp\/v2\/tags?post=37641"}],"curies":[{"name":"wp","href":"https:\/\/api.w.org\/{rel}","templated":true}]}}