{"id":37655,"date":"2025-10-04T12:39:16","date_gmt":"2025-10-04T11:39:16","guid":{"rendered":"https:\/\/guineechrono.com\/?p=37655"},"modified":"2025-10-04T18:57:59","modified_gmt":"2025-10-04T17:57:59","slug":"dr-sekou-koureissy-conde-lun-des-acteurs-incontournables-de-la-mediation-et-de-la-resolution-des-conflits-en-afrique","status":"publish","type":"post","link":"https:\/\/guineechrono.com\/index.php\/dr-sekou-koureissy-conde-lun-des-acteurs-incontournables-de-la-mediation-et-de-la-resolution-des-conflits-en-afrique\/","title":{"rendered":"Dr S\u00e9kou Koureissy Cond\u00e9, l\u2019un des acteurs  incontournables de la m\u00e9diation et de la r\u00e9solution des conflits en Afrique"},"content":{"rendered":"<p>Homme politique et activiste de la soci\u00e9t\u00e9 civile guin\u00e9enne, <strong data-start=\"345\" data-end=\"370\">S\u00e9kou Koureissy Cond\u00e9<\/strong> est n\u00e9 en 1954 \u00e0 Kouroussa. Il incarne aujourd\u2019hui une figure majeure de la m\u00e9diation et de la r\u00e9solution des conflits en Afrique.<\/p>\n<p data-start=\"503\" data-end=\"781\">Avant sa r\u00e9cente nomination \u00e0 la t\u00eate de <strong data-start=\"544\" data-end=\"556\">l\u2019ONASUR<\/strong>, en raison de son int\u00e9grit\u00e9 et de son patriotisme, S\u00e9kou Koureissy Cond\u00e9 a occup\u00e9 plusieurs hautes fonctions en Guin\u00e9e. Ministre de la S\u00e9curit\u00e9 de 1997 \u00e0 2000, il a \u00e9galement \u00e9t\u00e9 <strong data-start=\"739\" data-end=\"780\">le premier M\u00e9diateur de la R\u00e9publique.<\/strong><\/p>\n<p data-start=\"783\" data-end=\"1020\">Dipl\u00f4m\u00e9 en criminologie et en sociologie politique, le fondateur du parti <strong data-start=\"857\" data-end=\"866\">ARENA<\/strong> (Alliance pour le Renouveau National) s\u2019est particuli\u00e8rement engag\u00e9 en faveur de la r\u00e9conciliation nationale et de la r\u00e9solution des conflits en Afrique.<\/p>\n<p data-start=\"1022\" data-end=\"1256\">Apr\u00e8s un exil aux \u00c9tats-Unis, o\u00f9 il a enseign\u00e9 \u00e0 la <strong data-start=\"1074\" data-end=\"1097\">New York University<\/strong> et \u00e0 <strong data-start=\"1103\" data-end=\"1115\">Columbia<\/strong>, le Dr Koureissy Cond\u00e9 a fond\u00e9, en 2011, <strong data-start=\"1157\" data-end=\"1183\">l\u2019African Crisis Group<\/strong>, un cabinet sp\u00e9cialis\u00e9 dans la pr\u00e9vention et la r\u00e9solution des conflits.<\/p>\n<p data-start=\"1258\" data-end=\"1411\">En f\u00e9vrier 2025, il a lanc\u00e9 le <strong data-start=\"1289\" data-end=\"1318\">Forum du Dialogue Citoyen<\/strong>, illustrant sa conviction que le dialogue est essentiel pour r\u00e9soudre les crises africaines.<\/p>\n<p data-start=\"1413\" data-end=\"1809\">Issu d\u2019une famille profond\u00e9ment ancr\u00e9e dans les valeurs traditionnelles africaines, S\u00e9kou Koureissy Cond\u00e9 re\u00e7oit d\u00e8s son plus jeune \u00e2ge une \u00e9ducation morale et spirituelle riche. Son p\u00e8re, <strong data-start=\"1602\" data-end=\"1625\">Teninken-Fod\u00e9 Cond\u00e9<\/strong>, \u00e9tait un chef spirituel soufi respect\u00e9. \u00c0 la mort de ce dernier, alors que S\u00e9kou n\u2019avait que cinq ans, c\u2019est son oncle paternel, un Sage du village, qui prit en charge son \u00e9ducation.<\/p>\n<p data-start=\"1811\" data-end=\"2311\">Sa m\u00e8re fut une source majeure d\u2019inspiration, marquant son enfance de paroles empreintes de sagesse. Sa famille \u00e9tait \u00e9galement engag\u00e9e politiquement : la branche paternelle soutenait le <strong data-start=\"1998\" data-end=\"2025\">Bloc Africain de Guin\u00e9e<\/strong>, favorable \u00e0 une transition progressive vers l\u2019ind\u00e9pendance, tandis que la branche maternelle militait aux c\u00f4t\u00e9s du <strong data-start=\"2142\" data-end=\"2212\">Parti D\u00e9mocratique de Guin\u00e9e, Rassemblement D\u00e9mocratique Africain<\/strong>. Son oncle maternel, <strong data-start=\"2234\" data-end=\"2258\">Selian S\u00e9kou Kouyat\u00e9<\/strong>, compte d\u2019ailleurs parmi les fondateurs de ce parti.<\/p>\n<p data-start=\"2313\" data-end=\"2603\">Apr\u00e8s une scolarit\u00e9 o\u00f9 il se passionne pour l\u2019histoire, la g\u00e9ographie, la litt\u00e9rature et la philosophie, S\u00e9kou Koureissy Cond\u00e9 int\u00e8gre, en 1976, <strong data-start=\"2458\" data-end=\"2484\">l\u2019Universit\u00e9 de Kankan<\/strong> pour y \u00e9tudier l\u2019histoire et la sociologie, puis poursuit ses \u00e9tudes \u00e0 l\u2019<strong data-start=\"2558\" data-end=\"2591\">Universit\u00e9<\/strong> <strong>Gamal Abdel Nasser<\/strong> de Conakry.<\/p>\n<p data-start=\"2605\" data-end=\"3158\">Tr\u00e8s investi dans la vie \u00e9tudiante, il est \u00e9lu <strong data-start=\"2652\" data-end=\"2695\">vice-pr\u00e9sident de l\u2019Union des \u00e9tudiants<\/strong>. Un \u00e9v\u00e9nement d\u00e9terminant marque cette p\u00e9riode : en 1977, face \u00e0 la diffusion de tracts appelant \u00e0 la r\u00e9volte contre le r\u00e9gime du pr\u00e9sident S\u00e9kou Tour\u00e9, il prend l\u2019initiative, en tant que responsable des \u00e9tudiants, d\u2019en informer les autorit\u00e9s universitaires. Cette d\u00e9marche le conduit \u00e0 rencontrer le pr\u00e9sident <strong data-start=\"3007\" data-end=\"3028\">Ahmed S\u00e9kou Tour\u00e9<\/strong> en personne, ce qui ouvre la voie \u00e0 une collaboration qui l\u2019am\u00e8nera \u00e0 accompagner ce dernier lors de d\u00e9placements internationaux.<\/p>\n<p data-start=\"3160\" data-end=\"3704\">Son parcours acad\u00e9mique prend une dimension internationale en 1980, lorsqu\u2019il obtient une bourse pour \u00e9tudier en Europe de l\u2019Est. Il int\u00e8gre d\u2019abord la facult\u00e9 de droit de l\u2019<strong data-start=\"3334\" data-end=\"3366\">Universit\u00e9<\/strong> <strong>Charles de Prague<\/strong>, o\u00f9 il obtient un <strong data-start=\"3385\" data-end=\"3413\">doctorat en criminologie<\/strong> en 1985. En 1987, il poursuit sa formation \u00e0 Fribourg, en Allemagne, comme chercheur scientifique \u00e0 l\u2019<strong data-start=\"3516\" data-end=\"3539\">Institut<\/strong> <strong>Max-Planck<\/strong>, se sp\u00e9cialisant en droit p\u00e9nal international. Parall\u00e8lement, il d\u00e9croche en 1992 un <strong data-start=\"3625\" data-end=\"3661\">doctorat en sociologie politique<\/strong> \u00e0 l\u2019<strong data-start=\"3666\" data-end=\"3703\">Universit\u00e9 de Fribourg-en-Brisgau.<\/strong><\/p>\n<p data-start=\"3706\" data-end=\"4136\">Son engagement politique d\u00e9bute en Allemagne en 1990. Apr\u00e8s avoir travaill\u00e9 sur un projet concernant les relations entre l\u2019Occident et l\u2019Afrique \u00e0 l\u2019Institut Max-Planck, il devient <strong data-start=\"3887\" data-end=\"3914\">assistant parlementaire<\/strong> pour la coalition de l\u2019<strong data-start=\"3938\" data-end=\"3974\">Union<\/strong> <strong>chr\u00e9tienne-d\u00e9mocrate (CDU)<\/strong> et de l\u2019<strong data-start=\"3983\" data-end=\"4017\">Union chr\u00e9tienne-sociale (CSU)<\/strong> au sein de la <strong data-start=\"4032\" data-end=\"4070\">Commission des Affaires \u00e9trang\u00e8res<\/strong> du parlement r\u00e9gional du <strong data-start=\"4096\" data-end=\"4135\">Land de Rh\u00e9nanie-du-Nord\u2013Westphalie.<\/strong><\/p>\n<p><strong>Source\u00a0: Leperroquetguinee.com<\/strong><\/p>\n<p>&nbsp;<\/p>\n<p>&nbsp;<\/p>\n","protected":false},"excerpt":{"rendered":"<p>Homme politique et activiste de la soci\u00e9t\u00e9 civile guin\u00e9enne, S\u00e9kou Koureissy Cond\u00e9 est n\u00e9 en 1954 \u00e0 Kouroussa. Il incarne aujourd\u2019hui une figure majeure de la m\u00e9diation et de la r\u00e9solution des conflits en Afrique. Avant sa r\u00e9cente nomination \u00e0 la t\u00eate de l\u2019ONASUR, en raison de son int\u00e9grit\u00e9 et de son patriotisme, S\u00e9kou Koureissy [&hellip;]<\/p>\n","protected":false},"author":2,"featured_media":37656,"comment_status":"open","ping_status":"closed","sticky":false,"template":"","format":"standard","meta":{"buzzeditor_post_format":"","footnotes":""},"categories":[42],"tags":[],"class_list":["post-37655","post","type-post","status-publish","format-standard","has-post-thumbnail","hentry","category-news"],"jetpack_featured_media_url":"https:\/\/guineechrono.com\/wp-content\/uploads\/2025\/10\/234D9EF2-56B8-4F4F-8D11-2B064E5643C7.jpeg","amp_enabled":true,"_links":{"self":[{"href":"https:\/\/guineechrono.com\/index.php\/wp-json\/wp\/v2\/posts\/37655","targetHints":{"allow":["GET"]}}],"collection":[{"href":"https:\/\/guineechrono.com\/index.php\/wp-json\/wp\/v2\/posts"}],"about":[{"href":"https:\/\/guineechrono.com\/index.php\/wp-json\/wp\/v2\/types\/post"}],"author":[{"embeddable":true,"href":"https:\/\/guineechrono.com\/index.php\/wp-json\/wp\/v2\/users\/2"}],"replies":[{"embeddable":true,"href":"https:\/\/guineechrono.com\/index.php\/wp-json\/wp\/v2\/comments?post=37655"}],"version-history":[{"count":4,"href":"https:\/\/guineechrono.com\/index.php\/wp-json\/wp\/v2\/posts\/37655\/revisions"}],"predecessor-version":[{"id":37664,"href":"https:\/\/guineechrono.com\/index.php\/wp-json\/wp\/v2\/posts\/37655\/revisions\/37664"}],"wp:featuredmedia":[{"embeddable":true,"href":"https:\/\/guineechrono.com\/index.php\/wp-json\/wp\/v2\/media\/37656"}],"wp:attachment":[{"href":"https:\/\/guineechrono.com\/index.php\/wp-json\/wp\/v2\/media?parent=37655"}],"wp:term":[{"taxonomy":"category","embeddable":true,"href":"https:\/\/guineechrono.com\/index.php\/wp-json\/wp\/v2\/categories?post=37655"},{"taxonomy":"post_tag","embeddable":true,"href":"https:\/\/guineechrono.com\/index.php\/wp-json\/wp\/v2\/tags?post=37655"}],"curies":[{"name":"wp","href":"https:\/\/api.w.org\/{rel}","templated":true}]}}