{"id":37665,"date":"2025-10-06T14:24:36","date_gmt":"2025-10-06T13:24:36","guid":{"rendered":"https:\/\/guineechrono.com\/?p=37665"},"modified":"2025-10-06T14:24:36","modified_gmt":"2025-10-06T13:24:36","slug":"ma-vie-politique-est-attachee-a-la-guinee-pas-a-une-personne-par-cheick-tidiane-traore","status":"publish","type":"post","link":"https:\/\/guineechrono.com\/index.php\/ma-vie-politique-est-attachee-a-la-guinee-pas-a-une-personne-par-cheick-tidiane-traore\/","title":{"rendered":"Ma vie politique est attach\u00e9e \u00e0 la Guin\u00e9e, pas \u00e0 une personne (par Cheick Tidiane Traor\u00e9)"},"content":{"rendered":"<p>Je ne suis pas pour le chef, je suis pour le pouvoir.<\/p>\n<p>Cette nuance, capitale mais souvent mal comprise, r\u00e9sume toute ma vie politique. Car en Guin\u00e9e, d\u00e9fendre le pouvoir d\u2019\u00c9tat, c\u2019est-\u00e0-dire les institutions, la l\u00e9gitimit\u00e9 r\u00e9publicaine, la stabilit\u00e9 nationale est trop souvent confondu avec une fid\u00e9lit\u00e9 personnelle au dirigeant du moment. Or, mon engagement ne se mesure pas \u00e0 l\u2019aune des hommes, mais \u00e0 celle de la Nation.<\/p>\n<p>Je l\u2019affirme sans d\u00e9tour : ma vie politique est attach\u00e9e \u00e0 la Guin\u00e9e, pas \u00e0 une personne. Les hommes passent, les r\u00e9gimes se succ\u00e8dent, mais la Guin\u00e9e demeure. Et c\u2019est \u00e0 elle seule que va ma loyaut\u00e9.<\/p>\n<p>On peut respecter un chef, on peut m\u00eame l\u2019admirer pour ses qualit\u00e9s ou ses choix courageux, mais aucune admiration ne doit supplanter le devoir envers la R\u00e9publique.<\/p>\n<p>Je crois au pouvoir parce qu\u2019il incarne l\u2019ordre, la continuit\u00e9, la souverainet\u00e9. Ce pouvoir, quand il s\u2019exerce dans la l\u00e9galit\u00e9 et dans l\u2019int\u00e9r\u00eat du peuple, doit \u00eatre d\u00e9fendu, quel que soit celui qui l\u2019exerce. C\u2019est cela, le sens profond de ma fid\u00e9lit\u00e9 politique : \u00eatre du c\u00f4t\u00e9 de l\u2019\u00c9tat, pas des ego.<\/p>\n<p>Dans un pays o\u00f9 la politique se vit trop souvent comme un jeu d\u2019alliances et de trahisons, il faut rappeler une v\u00e9rit\u00e9 simple : la loyaut\u00e9 \u00e0 un homme est une \u00e9motion ; la loyaut\u00e9 \u00e0 la Nation est un principe.<\/p>\n<p>Et les principes, eux, ne se renient pas.<\/p>\n<p>Je ne suis pas pour un camp, ni pour un clan.<\/p>\n<p>Je suis pour la Guin\u00e9e, pour son autorit\u00e9, pour sa dignit\u00e9, pour son avenir. Et tant qu\u2019il restera en moi une parcelle de souffle, je parlerai pour rappeler cela : l\u2019engagement politique n\u2019est pas un culte, c\u2019est une responsabilit\u00e9.<\/p>\n<p>Que Dieu prot\u00e8ge la Guin\u00e9e et b\u00e9nisse les Guin\u00e9ens.<\/p>\n<p>Honorable Cheick Tudiane Traor\u00e9<\/p>\n<p>Vice-coordinateur \/ Porte-parole AFP<\/p>\n<p>&nbsp;<\/p>\n","protected":false},"excerpt":{"rendered":"<p>Je ne suis pas pour le chef, je suis pour le pouvoir. Cette nuance, capitale mais souvent mal comprise, r\u00e9sume toute ma vie politique. Car en Guin\u00e9e, d\u00e9fendre le pouvoir d\u2019\u00c9tat, c\u2019est-\u00e0-dire les institutions, la l\u00e9gitimit\u00e9 r\u00e9publicaine, la stabilit\u00e9 nationale est trop souvent confondu avec une fid\u00e9lit\u00e9 personnelle au dirigeant du moment. Or, mon engagement [&hellip;]<\/p>\n","protected":false},"author":2,"featured_media":37669,"comment_status":"open","ping_status":"closed","sticky":false,"template":"","format":"standard","meta":{"buzzeditor_post_format":"","footnotes":""},"categories":[42],"tags":[],"class_list":["post-37665","post","type-post","status-publish","format-standard","has-post-thumbnail","hentry","category-news"],"jetpack_featured_media_url":"https:\/\/guineechrono.com\/wp-content\/uploads\/2025\/10\/cheick.jpg","amp_enabled":true,"_links":{"self":[{"href":"https:\/\/guineechrono.com\/index.php\/wp-json\/wp\/v2\/posts\/37665","targetHints":{"allow":["GET"]}}],"collection":[{"href":"https:\/\/guineechrono.com\/index.php\/wp-json\/wp\/v2\/posts"}],"about":[{"href":"https:\/\/guineechrono.com\/index.php\/wp-json\/wp\/v2\/types\/post"}],"author":[{"embeddable":true,"href":"https:\/\/guineechrono.com\/index.php\/wp-json\/wp\/v2\/users\/2"}],"replies":[{"embeddable":true,"href":"https:\/\/guineechrono.com\/index.php\/wp-json\/wp\/v2\/comments?post=37665"}],"version-history":[{"count":1,"href":"https:\/\/guineechrono.com\/index.php\/wp-json\/wp\/v2\/posts\/37665\/revisions"}],"predecessor-version":[{"id":37670,"href":"https:\/\/guineechrono.com\/index.php\/wp-json\/wp\/v2\/posts\/37665\/revisions\/37670"}],"wp:featuredmedia":[{"embeddable":true,"href":"https:\/\/guineechrono.com\/index.php\/wp-json\/wp\/v2\/media\/37669"}],"wp:attachment":[{"href":"https:\/\/guineechrono.com\/index.php\/wp-json\/wp\/v2\/media?parent=37665"}],"wp:term":[{"taxonomy":"category","embeddable":true,"href":"https:\/\/guineechrono.com\/index.php\/wp-json\/wp\/v2\/categories?post=37665"},{"taxonomy":"post_tag","embeddable":true,"href":"https:\/\/guineechrono.com\/index.php\/wp-json\/wp\/v2\/tags?post=37665"}],"curies":[{"name":"wp","href":"https:\/\/api.w.org\/{rel}","templated":true}]}}