{"id":3768,"date":"2019-04-17T12:47:54","date_gmt":"2019-04-17T11:47:54","guid":{"rendered":"http:\/\/guineechrono.com\/?p=3768"},"modified":"2019-04-17T12:47:54","modified_gmt":"2019-04-17T11:47:54","slug":"soudan-omar-al-bashir-en-prison","status":"publish","type":"post","link":"https:\/\/guineechrono.com\/index.php\/soudan-omar-al-bashir-en-prison\/","title":{"rendered":"Soudan : Omar Al-Bashir en prison"},"content":{"rendered":"<p><strong>L&rsquo;agence de presse Reuters a plus de d\u00e9tails sur l&#8217;emprisonnement d&rsquo;Omar Al-Bashir \u00e0 Khartoum, la capitale du Soudan.<\/strong><\/p>\n<p>Elle cite une source de la prison de haute s\u00e9curit\u00e9 de Kobar qui affirme que l&rsquo;ancien pr\u00e9sident soudanais est d\u00e9tenu \u00e0 l&rsquo;isolement dans des conditions de s\u00e9curit\u00e9 renforc\u00e9e.<\/p>\n<p>Le dirigeant \u00e9vinc\u00e9 du pouvoir apr\u00e8s une fronde populaire \u00e9tait assign\u00e9 \u00e0 r\u00e9sidence sous haute protection depuis la semaine derni\u00e8re.<\/p>\n<p>Plus t\u00f4t, l&rsquo;AFP citant une source familiale a indiqu\u00e9 que le pr\u00e9sident soudanais Omar Al-Bashir a \u00e9t\u00e9 transf\u00e9r\u00e9 dans une prison de Khartoum.<\/p>\n<p>\u00ab\u00a0Hier soir, Bashir a \u00e9t\u00e9 transf\u00e9r\u00e9 \u00e0 la prison de Kober \u00e0 Khartoum \u00ab\u00a0, a d\u00e9clar\u00e9 la source sans r\u00e9v\u00e9ler son nom pour des raisons de s\u00e9curit\u00e9.<\/p>\n<p>Les nouveaux dirigeants militaires du pays ont d\u00e9clar\u00e9 qu&rsquo;il \u00e9tait d\u00e9tenu \u00ab\u00a0dans un lieu s\u00fbr\u00a0\u00bb.<\/p>\n<p><strong>Bbcafrique.com<\/strong><\/p>\n<p>&nbsp;<\/p>\n","protected":false},"excerpt":{"rendered":"<p>L&rsquo;agence de presse Reuters a plus de d\u00e9tails sur l&#8217;emprisonnement d&rsquo;Omar Al-Bashir \u00e0 Khartoum, la capitale du Soudan. Elle cite une source de la prison de haute s\u00e9curit\u00e9 de Kobar qui affirme que l&rsquo;ancien pr\u00e9sident soudanais est d\u00e9tenu \u00e0 l&rsquo;isolement dans des conditions de s\u00e9curit\u00e9 renforc\u00e9e. Le dirigeant \u00e9vinc\u00e9 du pouvoir apr\u00e8s une fronde populaire [&hellip;]<\/p>\n","protected":false},"author":2,"featured_media":3769,"comment_status":"open","ping_status":"closed","sticky":false,"template":"","format":"standard","meta":{"buzzeditor_post_format":"","footnotes":""},"categories":[1],"tags":[],"class_list":["post-3768","post","type-post","status-publish","format-standard","has-post-thumbnail","hentry","category-non-classe"],"jetpack_featured_media_url":"https:\/\/guineechrono.com\/wp-content\/uploads\/2019\/04\/OUMAR.jpg","amp_enabled":true,"_links":{"self":[{"href":"https:\/\/guineechrono.com\/index.php\/wp-json\/wp\/v2\/posts\/3768","targetHints":{"allow":["GET"]}}],"collection":[{"href":"https:\/\/guineechrono.com\/index.php\/wp-json\/wp\/v2\/posts"}],"about":[{"href":"https:\/\/guineechrono.com\/index.php\/wp-json\/wp\/v2\/types\/post"}],"author":[{"embeddable":true,"href":"https:\/\/guineechrono.com\/index.php\/wp-json\/wp\/v2\/users\/2"}],"replies":[{"embeddable":true,"href":"https:\/\/guineechrono.com\/index.php\/wp-json\/wp\/v2\/comments?post=3768"}],"version-history":[{"count":0,"href":"https:\/\/guineechrono.com\/index.php\/wp-json\/wp\/v2\/posts\/3768\/revisions"}],"wp:featuredmedia":[{"embeddable":true,"href":"https:\/\/guineechrono.com\/index.php\/wp-json\/wp\/v2\/media\/3769"}],"wp:attachment":[{"href":"https:\/\/guineechrono.com\/index.php\/wp-json\/wp\/v2\/media?parent=3768"}],"wp:term":[{"taxonomy":"category","embeddable":true,"href":"https:\/\/guineechrono.com\/index.php\/wp-json\/wp\/v2\/categories?post=3768"},{"taxonomy":"post_tag","embeddable":true,"href":"https:\/\/guineechrono.com\/index.php\/wp-json\/wp\/v2\/tags?post=3768"}],"curies":[{"name":"wp","href":"https:\/\/api.w.org\/{rel}","templated":true}]}}