{"id":37707,"date":"2025-10-09T18:15:16","date_gmt":"2025-10-09T17:15:16","guid":{"rendered":"https:\/\/guineechrono.com\/?p=37707"},"modified":"2025-10-09T18:15:16","modified_gmt":"2025-10-09T17:15:16","slug":"lancement-officiel-de-la-jeunesse-presidentielle-de-guinee-madame-kante-kadjatou-doumbouya-marque-sa-presence","status":"publish","type":"post","link":"https:\/\/guineechrono.com\/index.php\/lancement-officiel-de-la-jeunesse-presidentielle-de-guinee-madame-kante-kadjatou-doumbouya-marque-sa-presence\/","title":{"rendered":"Lancement officiel de la Jeunesse Pr\u00e9sidentielle de Guin\u00e9e : Madame Kant\u00e9 Kadjatou Doumbouya marque sa pr\u00e9sence"},"content":{"rendered":"<p><strong>La Jeunesse Pr\u00e9sidentielle de Guin\u00e9e (JPG) a proc\u00e9d\u00e9, ce jeudi 9 octobre 2025 \u00e0 Conakry, au lancement officiel de ses activit\u00e9s. L\u2019\u00e9v\u00e9nement s\u2019est d\u00e9roul\u00e9 en pr\u00e9sence de plusieurs membres du gouvernement, dont le ministre de la Culture et de l\u2019Artisanat, son homologue de la Sant\u00e9, ainsi que Madame Kant\u00e9 Kadjatou Doumbouya, marraine de la c\u00e9r\u00e9monie.<\/strong><\/p>\n<p>Sous le signe de l\u2019engagement patriotique et du soutien \u00e0 la candidature du pr\u00e9sident Mamadi Doumbouya pour l\u2019\u00e9lection pr\u00e9sidentielle du 28 d\u00e9cembre 2025, cette rencontre a r\u00e9uni des centaines de jeunes militants venus des quatre coins du pays.<\/p>\n<p>Dans son discours, le vice-pr\u00e9sident de la JPG a r\u00e9affirm\u00e9 l\u2019engagement inconditionnel de l\u2019organisation en faveur du pr\u00e9sident de la transition : \u00ab Notre objectif ultime est d\u2019annoncer \u00e0 l\u2019opinion nationale et internationale notre soutien \u00e0 la candidature du g\u00e9n\u00e9ral Mamadi Doumbouya, et d\u2019impulser une mobilisation nationale d\u00e9cisive pour garantir sa victoire d\u00e8s le premier tour. \u00bb<\/p>\n<p><img fetchpriority=\"high\" decoding=\"async\" class=\"alignnone size-full wp-image-5482 td-animation-stack-type0-2\" src=\"https:\/\/ledenonciateur224.com\/wp-content\/uploads\/2025\/10\/20251009-124035-scaled.jpg\" alt=\"\" width=\"2560\" height=\"1152\" \/><\/p>\n<p>Il a \u00e9galement annonc\u00e9 la mise en place des structures de la JPG \u00e0 l\u2019\u00e9chelle nationale, dans les huit r\u00e9gions administratives, les 33 pr\u00e9fectures et les 375 sous-pr\u00e9fectures du pays, dans le but d\u2019asseoir une majorit\u00e9 pr\u00e9sidentielle \u00ab \u00e9crasante \u00bb lors du scrutin.<\/p>\n<p>Alseny Bangoura, pr\u00e9sident de la JPG, a rappel\u00e9 que l\u2019organisation se veut citoyenne, patriotique et f\u00e9d\u00e9ratrice. Elle entend porter haut la voix de la jeunesse guin\u00e9enne autour d\u2019une vision claire et partag\u00e9e : \u00ab Nous croyons fermement que le g\u00e9n\u00e9ral Mamadi Doumbouya est l\u2019homme de la situation, le guide dont la Guin\u00e9e a besoin pour poursuivre son \u00e9lan vers la paix, la r\u00e9forme et la prosp\u00e9rit\u00e9. \u00bb<\/p>\n<p>Il a \u00e9galement pr\u00e9cis\u00e9 que la JPG contribuera \u00e0 la prise en charge de la caution pr\u00e9sidentielle, un geste symbolique en signe de loyaut\u00e9 et de reconnaissance envers le Chef de l\u2019\u00c9tat.<\/p>\n<p>Prenant la parole \u00e0 son tour, Madame Kant\u00e9 Kadjatou Doumbouya, directrice associ\u00e9e de la soci\u00e9t\u00e9 mini\u00e8re AGB2A-GIC, porte-parole des femmes de la diaspora guin\u00e9enne en Allemagne et pr\u00e9sidente du mouvement Kik\u00e9 N\u00e8n\u00e8 a salu\u00e9 l\u2019\u00e9lan de mobilisation de la jeunesse guin\u00e9enne : \u00ab Ce jour marque un tournant d\u00e9cisif non seulement pour la jeunesse et les femmes, mais pour l\u2019ensemble de la nation. Nous sommes r\u00e9unis ici pour c\u00e9l\u00e9brer l\u2019engagement, la foi et la vision d\u2019une jeunesse consciente, responsable, et debout aux c\u00f4t\u00e9s du g\u00e9n\u00e9ral Mamadi Doumbouya. \u00bb<\/p>\n<p>Elle a exhort\u00e9 les jeunes \u00e0 rester engag\u00e9s, disciplin\u00e9s et porteurs de paix, tout en les appelant \u00e0 faire preuve de maturit\u00e9 politique et de loyaut\u00e9 r\u00e9publicaine.<\/p>\n<p><strong>R\u00e9daction <\/strong><\/p>\n<p>&nbsp;<\/p>\n","protected":false},"excerpt":{"rendered":"<p>La Jeunesse Pr\u00e9sidentielle de Guin\u00e9e (JPG) a proc\u00e9d\u00e9, ce jeudi 9 octobre 2025 \u00e0 Conakry, au lancement officiel de ses activit\u00e9s. L\u2019\u00e9v\u00e9nement s\u2019est d\u00e9roul\u00e9 en pr\u00e9sence de plusieurs membres du gouvernement, dont le ministre de la Culture et de l\u2019Artisanat, son homologue de la Sant\u00e9, ainsi que Madame Kant\u00e9 Kadjatou Doumbouya, marraine de la c\u00e9r\u00e9monie. [&hellip;]<\/p>\n","protected":false},"author":2,"featured_media":37708,"comment_status":"open","ping_status":"closed","sticky":false,"template":"","format":"standard","meta":{"buzzeditor_post_format":"","footnotes":""},"categories":[42],"tags":[],"class_list":["post-37707","post","type-post","status-publish","format-standard","has-post-thumbnail","hentry","category-news"],"jetpack_featured_media_url":"https:\/\/guineechrono.com\/wp-content\/uploads\/2025\/10\/jeunessse.jpeg","amp_enabled":true,"_links":{"self":[{"href":"https:\/\/guineechrono.com\/index.php\/wp-json\/wp\/v2\/posts\/37707","targetHints":{"allow":["GET"]}}],"collection":[{"href":"https:\/\/guineechrono.com\/index.php\/wp-json\/wp\/v2\/posts"}],"about":[{"href":"https:\/\/guineechrono.com\/index.php\/wp-json\/wp\/v2\/types\/post"}],"author":[{"embeddable":true,"href":"https:\/\/guineechrono.com\/index.php\/wp-json\/wp\/v2\/users\/2"}],"replies":[{"embeddable":true,"href":"https:\/\/guineechrono.com\/index.php\/wp-json\/wp\/v2\/comments?post=37707"}],"version-history":[{"count":1,"href":"https:\/\/guineechrono.com\/index.php\/wp-json\/wp\/v2\/posts\/37707\/revisions"}],"predecessor-version":[{"id":37709,"href":"https:\/\/guineechrono.com\/index.php\/wp-json\/wp\/v2\/posts\/37707\/revisions\/37709"}],"wp:featuredmedia":[{"embeddable":true,"href":"https:\/\/guineechrono.com\/index.php\/wp-json\/wp\/v2\/media\/37708"}],"wp:attachment":[{"href":"https:\/\/guineechrono.com\/index.php\/wp-json\/wp\/v2\/media?parent=37707"}],"wp:term":[{"taxonomy":"category","embeddable":true,"href":"https:\/\/guineechrono.com\/index.php\/wp-json\/wp\/v2\/categories?post=37707"},{"taxonomy":"post_tag","embeddable":true,"href":"https:\/\/guineechrono.com\/index.php\/wp-json\/wp\/v2\/tags?post=37707"}],"curies":[{"name":"wp","href":"https:\/\/api.w.org\/{rel}","templated":true}]}}