{"id":37733,"date":"2025-10-14T12:39:55","date_gmt":"2025-10-14T11:39:55","guid":{"rendered":"https:\/\/guineechrono.com\/?p=37733"},"modified":"2025-10-14T12:39:55","modified_gmt":"2025-10-14T11:39:55","slug":"presidentielle-2025-ousmane-oc-camara-du-parti-des-verts-de-guinee-officialise-sa-candidature","status":"publish","type":"post","link":"https:\/\/guineechrono.com\/index.php\/presidentielle-2025-ousmane-oc-camara-du-parti-des-verts-de-guinee-officialise-sa-candidature\/","title":{"rendered":"Pr\u00e9sidentielle 2025 : Ousmane OC Camara du Parti des Verts de Guin\u00e9e officialise sa candidature"},"content":{"rendered":"<p><strong>Conakry, le 11 octobre 2025 \u2013 Le Pr\u00e9sident du Parti des Verts de Guin\u00e9e (PVG), Ousmane OC Camara, a annonc\u00e9 officiellement sa candidature \u00e0 l\u2019\u00e9lection pr\u00e9sidentielle prochaine. C\u2019est \u00e0 travers un communiqu\u00e9 empreint de d\u00e9termination et d\u2019espoir que le leader \u00e9cologiste a fait part de sa d\u00e9cision, fruit d\u2019une consultation avec les instances dirigeantes de son parti.<\/strong><\/p>\n<p>Dans sa d\u00e9claration, Ousmane OC Camara a affirm\u00e9 que cette candidature s\u2019inscrit dans la continuit\u00e9 de l\u2019engagement du PVG pour une Guin\u00e9e plus juste, plus verte et plus solidaire.<\/p>\n<p>\u00ab Nous portons l\u2019ambition d\u2019un d\u00e9veloppement durable fond\u00e9 sur la bonne gouvernance, la protection de l\u2019environnement, la justice sociale et la participation citoyenne \u00bb, a-t-il d\u00e9clar\u00e9.<\/p>\n<p><a href=\"https:\/\/guineechrono.com\/wp-content\/uploads\/2025\/10\/IMG-20251014-WA0003.jpg\"><img fetchpriority=\"high\" decoding=\"async\" class=\"alignleft size-medium wp-image-37735\" src=\"https:\/\/guineechrono.com\/wp-content\/uploads\/2025\/10\/IMG-20251014-WA0003-295x300.jpg\" alt=\"\" width=\"295\" height=\"300\" srcset=\"https:\/\/guineechrono.com\/wp-content\/uploads\/2025\/10\/IMG-20251014-WA0003-295x300.jpg 295w, https:\/\/guineechrono.com\/wp-content\/uploads\/2025\/10\/IMG-20251014-WA0003-1008x1024.jpg 1008w, https:\/\/guineechrono.com\/wp-content\/uploads\/2025\/10\/IMG-20251014-WA0003-768x780.jpg 768w, https:\/\/guineechrono.com\/wp-content\/uploads\/2025\/10\/IMG-20251014-WA0003-696x707.jpg 696w, https:\/\/guineechrono.com\/wp-content\/uploads\/2025\/10\/IMG-20251014-WA0003-413x420.jpg 413w, https:\/\/guineechrono.com\/wp-content\/uploads\/2025\/10\/IMG-20251014-WA0003.jpg 1063w\" sizes=\"(max-width: 295px) 100vw, 295px\" \/><\/a><\/p>\n<p>Le pr\u00e9sident du PVG a \u00e9galement pr\u00e9cis\u00e9 que la lettre d\u2019engagement et le dossier de candidature du parti ont \u00e9t\u00e9 officiellement d\u00e9pos\u00e9s et re\u00e7us par la Direction G\u00e9n\u00e9rale des \u00c9lections (DGE). Il a salu\u00e9 \u00e0 cet effet le professionnalisme et la transparence dont fait preuve l\u2019institution dans la conduite du processus \u00e9lectoral.<\/p>\n<p>\u00c0 travers cette candidature, Ousmane OC Camara entend offrir au peuple de Guin\u00e9e une alternative cr\u00e9dible, centr\u00e9e sur l\u2019humain et la nature. Il a lanc\u00e9 un appel \u00e0 la mobilisation de toutes les couches sociales, jeunes, femmes, travailleurs, paysans et intellectuels, autour de sa vision pour une Guin\u00e9e plus verte, plus prosp\u00e8re et plus unie.<\/p>\n<p>\u00ab Ensemble, construisons une Guin\u00e9e o\u00f9 chaque citoyen contribue \u00e0 la pr\u00e9servation de notre environnement et au progr\u00e8s de notre nation \u00bb, a conclu le candidat du PVG.<\/p>\n<p><strong>La R\u00e9daction<\/strong><\/p>\n","protected":false},"excerpt":{"rendered":"<p>Conakry, le 11 octobre 2025 \u2013 Le Pr\u00e9sident du Parti des Verts de Guin\u00e9e (PVG), Ousmane OC Camara, a annonc\u00e9 officiellement sa candidature \u00e0 l\u2019\u00e9lection pr\u00e9sidentielle prochaine. C\u2019est \u00e0 travers un communiqu\u00e9 empreint de d\u00e9termination et d\u2019espoir que le leader \u00e9cologiste a fait part de sa d\u00e9cision, fruit d\u2019une consultation avec les instances dirigeantes de [&hellip;]<\/p>\n","protected":false},"author":2,"featured_media":37736,"comment_status":"open","ping_status":"closed","sticky":false,"template":"","format":"standard","meta":{"buzzeditor_post_format":"","footnotes":""},"categories":[2,42],"tags":[],"class_list":["post-37733","post","type-post","status-publish","format-standard","has-post-thumbnail","hentry","category-featured","category-news"],"jetpack_featured_media_url":"https:\/\/guineechrono.com\/wp-content\/uploads\/2025\/10\/IMG-20251014-WA0002.jpg","amp_enabled":true,"_links":{"self":[{"href":"https:\/\/guineechrono.com\/index.php\/wp-json\/wp\/v2\/posts\/37733","targetHints":{"allow":["GET"]}}],"collection":[{"href":"https:\/\/guineechrono.com\/index.php\/wp-json\/wp\/v2\/posts"}],"about":[{"href":"https:\/\/guineechrono.com\/index.php\/wp-json\/wp\/v2\/types\/post"}],"author":[{"embeddable":true,"href":"https:\/\/guineechrono.com\/index.php\/wp-json\/wp\/v2\/users\/2"}],"replies":[{"embeddable":true,"href":"https:\/\/guineechrono.com\/index.php\/wp-json\/wp\/v2\/comments?post=37733"}],"version-history":[{"count":1,"href":"https:\/\/guineechrono.com\/index.php\/wp-json\/wp\/v2\/posts\/37733\/revisions"}],"predecessor-version":[{"id":37737,"href":"https:\/\/guineechrono.com\/index.php\/wp-json\/wp\/v2\/posts\/37733\/revisions\/37737"}],"wp:featuredmedia":[{"embeddable":true,"href":"https:\/\/guineechrono.com\/index.php\/wp-json\/wp\/v2\/media\/37736"}],"wp:attachment":[{"href":"https:\/\/guineechrono.com\/index.php\/wp-json\/wp\/v2\/media?parent=37733"}],"wp:term":[{"taxonomy":"category","embeddable":true,"href":"https:\/\/guineechrono.com\/index.php\/wp-json\/wp\/v2\/categories?post=37733"},{"taxonomy":"post_tag","embeddable":true,"href":"https:\/\/guineechrono.com\/index.php\/wp-json\/wp\/v2\/tags?post=37733"}],"curies":[{"name":"wp","href":"https:\/\/api.w.org\/{rel}","templated":true}]}}