{"id":37738,"date":"2025-10-15T21:41:05","date_gmt":"2025-10-15T20:41:05","guid":{"rendered":"https:\/\/guineechrono.com\/?p=37738"},"modified":"2025-10-15T21:41:05","modified_gmt":"2025-10-15T20:41:05","slug":"kaloum-remise-officielle-de-materiels-de-gestion-des-risques-de-catastrophes-et-de-fonds-pour-les-activites-generatrices-de-revenus","status":"publish","type":"post","link":"https:\/\/guineechrono.com\/index.php\/kaloum-remise-officielle-de-materiels-de-gestion-des-risques-de-catastrophes-et-de-fonds-pour-les-activites-generatrices-de-revenus\/","title":{"rendered":"Kaloum : Remise officielle de mat\u00e9riels de gestion des risques de catastrophes et de fonds pour les activit\u00e9s g\u00e9n\u00e9ratrices de revenus"},"content":{"rendered":"<p><strong>La Croix-Rouge fran\u00e7aise, en collaboration avec l\u2019ONG Terre des hommes et avec le financement de l\u2019Union europ\u00e9enne, a proc\u00e9d\u00e9 ce mercredi 15 octobre 2025 \u00e0 la remise officielle de mat\u00e9riels et d\u2019\u00e9quipements de gestion des risques de catastrophes (GRC), ainsi qu\u2019\u00e0 la remise symbolique de fonds destin\u00e9s au soutien des Activit\u00e9s G\u00e9n\u00e9ratrices de Revenus (AGR) pour les femmes cheffes de m\u00e9nages affect\u00e9es par l\u2019explosion du principal d\u00e9p\u00f4t d\u2019hydrocarbures de Conakry.<\/strong><\/p>\n<p><a href=\"https:\/\/guineechrono.com\/wp-content\/uploads\/2025\/10\/IMG_20251015_152127.jpg\"><img fetchpriority=\"high\" decoding=\"async\" class=\"size-medium wp-image-37740\" src=\"https:\/\/guineechrono.com\/wp-content\/uploads\/2025\/10\/IMG_20251015_152127-300x169.jpg\" alt=\"\" width=\"300\" height=\"169\" srcset=\"https:\/\/guineechrono.com\/wp-content\/uploads\/2025\/10\/IMG_20251015_152127-300x169.jpg 300w, https:\/\/guineechrono.com\/wp-content\/uploads\/2025\/10\/IMG_20251015_152127-1024x576.jpg 1024w, https:\/\/guineechrono.com\/wp-content\/uploads\/2025\/10\/IMG_20251015_152127-768x432.jpg 768w, https:\/\/guineechrono.com\/wp-content\/uploads\/2025\/10\/IMG_20251015_152127-1536x864.jpg 1536w, https:\/\/guineechrono.com\/wp-content\/uploads\/2025\/10\/IMG_20251015_152127-2048x1152.jpg 2048w, https:\/\/guineechrono.com\/wp-content\/uploads\/2025\/10\/IMG_20251015_152127-696x392.jpg 696w, https:\/\/guineechrono.com\/wp-content\/uploads\/2025\/10\/IMG_20251015_152127-1068x601.jpg 1068w, https:\/\/guineechrono.com\/wp-content\/uploads\/2025\/10\/IMG_20251015_152127-747x420.jpg 747w, https:\/\/guineechrono.com\/wp-content\/uploads\/2025\/10\/IMG_20251015_152127-1920x1080.jpg 1920w\" sizes=\"(max-width: 300px) 100vw, 300px\" \/><\/a><\/p>\n<p>&nbsp;<\/p>\n<p>&nbsp;<\/p>\n<p>&nbsp;<\/p>\n<p>Ces c\u00e9r\u00e9monies, organis\u00e9es au Coll\u00e8ge Ch\u00e2teau d\u2019Eau et \u00e0 la Mairie de Kaloum, s\u2019inscrivent dans le cadre du projet <strong>LANGNI FAN<\/strong> (qui signifie \u00ab La paix est bonne \u00bb), mis en \u0153uvre par la Croix-Rouge fran\u00e7aise et la Croix-Rouge guin\u00e9enne, avec un financement de 1 050 000 \u20ac de l\u2019Union europ\u00e9enne sur une p\u00e9riode de 18 mois. Le projet vise \u00e0 renforcer la r\u00e9silience et la coh\u00e9sion sociale des populations touch\u00e9es par la catastrophe survenue dans la nuit du 17 au 18 d\u00e9cembre 2023.<\/p>\n<p><a href=\"https:\/\/guineechrono.com\/wp-content\/uploads\/2025\/10\/IMG_20251015_142532.jpg\"><img decoding=\"async\" class=\"size-medium wp-image-37741\" src=\"https:\/\/guineechrono.com\/wp-content\/uploads\/2025\/10\/IMG_20251015_142532-300x169.jpg\" alt=\"\" width=\"300\" height=\"169\" srcset=\"https:\/\/guineechrono.com\/wp-content\/uploads\/2025\/10\/IMG_20251015_142532-300x169.jpg 300w, https:\/\/guineechrono.com\/wp-content\/uploads\/2025\/10\/IMG_20251015_142532-1024x576.jpg 1024w, https:\/\/guineechrono.com\/wp-content\/uploads\/2025\/10\/IMG_20251015_142532-768x432.jpg 768w, https:\/\/guineechrono.com\/wp-content\/uploads\/2025\/10\/IMG_20251015_142532-1536x864.jpg 1536w, https:\/\/guineechrono.com\/wp-content\/uploads\/2025\/10\/IMG_20251015_142532-2048x1152.jpg 2048w, https:\/\/guineechrono.com\/wp-content\/uploads\/2025\/10\/IMG_20251015_142532-696x392.jpg 696w, https:\/\/guineechrono.com\/wp-content\/uploads\/2025\/10\/IMG_20251015_142532-1068x601.jpg 1068w, https:\/\/guineechrono.com\/wp-content\/uploads\/2025\/10\/IMG_20251015_142532-747x420.jpg 747w, https:\/\/guineechrono.com\/wp-content\/uploads\/2025\/10\/IMG_20251015_142532-1920x1080.jpg 1920w\" sizes=\"(max-width: 300px) 100vw, 300px\" \/><\/a><\/p>\n<p>&nbsp;<\/p>\n<p>&nbsp;<\/p>\n<p>Au Coll\u00e8ge Ch\u00e2teau d\u2019Eau, la rencontre a \u00e9t\u00e9 ax\u00e9e \u00e0 la remise officielle des \u00e9quipements de GRC aux comit\u00e9s de brigades scolaires de trois \u00e9tablissements de Kaloum (Lyc\u00e9e\/Coll\u00e8ge 28 Septembre, \u00c9cole Primaire de la Gare, et Coll\u00e8ge Ch\u00e2teau d\u2019Eau). Ces comit\u00e9s, form\u00e9s avec l\u2019appui de la protection civile et de la police routi\u00e8re, ont \u00e9t\u00e9 dot\u00e9s de mat\u00e9riels adapt\u00e9s pour la pr\u00e9vention, l\u2019alerte et la r\u00e9ponse aux risques.<\/p>\n<p>\u00c0 la Mairie de Kaloum, la c\u00e9r\u00e9monie de remise symbolique des fonds allou\u00e9s aux femmes cheffes de m\u00e9nages sinistr\u00e9es. Ces fonds visent \u00e0 soutenir le d\u00e9veloppement ou la relance de leurs AGR.<\/p>\n<p>Dans le cadre du rel\u00e8vement \u00e9conomique :<\/p>\n<ul>\n<li><strong>936 femmes cheffes de m\u00e9nages<\/strong> identifi\u00e9es via une enqu\u00eate de ciblage ont re\u00e7u un appui financier global de <strong>2\u202f073\u202f819\u202f515 GNF<\/strong>, soit environ <strong>204\u202f557,95 \u20ac<\/strong>.<\/li>\n<li>Ces femmes ont \u00e9t\u00e9 form\u00e9es \u00e0 la gestion simplifi\u00e9e d\u2019une AGR, et des plans de financement ont \u00e9t\u00e9 valid\u00e9s par les parties prenantes.<\/li>\n<li>Les <strong>groupements f\u00e9minins<\/strong> ont \u00e9t\u00e9 formalis\u00e9s (agr\u00e9ment communal, ouverture de comptes au Cr\u00e9dit Rural de Guin\u00e9e).<\/li>\n<li>Le financement des groupements s\u2019\u00e9l\u00e8ve \u00e0 <strong>1\u202f202\u202f403\u202f515 GNF<\/strong> (118\u202f601,73 \u20ac), tandis que les AGR individuelles ont re\u00e7u <strong>871\u202f416\u202f000 GNF<\/strong> (85\u202f956,22 \u20ac).<\/li>\n<li>Un accompagnement technique mensuel est assur\u00e9 par l\u2019\u00e9quipe du projet.<\/li>\n<\/ul>\n<p>Concernant la gestion des risques de catastrophes :<\/p>\n<ul>\n<li>Trois comit\u00e9s de brigade scolaire ont \u00e9t\u00e9 mis en place et form\u00e9s dans trois \u00e9coles.<\/li>\n<li>Une dotation en mat\u00e9riels a \u00e9t\u00e9 r\u00e9alis\u00e9e \u00e0 la suite d\u2019une \u00e9valuation conjointe avec la protection civile et la police routi\u00e8re.<\/li>\n<li>Un plan d\u2019\u00e9vacuation et d\u2019intervention a \u00e9t\u00e9 con\u00e7u par la Croix-Rouge fran\u00e7aise pour chaque \u00e9tablissement.<\/li>\n<\/ul>\n<p>En parall\u00e8le, cinq \u00e9tablissements scolaires (Coll\u00e8ge Ch\u00e2teau d\u2019Eau, Lyc\u00e9e-Coll\u00e8ge 28 Septembre, EP Gare, EP Almamya, \u00c9cole Blanche Neige) et la Direction Communale de l&rsquo;\u00c9ducation (DCE) de Kaloum ont b\u00e9n\u00e9fici\u00e9 :<\/p>\n<ul>\n<li>De la r\u00e9habilitation de leurs infrastructures d\u2019eau, hygi\u00e8ne et assainissement (EHA),<\/li>\n<li>De dotations en \u00e9quipements mobiliers, informatiques et sanitaires (mat\u00e9riels IT et WASH).<\/li>\n<\/ul>\n<p>Dans son discours, le principal du Coll\u00e8ge Ch\u00e2teau d\u2019Eau a salu\u00e9 l\u2019impact du projet. \u00ab Vous n\u2019avez pas seulement fait des dons, vous avez transform\u00e9 notre \u00e9cole. Gr\u00e2ce \u00e0 vous, nous entrons dans l\u2019\u00e8re du num\u00e9rique, nos conditions d\u2019hygi\u00e8ne se sont am\u00e9lior\u00e9es, et notre environnement est plus s\u00e9curis\u00e9. \u00bb<\/p>\n<p><a href=\"https:\/\/guineechrono.com\/wp-content\/uploads\/2025\/10\/IMG_20251015_152750.jpg\"><img decoding=\"async\" class=\"size-medium wp-image-37742\" src=\"https:\/\/guineechrono.com\/wp-content\/uploads\/2025\/10\/IMG_20251015_152750-300x169.jpg\" alt=\"\" width=\"300\" height=\"169\" srcset=\"https:\/\/guineechrono.com\/wp-content\/uploads\/2025\/10\/IMG_20251015_152750-300x169.jpg 300w, https:\/\/guineechrono.com\/wp-content\/uploads\/2025\/10\/IMG_20251015_152750-1024x576.jpg 1024w, https:\/\/guineechrono.com\/wp-content\/uploads\/2025\/10\/IMG_20251015_152750-768x432.jpg 768w, https:\/\/guineechrono.com\/wp-content\/uploads\/2025\/10\/IMG_20251015_152750-1536x864.jpg 1536w, https:\/\/guineechrono.com\/wp-content\/uploads\/2025\/10\/IMG_20251015_152750-2048x1152.jpg 2048w, https:\/\/guineechrono.com\/wp-content\/uploads\/2025\/10\/IMG_20251015_152750-696x392.jpg 696w, https:\/\/guineechrono.com\/wp-content\/uploads\/2025\/10\/IMG_20251015_152750-1068x601.jpg 1068w, https:\/\/guineechrono.com\/wp-content\/uploads\/2025\/10\/IMG_20251015_152750-747x420.jpg 747w, https:\/\/guineechrono.com\/wp-content\/uploads\/2025\/10\/IMG_20251015_152750-1920x1080.jpg 1920w\" sizes=\"(max-width: 300px) 100vw, 300px\" \/><\/a><\/p>\n<p>&nbsp;<\/p>\n<p>&nbsp;<\/p>\n<p>Pour sa part, Monsieur Sanzan Kambir\u00e9, repr\u00e9sentant pays de <em>Terre des hommes<\/em>, a appel\u00e9 les b\u00e9n\u00e9ficiaires \u00e0 la responsabilit\u00e9. \u00ab Faites bon usage de ces \u00e9quipements. Ils contribueront \u00e0 l\u2019am\u00e9lioration de votre environnement et de vos performances scolaires. Nos \u00e9quipes resteront \u00e0 vos c\u00f4t\u00e9s. \u00bb<\/p>\n<p>De son c\u00f4t\u00e9, Ibrahima NDAO, repr\u00e9sentant pays de la <em>Croix-Rouge fran\u00e7aise<\/em>, a lanc\u00e9 un appel \u00e0 la continuit\u00e9. \u00ab Cette dynamique m\u00e9rite d\u2019\u00eatre p\u00e9rennis\u00e9e. Les besoins sont encore nombreux. \u00bb<\/p>\n<p><a href=\"https:\/\/guineechrono.com\/wp-content\/uploads\/2025\/10\/IMG_20251015_164338.jpg\"><img loading=\"lazy\" decoding=\"async\" class=\"size-medium wp-image-37743\" src=\"https:\/\/guineechrono.com\/wp-content\/uploads\/2025\/10\/IMG_20251015_164338-300x169.jpg\" alt=\"\" width=\"300\" height=\"169\" srcset=\"https:\/\/guineechrono.com\/wp-content\/uploads\/2025\/10\/IMG_20251015_164338-300x169.jpg 300w, https:\/\/guineechrono.com\/wp-content\/uploads\/2025\/10\/IMG_20251015_164338-1024x576.jpg 1024w, https:\/\/guineechrono.com\/wp-content\/uploads\/2025\/10\/IMG_20251015_164338-768x432.jpg 768w, https:\/\/guineechrono.com\/wp-content\/uploads\/2025\/10\/IMG_20251015_164338-1536x864.jpg 1536w, https:\/\/guineechrono.com\/wp-content\/uploads\/2025\/10\/IMG_20251015_164338-2048x1152.jpg 2048w, https:\/\/guineechrono.com\/wp-content\/uploads\/2025\/10\/IMG_20251015_164338-696x392.jpg 696w, https:\/\/guineechrono.com\/wp-content\/uploads\/2025\/10\/IMG_20251015_164338-1068x601.jpg 1068w, https:\/\/guineechrono.com\/wp-content\/uploads\/2025\/10\/IMG_20251015_164338-747x420.jpg 747w, https:\/\/guineechrono.com\/wp-content\/uploads\/2025\/10\/IMG_20251015_164338-1920x1080.jpg 1920w\" sizes=\"(max-width: 300px) 100vw, 300px\" \/><\/a><\/p>\n<p>&nbsp;<\/p>\n<p>&nbsp;<\/p>\n<p>Enfin, l\u2019Ambassadeur de l\u2019Union europ\u00e9enne a r\u00e9affirm\u00e9 l\u2019engagement de l\u2019UE. \u00ab Le projet <em>Langni Fan<\/em> est un symbole fort. Il incarne la r\u00e9habilitation, la solidarit\u00e9 et la paix. \u00bb<\/p>\n<p><a href=\"https:\/\/guineechrono.com\/wp-content\/uploads\/2025\/10\/IMG_20251015_171824.jpg\"><img loading=\"lazy\" decoding=\"async\" class=\"size-medium wp-image-37744\" src=\"https:\/\/guineechrono.com\/wp-content\/uploads\/2025\/10\/IMG_20251015_171824-300x169.jpg\" alt=\"\" width=\"300\" height=\"169\" srcset=\"https:\/\/guineechrono.com\/wp-content\/uploads\/2025\/10\/IMG_20251015_171824-300x169.jpg 300w, https:\/\/guineechrono.com\/wp-content\/uploads\/2025\/10\/IMG_20251015_171824-1024x576.jpg 1024w, https:\/\/guineechrono.com\/wp-content\/uploads\/2025\/10\/IMG_20251015_171824-768x432.jpg 768w, https:\/\/guineechrono.com\/wp-content\/uploads\/2025\/10\/IMG_20251015_171824-1536x864.jpg 1536w, https:\/\/guineechrono.com\/wp-content\/uploads\/2025\/10\/IMG_20251015_171824-2048x1152.jpg 2048w, https:\/\/guineechrono.com\/wp-content\/uploads\/2025\/10\/IMG_20251015_171824-696x392.jpg 696w, https:\/\/guineechrono.com\/wp-content\/uploads\/2025\/10\/IMG_20251015_171824-1068x601.jpg 1068w, https:\/\/guineechrono.com\/wp-content\/uploads\/2025\/10\/IMG_20251015_171824-747x420.jpg 747w, https:\/\/guineechrono.com\/wp-content\/uploads\/2025\/10\/IMG_20251015_171824-1920x1080.jpg 1920w\" sizes=\"(max-width: 300px) 100vw, 300px\" \/><\/a><\/p>\n<p>&nbsp;<\/p>\n<p>&nbsp;<\/p>\n<p>Le Directeur Communal de l\u2019\u00c9ducation de Kaloum a conclu en soulignant l\u2019importance de pr\u00e9parer les \u00e9l\u00e8ves aux d\u00e9fis futurs. \u00ab Il est essentiel d\u2019outiller les communaut\u00e9s \u00e9ducatives pour faire face aux catastrophes, prot\u00e9ger les vies et garantir la continuit\u00e9 de l\u2019\u00e9ducation. \u00bb<\/p>\n<p><strong>Aboubacar Camara<\/strong><\/p>\n<p><strong>00224 628 08 45 86<\/strong><\/p>\n","protected":false},"excerpt":{"rendered":"<p>La Croix-Rouge fran\u00e7aise, en collaboration avec l\u2019ONG Terre des hommes et avec le financement de l\u2019Union europ\u00e9enne, a proc\u00e9d\u00e9 ce mercredi 15 octobre 2025 \u00e0 la remise officielle de mat\u00e9riels et d\u2019\u00e9quipements de gestion des risques de catastrophes (GRC), ainsi qu\u2019\u00e0 la remise symbolique de fonds destin\u00e9s au soutien des Activit\u00e9s G\u00e9n\u00e9ratrices de Revenus (AGR) [&hellip;]<\/p>\n","protected":false},"author":2,"featured_media":37739,"comment_status":"open","ping_status":"closed","sticky":false,"template":"","format":"standard","meta":{"buzzeditor_post_format":"","footnotes":""},"categories":[42],"tags":[],"class_list":["post-37738","post","type-post","status-publish","format-standard","has-post-thumbnail","hentry","category-news"],"jetpack_featured_media_url":"https:\/\/guineechrono.com\/wp-content\/uploads\/2025\/10\/IMG_20251015_152453.jpg","amp_enabled":true,"_links":{"self":[{"href":"https:\/\/guineechrono.com\/index.php\/wp-json\/wp\/v2\/posts\/37738","targetHints":{"allow":["GET"]}}],"collection":[{"href":"https:\/\/guineechrono.com\/index.php\/wp-json\/wp\/v2\/posts"}],"about":[{"href":"https:\/\/guineechrono.com\/index.php\/wp-json\/wp\/v2\/types\/post"}],"author":[{"embeddable":true,"href":"https:\/\/guineechrono.com\/index.php\/wp-json\/wp\/v2\/users\/2"}],"replies":[{"embeddable":true,"href":"https:\/\/guineechrono.com\/index.php\/wp-json\/wp\/v2\/comments?post=37738"}],"version-history":[{"count":1,"href":"https:\/\/guineechrono.com\/index.php\/wp-json\/wp\/v2\/posts\/37738\/revisions"}],"predecessor-version":[{"id":37745,"href":"https:\/\/guineechrono.com\/index.php\/wp-json\/wp\/v2\/posts\/37738\/revisions\/37745"}],"wp:featuredmedia":[{"embeddable":true,"href":"https:\/\/guineechrono.com\/index.php\/wp-json\/wp\/v2\/media\/37739"}],"wp:attachment":[{"href":"https:\/\/guineechrono.com\/index.php\/wp-json\/wp\/v2\/media?parent=37738"}],"wp:term":[{"taxonomy":"category","embeddable":true,"href":"https:\/\/guineechrono.com\/index.php\/wp-json\/wp\/v2\/categories?post=37738"},{"taxonomy":"post_tag","embeddable":true,"href":"https:\/\/guineechrono.com\/index.php\/wp-json\/wp\/v2\/tags?post=37738"}],"curies":[{"name":"wp","href":"https:\/\/api.w.org\/{rel}","templated":true}]}}