{"id":37757,"date":"2025-10-17T01:50:41","date_gmt":"2025-10-17T00:50:41","guid":{"rendered":"https:\/\/guineechrono.com\/?p=37757"},"modified":"2025-10-17T01:50:41","modified_gmt":"2025-10-17T00:50:41","slug":"lonacig-redefinit-le-cinema-guineen-une-nouvelle-ere-legislative-souvre","status":"publish","type":"post","link":"https:\/\/guineechrono.com\/index.php\/lonacig-redefinit-le-cinema-guineen-une-nouvelle-ere-legislative-souvre\/","title":{"rendered":"L\u2019ONACIG red\u00e9finit le cin\u00e9ma guin\u00e9en : une nouvelle \u00e8re l\u00e9gislative s\u2019ouvre"},"content":{"rendered":"<p><strong>Conakry, 16 octobre 2025 \u2013 Le secteur culturel guin\u00e9en s\u2019engage dans une transformation majeure. Lors d\u2019une session intercommission du Conseil National de la Transition (CNT), le Minist\u00e8re de la Culture et de l\u2019Artisanat a pr\u00e9sent\u00e9 quatre projets de loi d\u00e9cisifs destin\u00e9s \u00e0 structurer et \u00e0 moderniser la vie culturelle du pays.<\/strong><\/p>\n<p><a href=\"https:\/\/guineechrono.com\/wp-content\/uploads\/2025\/10\/FB_IMG_1760661665175.jpg\"><img decoding=\"async\" class=\"alignleft size-medium wp-image-37758\" src=\"https:\/\/guineechrono.com\/wp-content\/uploads\/2025\/10\/FB_IMG_1760661665175-300x128.jpg\" alt=\"\" width=\"300\" height=\"128\" srcset=\"https:\/\/guineechrono.com\/wp-content\/uploads\/2025\/10\/FB_IMG_1760661665175-300x128.jpg 300w, https:\/\/guineechrono.com\/wp-content\/uploads\/2025\/10\/FB_IMG_1760661665175-1024x436.jpg 1024w, https:\/\/guineechrono.com\/wp-content\/uploads\/2025\/10\/FB_IMG_1760661665175-768x327.jpg 768w, https:\/\/guineechrono.com\/wp-content\/uploads\/2025\/10\/FB_IMG_1760661665175-696x296.jpg 696w, https:\/\/guineechrono.com\/wp-content\/uploads\/2025\/10\/FB_IMG_1760661665175-1068x455.jpg 1068w, https:\/\/guineechrono.com\/wp-content\/uploads\/2025\/10\/FB_IMG_1760661665175-986x420.jpg 986w, https:\/\/guineechrono.com\/wp-content\/uploads\/2025\/10\/FB_IMG_1760661665175.jpg 1503w\" sizes=\"(max-width: 300px) 100vw, 300px\" \/><\/a><\/p>\n<p>Parmi ces textes, celui consacr\u00e9 au cin\u00e9ma a particuli\u00e8rement retenu l\u2019attention. V\u00e9ritable moteur de cr\u00e9ation, d\u2019identit\u00e9 et de d\u00e9veloppement \u00e9conomique, le 7\u1d49 art guin\u00e9en se trouve aujourd\u2019hui au c\u0153ur des priorit\u00e9s nationales.<\/p>\n<p><strong>L\u2019ONACIG en premi\u00e8re ligne pour un cadre juridique moderne<\/strong><\/p>\n<p>Sous la conduite de M. Thierno Hamidou Bah, Chef de Cabinet du minist\u00e8re, la d\u00e9l\u00e9gation a expos\u00e9 aux conseillers du CNT les grandes lignes du projet de loi sur l\u2019encadrement des m\u00e9tiers du cin\u00e9ma, fruit d\u2019un long travail men\u00e9 par l\u2019Office National du Cin\u00e9ma, de la Vid\u00e9o et de la Photographie de Guin\u00e9e (ONACIG).<\/p>\n<p>Ce texte entend doter le cin\u00e9ma guin\u00e9en d\u2019un cadre l\u00e9gal protecteur et incitatif, favorisant la professionnalisation des acteurs du secteur et stimulant la cr\u00e9ation d\u2019une v\u00e9ritable industrie audiovisuelle nationale.<\/p>\n<p><a href=\"https:\/\/guineechrono.com\/wp-content\/uploads\/2025\/10\/FB_IMG_1760661639868.jpg\"><img fetchpriority=\"high\" decoding=\"async\" class=\"alignleft size-medium wp-image-37759\" src=\"https:\/\/guineechrono.com\/wp-content\/uploads\/2025\/10\/FB_IMG_1760661639868-300x233.jpg\" alt=\"\" width=\"300\" height=\"233\" srcset=\"https:\/\/guineechrono.com\/wp-content\/uploads\/2025\/10\/FB_IMG_1760661639868-300x233.jpg 300w, https:\/\/guineechrono.com\/wp-content\/uploads\/2025\/10\/FB_IMG_1760661639868-1024x797.jpg 1024w, https:\/\/guineechrono.com\/wp-content\/uploads\/2025\/10\/FB_IMG_1760661639868-768x598.jpg 768w, https:\/\/guineechrono.com\/wp-content\/uploads\/2025\/10\/FB_IMG_1760661639868-1536x1196.jpg 1536w, https:\/\/guineechrono.com\/wp-content\/uploads\/2025\/10\/FB_IMG_1760661639868-696x542.jpg 696w, https:\/\/guineechrono.com\/wp-content\/uploads\/2025\/10\/FB_IMG_1760661639868-1068x831.jpg 1068w, https:\/\/guineechrono.com\/wp-content\/uploads\/2025\/10\/FB_IMG_1760661639868-540x420.jpg 540w, https:\/\/guineechrono.com\/wp-content\/uploads\/2025\/10\/FB_IMG_1760661639868-1920x1494.jpg 1920w, https:\/\/guineechrono.com\/wp-content\/uploads\/2025\/10\/FB_IMG_1760661639868.jpg 2048w\" sizes=\"(max-width: 300px) 100vw, 300px\" \/><\/a><\/p>\n<p>Pr\u00e9sent \u00e0 la rencontre, M. Amara Traor\u00e9, Directeur g\u00e9n\u00e9ral de l\u2019ONACIG, a soulign\u00e9 que \u00ab le cin\u00e9ma n\u2019est pas seulement un art, mais un pilier \u00e9conomique et diplomatique, un vecteur d\u2019unit\u00e9 nationale et de rayonnement international \u00bb.<\/p>\n<p><strong>Une dynamique soutenue par la vision du Pr\u00e9sident Doumbouya<\/strong><\/p>\n<p>Au nom du ministre de la Culture et de l\u2019Artisanat, M. Moussa Mo\u00efse Sylla, le Chef de Cabinet a salu\u00e9 la vision du Pr\u00e9sident de la R\u00e9publique, le Colonel Mamadi Doumbouya, qui fait de la culture un levier strat\u00e9gique du d\u00e9veloppement.<\/p>\n<p>Cette orientation politique claire insuffle un nouveau souffle aux institutions culturelles du pays. Dans cette dynamique, l\u2019ONACIG s\u2019impose comme un acteur cl\u00e9 de la refondation culturelle, accompagnant producteurs, r\u00e9alisateurs et jeunes talents \u00e0 travers des programmes structurants et une politique d\u2019encadrement ambitieuse.<\/p>\n<p><a href=\"https:\/\/guineechrono.com\/wp-content\/uploads\/2025\/10\/FB_IMG_1760661651495.jpg\"><img decoding=\"async\" class=\"alignleft size-medium wp-image-37760\" src=\"https:\/\/guineechrono.com\/wp-content\/uploads\/2025\/10\/FB_IMG_1760661651495-300x255.jpg\" alt=\"\" width=\"300\" height=\"255\" srcset=\"https:\/\/guineechrono.com\/wp-content\/uploads\/2025\/10\/FB_IMG_1760661651495-300x255.jpg 300w, https:\/\/guineechrono.com\/wp-content\/uploads\/2025\/10\/FB_IMG_1760661651495-1024x870.jpg 1024w, https:\/\/guineechrono.com\/wp-content\/uploads\/2025\/10\/FB_IMG_1760661651495-768x653.jpg 768w, https:\/\/guineechrono.com\/wp-content\/uploads\/2025\/10\/FB_IMG_1760661651495-1536x1305.jpg 1536w, https:\/\/guineechrono.com\/wp-content\/uploads\/2025\/10\/FB_IMG_1760661651495-696x591.jpg 696w, https:\/\/guineechrono.com\/wp-content\/uploads\/2025\/10\/FB_IMG_1760661651495-1068x907.jpg 1068w, https:\/\/guineechrono.com\/wp-content\/uploads\/2025\/10\/FB_IMG_1760661651495-494x420.jpg 494w, https:\/\/guineechrono.com\/wp-content\/uploads\/2025\/10\/FB_IMG_1760661651495-1920x1631.jpg 1920w, https:\/\/guineechrono.com\/wp-content\/uploads\/2025\/10\/FB_IMG_1760661651495.jpg 2048w\" sizes=\"(max-width: 300px) 100vw, 300px\" \/><\/a><\/p>\n<p><strong>Les quatre projets de loi pr\u00e9sent\u00e9s concernent :<\/strong><\/p>\n<p>\u2022 La protection et la valorisation des instruments traditionnels de musique et de danse ;<\/p>\n<p>\u2022 L\u2019organisation des spectacles vivants ;<\/p>\n<p>\u2022 L\u2019encadrement des m\u00e9tiers du cin\u00e9ma ;<\/p>\n<p>\u2022 Le statut de l\u2019artiste et des professionnels de la culture.<\/p>\n<p>Ces textes compl\u00e9mentaires traduisent une m\u00eame ambition : donner \u00e0 la culture guin\u00e9enne un socle juridique solide et replacer les artistes au c\u0153ur de la soci\u00e9t\u00e9.<\/p>\n<p><strong>Le cin\u00e9ma guin\u00e9en en marche vers l\u2019avenir<\/strong><\/p>\n<p>Sous la direction de l\u2019ONACIG, le cin\u00e9ma guin\u00e9en s\u2019engage dans une phase de structuration sans pr\u00e9c\u00e9dent. Les r\u00e9formes en cours visent \u00e0 renforcer la production, la distribution et la promotion des \u0153uvres, tout en cr\u00e9ant un environnement favorable \u00e0 l\u2019investissement et \u00e0 la coop\u00e9ration internationale.<\/p>\n<p><a href=\"https:\/\/guineechrono.com\/wp-content\/uploads\/2025\/10\/FB_IMG_1760661634393.jpg\"><img loading=\"lazy\" decoding=\"async\" class=\"alignleft size-medium wp-image-37762\" src=\"https:\/\/guineechrono.com\/wp-content\/uploads\/2025\/10\/FB_IMG_1760661634393-300x248.jpg\" alt=\"\" width=\"300\" height=\"248\" srcset=\"https:\/\/guineechrono.com\/wp-content\/uploads\/2025\/10\/FB_IMG_1760661634393-300x248.jpg 300w, https:\/\/guineechrono.com\/wp-content\/uploads\/2025\/10\/FB_IMG_1760661634393-1024x847.jpg 1024w, https:\/\/guineechrono.com\/wp-content\/uploads\/2025\/10\/FB_IMG_1760661634393-768x635.jpg 768w, https:\/\/guineechrono.com\/wp-content\/uploads\/2025\/10\/FB_IMG_1760661634393-1536x1271.jpg 1536w, https:\/\/guineechrono.com\/wp-content\/uploads\/2025\/10\/FB_IMG_1760661634393-696x576.jpg 696w, https:\/\/guineechrono.com\/wp-content\/uploads\/2025\/10\/FB_IMG_1760661634393-1068x883.jpg 1068w, https:\/\/guineechrono.com\/wp-content\/uploads\/2025\/10\/FB_IMG_1760661634393-508x420.jpg 508w, https:\/\/guineechrono.com\/wp-content\/uploads\/2025\/10\/FB_IMG_1760661634393-1920x1588.jpg 1920w, https:\/\/guineechrono.com\/wp-content\/uploads\/2025\/10\/FB_IMG_1760661634393.jpg 2048w\" sizes=\"(max-width: 300px) 100vw, 300px\" \/><\/a><\/p>\n<p>En d\u00e9finitive, cette session intercommission du CNT marque une \u00e9tape cl\u00e9 : la culture guin\u00e9enne avance, et le cin\u00e9ma en est la locomotive.<\/p>\n<p>Gr\u00e2ce au leadership du ministre Moussa Mo\u00efse Sylla et \u00e0 l\u2019engagement du directeur g\u00e9n\u00e9ral de l\u2019ONACIG, Amara Traor\u00e9, la Guin\u00e9e se pr\u00e9pare \u00e0 inscrire son cin\u00e9ma parmi les grandes nations culturelles du continent africain.<\/p>\n","protected":false},"excerpt":{"rendered":"<p>Conakry, 16 octobre 2025 \u2013 Le secteur culturel guin\u00e9en s\u2019engage dans une transformation majeure. Lors d\u2019une session intercommission du Conseil National de la Transition (CNT), le Minist\u00e8re de la Culture et de l\u2019Artisanat a pr\u00e9sent\u00e9 quatre projets de loi d\u00e9cisifs destin\u00e9s \u00e0 structurer et \u00e0 moderniser la vie culturelle du pays. Parmi ces textes, celui [&hellip;]<\/p>\n","protected":false},"author":2,"featured_media":37763,"comment_status":"open","ping_status":"closed","sticky":false,"template":"","format":"standard","meta":{"buzzeditor_post_format":"","footnotes":""},"categories":[47,2,42],"tags":[],"class_list":["post-37757","post","type-post","status-publish","format-standard","has-post-thumbnail","hentry","category-culture","category-featured","category-news"],"jetpack_featured_media_url":"https:\/\/guineechrono.com\/wp-content\/uploads\/2025\/10\/FB_IMG_1760661627308.jpg","amp_enabled":true,"_links":{"self":[{"href":"https:\/\/guineechrono.com\/index.php\/wp-json\/wp\/v2\/posts\/37757","targetHints":{"allow":["GET"]}}],"collection":[{"href":"https:\/\/guineechrono.com\/index.php\/wp-json\/wp\/v2\/posts"}],"about":[{"href":"https:\/\/guineechrono.com\/index.php\/wp-json\/wp\/v2\/types\/post"}],"author":[{"embeddable":true,"href":"https:\/\/guineechrono.com\/index.php\/wp-json\/wp\/v2\/users\/2"}],"replies":[{"embeddable":true,"href":"https:\/\/guineechrono.com\/index.php\/wp-json\/wp\/v2\/comments?post=37757"}],"version-history":[{"count":1,"href":"https:\/\/guineechrono.com\/index.php\/wp-json\/wp\/v2\/posts\/37757\/revisions"}],"predecessor-version":[{"id":37764,"href":"https:\/\/guineechrono.com\/index.php\/wp-json\/wp\/v2\/posts\/37757\/revisions\/37764"}],"wp:featuredmedia":[{"embeddable":true,"href":"https:\/\/guineechrono.com\/index.php\/wp-json\/wp\/v2\/media\/37763"}],"wp:attachment":[{"href":"https:\/\/guineechrono.com\/index.php\/wp-json\/wp\/v2\/media?parent=37757"}],"wp:term":[{"taxonomy":"category","embeddable":true,"href":"https:\/\/guineechrono.com\/index.php\/wp-json\/wp\/v2\/categories?post=37757"},{"taxonomy":"post_tag","embeddable":true,"href":"https:\/\/guineechrono.com\/index.php\/wp-json\/wp\/v2\/tags?post=37757"}],"curies":[{"name":"wp","href":"https:\/\/api.w.org\/{rel}","templated":true}]}}