{"id":37778,"date":"2025-10-18T20:21:12","date_gmt":"2025-10-18T19:21:12","guid":{"rendered":"https:\/\/guineechrono.com\/?p=37778"},"modified":"2025-10-18T20:21:12","modified_gmt":"2025-10-18T19:21:12","slug":"fonap-2025-maria-diane-parmi-les-100-personnalites-qui-font-bouger-la-guinee","status":"publish","type":"post","link":"https:\/\/guineechrono.com\/index.php\/fonap-2025-maria-diane-parmi-les-100-personnalites-qui-font-bouger-la-guinee\/","title":{"rendered":"FONAP 2025 : Maria Dian\u00e9 parmi les 100 personnalit\u00e9s qui font bouger la Guin\u00e9e"},"content":{"rendered":"<p>Le Forum National des Acteurs Publics (FONAP 2025) s\u2019est tenu le vendredi 17 octobre 2025 \u00e0 l\u2019h\u00f4tel Noom de Conakry.<\/p>\n<p>Cette initiative port\u00e9e par COPE-Guin\u00e9e, sous la direction du Dr Paul Kamano, vise \u00e0 valoriser les initiatives publiques, encourager le dialogue multi-acteurs et stimuler l\u2019innovation dans la gouvernance nationale.<\/p>\n<p><strong>Une distinction honorifique pour un parcours engag\u00e9<\/strong><\/p>\n<p>Parmi les 100 personnalit\u00e9s distingu\u00e9es cette ann\u00e9e, figure Madame Maria Dian\u00e9, Secr\u00e9taire G\u00e9n\u00e9rale de la Conf\u00e9d\u00e9ration G\u00e9n\u00e9rale des Entreprises de Guin\u00e9e (CGE-GUI).<\/p>\n<p>Cette reconnaissance, explique-t-elle, vient couronner plusieurs ann\u00e9es d\u2019engagement au service du patronat guin\u00e9en et du secteur priv\u00e9 national.<\/p>\n<p><a href=\"https:\/\/guineechrono.com\/wp-content\/uploads\/2025\/10\/IMG-20251018-WA0091.jpg\"><img fetchpriority=\"high\" decoding=\"async\" class=\"alignleft size-medium wp-image-37780\" src=\"https:\/\/guineechrono.com\/wp-content\/uploads\/2025\/10\/IMG-20251018-WA0091-212x300.jpg\" alt=\"\" width=\"212\" height=\"300\" srcset=\"https:\/\/guineechrono.com\/wp-content\/uploads\/2025\/10\/IMG-20251018-WA0091-212x300.jpg 212w, https:\/\/guineechrono.com\/wp-content\/uploads\/2025\/10\/IMG-20251018-WA0091-725x1024.jpg 725w, https:\/\/guineechrono.com\/wp-content\/uploads\/2025\/10\/IMG-20251018-WA0091-768x1085.jpg 768w, https:\/\/guineechrono.com\/wp-content\/uploads\/2025\/10\/IMG-20251018-WA0091-696x983.jpg 696w, https:\/\/guineechrono.com\/wp-content\/uploads\/2025\/10\/IMG-20251018-WA0091-297x420.jpg 297w, https:\/\/guineechrono.com\/wp-content\/uploads\/2025\/10\/IMG-20251018-WA0091.jpg 906w\" sizes=\"(max-width: 212px) 100vw, 212px\" \/><\/a><\/p>\n<p>&nbsp;<\/p>\n<p>&nbsp;<\/p>\n<p>&nbsp;<\/p>\n<p>&nbsp;<\/p>\n<p>&nbsp;<\/p>\n<p>\u00ab Cette distinction m\u2019honore profond\u00e9ment. Elle d\u00e9passe ma personne pour saluer le travail collectif accompli au sein du Patronat Guin\u00e9en. En recevant ce prix, je consid\u00e8re que je ne m\u2019appartiens plus : j\u2019appartiens d\u00e9sormais \u00e0 tout le secteur priv\u00e9 guin\u00e9en \u00bb, a d\u00e9clar\u00e9 Mme Dian\u00e9.<\/p>\n<p><strong>Un parcours marqu\u00e9 par la r\u00e9forme du patronat guin\u00e9en<\/strong><\/p>\n<p>Recrut\u00e9e le 2 septembre 2021 comme Secr\u00e9taire G\u00e9n\u00e9rale du Conseil National du Patronat de Guin\u00e9e (CNP-Guin\u00e9e), alors dirig\u00e9 par M. Ansoumane Kaba, Mme Dian\u00e9 a pris ses fonctions dans un contexte institutionnel particulier. Trois jours apr\u00e8s son entr\u00e9e en poste, la Guin\u00e9e connaissait un tournant politique majeur avec la prise de pouvoir du G\u00e9n\u00e9ral Mamadi Doumbouya et la mise en place du CNRD.<\/p>\n<p>Peu apr\u00e8s, les nouvelles autorit\u00e9s ont ouvert un cycle de concertations nationales avec les forces vives du pays. C\u2019est \u00e0 cette occasion qu\u2019a \u00e9t\u00e9 mis en lumi\u00e8re un constat pr\u00e9occupant : la coexistence de plusieurs organisations patronales, chacune se r\u00e9clamant repr\u00e9sentante du secteur priv\u00e9.<\/p>\n<p>Une situation que les autorit\u00e9s ont jug\u00e9e contre-productive, appelant \u00e0 une unification du mouvement patronal guin\u00e9en.<\/p>\n<p><strong>Le r\u00f4le central d\u2019une femme de consensus<\/strong><\/p>\n<p>Dans ce processus d\u00e9licat, Maria Dian\u00e9 s\u2019est distingu\u00e9e par son sens du dialogue et son esprit de conciliation.<\/p>\n<p>Unique femme occupant un poste de Secr\u00e9taire G\u00e9n\u00e9rale au sein des quatre organisations patronales existantes, elle a su faire valoir ses qualit\u00e9s de coordination, de neutralit\u00e9 et de rigueur professionnelle.<\/p>\n<p>\u00ab Ce n\u2019est pas mon genre qui a motiv\u00e9 cette confiance, mais la capacit\u00e9 \u00e0 \u00e9couter, \u00e0 rapprocher les positions et \u00e0 travailler dans un esprit d\u2019unit\u00e9. J\u2019ai eu l\u2019honneur de collaborer avec les quatre figures fondatrices du patronat guin\u00e9en \u2013 M. Ansoumane Kaba (Guiter), M. Kerfalla Camara (KPC), M. Isma\u00ebl Keita, et feu M. Mohamed Habib Hann \u2013 pour garantir une transition apais\u00e9e et responsable \u00bb, a-t-elle confi\u00e9.<\/p>\n<p><strong>De la transition \u00e0 la consolidation de la CGE-GUI<\/strong><\/p>\n<p>\u00c0 l\u2019issue du processus d\u2019unification, Madame Maria Dian\u00e9 a \u00e9t\u00e9 confirm\u00e9e dans ses fonctions de Secr\u00e9taire G\u00e9n\u00e9rale de la Conf\u00e9d\u00e9ration G\u00e9n\u00e9rale des Entreprises de Guin\u00e9e (CGE-GUI), poste qu\u2019elle occupe depuis pr\u00e8s de cinq ans : trois ann\u00e9es au titre de la transition, puis un an et demi dans le cadre formel de la nouvelle conf\u00e9d\u00e9ration.<\/p>\n<p>Durant cette p\u00e9riode, elle a men\u00e9 un travail de fond pour r\u00e9tablir la confiance et rassembler les composantes du secteur priv\u00e9 autour d\u2019une vision commune.<\/p>\n<p>Elle a notamment contribu\u00e9 \u00e0 rallier des institutions majeures telles que la Chambre des Mines et plusieurs associations socioprofessionnelles, dans un climat encore marqu\u00e9 par deux d\u00e9cennies de divisions internes.<\/p>\n<p><strong>Une mission au service du collectif<\/strong><\/p>\n<p>Depuis l\u2019Assembl\u00e9e G\u00e9n\u00e9rale constitutive de la CGE-GUI, les nouveaux statuts ont confirm\u00e9 le r\u00f4le strat\u00e9gique du Secr\u00e9tariat G\u00e9n\u00e9ral dans la coordination institutionnelle et la conduite des r\u00e9formes.<\/p>\n<p>Cette l\u00e9gitimit\u00e9 a \u00e9t\u00e9 confort\u00e9e par la confiance renouvel\u00e9e du Pr\u00e9sident \u00e9lu du Patronat et par l\u2019adh\u00e9sion unanime du Conseil d\u2019administration.<\/p>\n<p>\u00ab C\u2019est une mission exigeante, que j\u2019assume avec rigueur, humilit\u00e9 et d\u00e9termination. Entrer dans ma cinqui\u00e8me ann\u00e9e \u00e0 ce poste symbolise la continuit\u00e9 d\u2019un engagement collectif pour un patronat fort, cr\u00e9dible et tourn\u00e9 vers le d\u00e9veloppement de notre pays \u00bb, a-t-elle d\u00e9clar\u00e9.<\/p>\n<p><strong>Un forum pour valoriser l\u2019excellence guin\u00e9enne<\/strong><\/p>\n<p>Le FONAP 2025 s\u2019affirme aujourd\u2019hui comme un carrefour strat\u00e9gique r\u00e9unissant acteurs publics, collectivit\u00e9s locales, institutions, partenaires techniques et professionnels engag\u00e9s, autour d\u2019une ambition commune :b\u00e2tir une Guin\u00e9e moderne, inclusive et bien gouvern\u00e9e.<\/p>\n<p>Au-del\u00e0 de la reconnaissance individuelle, la distinction de Madame Maria Dian\u00e9 incarne l\u2019exemple d\u2019un leadership f\u00e9minin affirm\u00e9, d\u2019un engagement patriotique constant et d\u2019une volont\u00e9 in\u00e9branlable de servir l\u2019int\u00e9r\u00eat collectif.<\/p>\n<p><strong>Aboubacar Camara <\/strong><\/p>\n<p><strong>00224 628084586<\/strong><\/p>\n<p>&nbsp;<\/p>\n","protected":false},"excerpt":{"rendered":"<p>Le Forum National des Acteurs Publics (FONAP 2025) s\u2019est tenu le vendredi 17 octobre 2025 \u00e0 l\u2019h\u00f4tel Noom de Conakry. Cette initiative port\u00e9e par COPE-Guin\u00e9e, sous la direction du Dr Paul Kamano, vise \u00e0 valoriser les initiatives publiques, encourager le dialogue multi-acteurs et stimuler l\u2019innovation dans la gouvernance nationale. Une distinction honorifique pour un parcours [&hellip;]<\/p>\n","protected":false},"author":2,"featured_media":37779,"comment_status":"open","ping_status":"closed","sticky":false,"template":"","format":"standard","meta":{"buzzeditor_post_format":"","footnotes":""},"categories":[42],"tags":[],"class_list":["post-37778","post","type-post","status-publish","format-standard","has-post-thumbnail","hentry","category-news"],"jetpack_featured_media_url":"https:\/\/guineechrono.com\/wp-content\/uploads\/2025\/10\/IMG-20251018-WA0087.jpg","amp_enabled":true,"_links":{"self":[{"href":"https:\/\/guineechrono.com\/index.php\/wp-json\/wp\/v2\/posts\/37778","targetHints":{"allow":["GET"]}}],"collection":[{"href":"https:\/\/guineechrono.com\/index.php\/wp-json\/wp\/v2\/posts"}],"about":[{"href":"https:\/\/guineechrono.com\/index.php\/wp-json\/wp\/v2\/types\/post"}],"author":[{"embeddable":true,"href":"https:\/\/guineechrono.com\/index.php\/wp-json\/wp\/v2\/users\/2"}],"replies":[{"embeddable":true,"href":"https:\/\/guineechrono.com\/index.php\/wp-json\/wp\/v2\/comments?post=37778"}],"version-history":[{"count":1,"href":"https:\/\/guineechrono.com\/index.php\/wp-json\/wp\/v2\/posts\/37778\/revisions"}],"predecessor-version":[{"id":37781,"href":"https:\/\/guineechrono.com\/index.php\/wp-json\/wp\/v2\/posts\/37778\/revisions\/37781"}],"wp:featuredmedia":[{"embeddable":true,"href":"https:\/\/guineechrono.com\/index.php\/wp-json\/wp\/v2\/media\/37779"}],"wp:attachment":[{"href":"https:\/\/guineechrono.com\/index.php\/wp-json\/wp\/v2\/media?parent=37778"}],"wp:term":[{"taxonomy":"category","embeddable":true,"href":"https:\/\/guineechrono.com\/index.php\/wp-json\/wp\/v2\/categories?post=37778"},{"taxonomy":"post_tag","embeddable":true,"href":"https:\/\/guineechrono.com\/index.php\/wp-json\/wp\/v2\/tags?post=37778"}],"curies":[{"name":"wp","href":"https:\/\/api.w.org\/{rel}","templated":true}]}}