{"id":37806,"date":"2025-10-23T19:29:33","date_gmt":"2025-10-23T18:29:33","guid":{"rendered":"https:\/\/guineechrono.com\/?p=37806"},"modified":"2025-10-23T19:29:33","modified_gmt":"2025-10-23T18:29:33","slug":"inondations-a-conakry-la-croix-rouge-francaise-vole-au-secours-de-1-200-menages-sinistres","status":"publish","type":"post","link":"https:\/\/guineechrono.com\/index.php\/inondations-a-conakry-la-croix-rouge-francaise-vole-au-secours-de-1-200-menages-sinistres\/","title":{"rendered":"Inondations \u00e0 Conakry : la Croix-Rouge fran\u00e7aise vole au secours de 1 200 m\u00e9nages sinistr\u00e9s"},"content":{"rendered":"<p><strong>Comme les ann\u00e9es pr\u00e9c\u00e9dentes, la R\u00e9publique de Guin\u00e9e a connu, durant la saison des pluies 2025, de fortes inondations ayant caus\u00e9 des pertes en vies humaines et d\u2019importants d\u00e9g\u00e2ts mat\u00e9riels dans plusieurs communes de Conakry.<\/strong><\/p>\n<p>Face \u00e0 cette situation, la Croix-Rouge fran\u00e7aise (CRF), en collaboration avec la Croix-Rouge guin\u00e9enne (CRG), a lanc\u00e9 une op\u00e9ration d\u2019urgence visant \u00e0 venir en aide \u00e0 1 200 m\u00e9nages sinistr\u00e9s dans les communes de Lambanyi, Matoto, Ratoma, Sonfonia et Tombolia.<\/p>\n<p><a href=\"https:\/\/guineechrono.com\/wp-content\/uploads\/2025\/10\/IMG_20251023_1207151.jpg\"><img fetchpriority=\"high\" decoding=\"async\" class=\"size-medium wp-image-37808\" src=\"https:\/\/guineechrono.com\/wp-content\/uploads\/2025\/10\/IMG_20251023_1207151-300x169.jpg\" alt=\"\" width=\"300\" height=\"169\" srcset=\"https:\/\/guineechrono.com\/wp-content\/uploads\/2025\/10\/IMG_20251023_1207151-300x169.jpg 300w, https:\/\/guineechrono.com\/wp-content\/uploads\/2025\/10\/IMG_20251023_1207151-1024x576.jpg 1024w, https:\/\/guineechrono.com\/wp-content\/uploads\/2025\/10\/IMG_20251023_1207151-768x432.jpg 768w, https:\/\/guineechrono.com\/wp-content\/uploads\/2025\/10\/IMG_20251023_1207151-1536x864.jpg 1536w, https:\/\/guineechrono.com\/wp-content\/uploads\/2025\/10\/IMG_20251023_1207151-2048x1152.jpg 2048w, https:\/\/guineechrono.com\/wp-content\/uploads\/2025\/10\/IMG_20251023_1207151-696x392.jpg 696w, https:\/\/guineechrono.com\/wp-content\/uploads\/2025\/10\/IMG_20251023_1207151-1068x601.jpg 1068w, https:\/\/guineechrono.com\/wp-content\/uploads\/2025\/10\/IMG_20251023_1207151-747x420.jpg 747w, https:\/\/guineechrono.com\/wp-content\/uploads\/2025\/10\/IMG_20251023_1207151-1920x1080.jpg 1920w\" sizes=\"(max-width: 300px) 100vw, 300px\" \/><\/a><\/p>\n<p>&nbsp;<\/p>\n<p>&nbsp;<\/p>\n<p>&nbsp;<\/p>\n<p>&nbsp;<\/p>\n<p>La c\u00e9r\u00e9monie officielle de remise des vivres et kits d\u2019hygi\u00e8ne s\u2019est tenue ce jeudi 23 octobre 2025 dans la cour de la mairie de Ratoma, en pr\u00e9sence des autorit\u00e9s locales, des partenaires techniques et financiers ainsi que des b\u00e9n\u00e9ficiaires.<\/p>\n<p>Chaque m\u00e9nage a re\u00e7u un kit d\u2019assistance compos\u00e9 de 50 kg de riz, 5 litres d\u2019huile, 5 kg de sel, 5 kg de sucre, deux seaux (40 L et 20 L), deux gobelets d\u2019un litre, un bidon d\u2019eau de javel de 5 litres et dix morceaux de savon.<\/p>\n<p><a href=\"https:\/\/guineechrono.com\/wp-content\/uploads\/2025\/10\/IMG_20251023_120320.jpg\"><img decoding=\"async\" class=\"size-medium wp-image-37809\" src=\"https:\/\/guineechrono.com\/wp-content\/uploads\/2025\/10\/IMG_20251023_120320-300x169.jpg\" alt=\"\" width=\"300\" height=\"169\" srcset=\"https:\/\/guineechrono.com\/wp-content\/uploads\/2025\/10\/IMG_20251023_120320-300x169.jpg 300w, https:\/\/guineechrono.com\/wp-content\/uploads\/2025\/10\/IMG_20251023_120320-1024x576.jpg 1024w, https:\/\/guineechrono.com\/wp-content\/uploads\/2025\/10\/IMG_20251023_120320-768x432.jpg 768w, https:\/\/guineechrono.com\/wp-content\/uploads\/2025\/10\/IMG_20251023_120320-1536x864.jpg 1536w, https:\/\/guineechrono.com\/wp-content\/uploads\/2025\/10\/IMG_20251023_120320-2048x1152.jpg 2048w, https:\/\/guineechrono.com\/wp-content\/uploads\/2025\/10\/IMG_20251023_120320-696x392.jpg 696w, https:\/\/guineechrono.com\/wp-content\/uploads\/2025\/10\/IMG_20251023_120320-1068x601.jpg 1068w, https:\/\/guineechrono.com\/wp-content\/uploads\/2025\/10\/IMG_20251023_120320-747x420.jpg 747w, https:\/\/guineechrono.com\/wp-content\/uploads\/2025\/10\/IMG_20251023_120320-1920x1080.jpg 1920w\" sizes=\"(max-width: 300px) 100vw, 300px\" \/><\/a><\/p>\n<p>&nbsp;<\/p>\n<p>&nbsp;<\/p>\n<p>&nbsp;<\/p>\n<p>Financ\u00e9e \u00e0 hauteur de 51 000 euros par le minist\u00e8re fran\u00e7ais des Affaires \u00e9trang\u00e8res et de 50 000 euros par le fonds d\u2019urgence de la Croix-Rouge fran\u00e7aise, cette op\u00e9ration repr\u00e9sente un investissement total de plus de 100 000 euros pour soutenir les populations touch\u00e9es.<\/p>\n<p><a href=\"https:\/\/guineechrono.com\/wp-content\/uploads\/2025\/10\/IMG_20251023_113445.jpg\"><img decoding=\"async\" class=\"size-medium wp-image-37810\" src=\"https:\/\/guineechrono.com\/wp-content\/uploads\/2025\/10\/IMG_20251023_113445-300x169.jpg\" alt=\"\" width=\"300\" height=\"169\" srcset=\"https:\/\/guineechrono.com\/wp-content\/uploads\/2025\/10\/IMG_20251023_113445-300x169.jpg 300w, https:\/\/guineechrono.com\/wp-content\/uploads\/2025\/10\/IMG_20251023_113445-1024x576.jpg 1024w, https:\/\/guineechrono.com\/wp-content\/uploads\/2025\/10\/IMG_20251023_113445-768x432.jpg 768w, https:\/\/guineechrono.com\/wp-content\/uploads\/2025\/10\/IMG_20251023_113445-1536x864.jpg 1536w, https:\/\/guineechrono.com\/wp-content\/uploads\/2025\/10\/IMG_20251023_113445-2048x1152.jpg 2048w, https:\/\/guineechrono.com\/wp-content\/uploads\/2025\/10\/IMG_20251023_113445-696x392.jpg 696w, https:\/\/guineechrono.com\/wp-content\/uploads\/2025\/10\/IMG_20251023_113445-1068x601.jpg 1068w, https:\/\/guineechrono.com\/wp-content\/uploads\/2025\/10\/IMG_20251023_113445-747x420.jpg 747w, https:\/\/guineechrono.com\/wp-content\/uploads\/2025\/10\/IMG_20251023_113445-1920x1080.jpg 1920w\" sizes=\"(max-width: 300px) 100vw, 300px\" \/><\/a><\/p>\n<p>&nbsp;<\/p>\n<p>&nbsp;<\/p>\n<p>&nbsp;<\/p>\n<p>Selon Ahmed S\u00e9kou Traor\u00e9, pr\u00e9sident de la d\u00e9l\u00e9gation sp\u00e9ciale de Ratoma, \u00ab nous sommes tr\u00e8s heureux de l\u2019opportunit\u00e9 offerte \u00e0 nos citoyens, et particuli\u00e8rement du choix de notre commune pour cette distribution de vivres et de kits d\u2019hygi\u00e8ne \u00bb.<\/p>\n<p><a href=\"https:\/\/guineechrono.com\/wp-content\/uploads\/2025\/10\/IMG_20251023_113900.jpg\"><img loading=\"lazy\" decoding=\"async\" class=\"size-medium wp-image-37811\" src=\"https:\/\/guineechrono.com\/wp-content\/uploads\/2025\/10\/IMG_20251023_113900-300x169.jpg\" alt=\"\" width=\"300\" height=\"169\" srcset=\"https:\/\/guineechrono.com\/wp-content\/uploads\/2025\/10\/IMG_20251023_113900-300x169.jpg 300w, https:\/\/guineechrono.com\/wp-content\/uploads\/2025\/10\/IMG_20251023_113900-1024x576.jpg 1024w, https:\/\/guineechrono.com\/wp-content\/uploads\/2025\/10\/IMG_20251023_113900-768x432.jpg 768w, https:\/\/guineechrono.com\/wp-content\/uploads\/2025\/10\/IMG_20251023_113900-1536x864.jpg 1536w, https:\/\/guineechrono.com\/wp-content\/uploads\/2025\/10\/IMG_20251023_113900-2048x1152.jpg 2048w, https:\/\/guineechrono.com\/wp-content\/uploads\/2025\/10\/IMG_20251023_113900-696x392.jpg 696w, https:\/\/guineechrono.com\/wp-content\/uploads\/2025\/10\/IMG_20251023_113900-1068x601.jpg 1068w, https:\/\/guineechrono.com\/wp-content\/uploads\/2025\/10\/IMG_20251023_113900-747x420.jpg 747w, https:\/\/guineechrono.com\/wp-content\/uploads\/2025\/10\/IMG_20251023_113900-1920x1080.jpg 1920w\" sizes=\"(max-width: 300px) 100vw, 300px\" \/><\/a><\/p>\n<p>&nbsp;<\/p>\n<p>&nbsp;<\/p>\n<p>&nbsp;<\/p>\n<p>&nbsp;<\/p>\n<p>De son c\u00f4t\u00e9, Ibrahima Ndao, repr\u00e9sentant pays de la Croix-Rouge fran\u00e7aise, a pr\u00e9cis\u00e9 que cette action s\u2019inscrit dans un partenariat durable avec la Croix-Rouge guin\u00e9enne pour r\u00e9pondre efficacement aux crises humanitaires.<\/p>\n<p><a href=\"https:\/\/guineechrono.com\/wp-content\/uploads\/2025\/10\/IMG_20251023_114540.jpg\"><img loading=\"lazy\" decoding=\"async\" class=\"size-medium wp-image-37812\" src=\"https:\/\/guineechrono.com\/wp-content\/uploads\/2025\/10\/IMG_20251023_114540-300x169.jpg\" alt=\"\" width=\"300\" height=\"169\" srcset=\"https:\/\/guineechrono.com\/wp-content\/uploads\/2025\/10\/IMG_20251023_114540-300x169.jpg 300w, https:\/\/guineechrono.com\/wp-content\/uploads\/2025\/10\/IMG_20251023_114540-1024x576.jpg 1024w, https:\/\/guineechrono.com\/wp-content\/uploads\/2025\/10\/IMG_20251023_114540-768x432.jpg 768w, https:\/\/guineechrono.com\/wp-content\/uploads\/2025\/10\/IMG_20251023_114540-1536x864.jpg 1536w, https:\/\/guineechrono.com\/wp-content\/uploads\/2025\/10\/IMG_20251023_114540-2048x1152.jpg 2048w, https:\/\/guineechrono.com\/wp-content\/uploads\/2025\/10\/IMG_20251023_114540-696x392.jpg 696w, https:\/\/guineechrono.com\/wp-content\/uploads\/2025\/10\/IMG_20251023_114540-1068x601.jpg 1068w, https:\/\/guineechrono.com\/wp-content\/uploads\/2025\/10\/IMG_20251023_114540-747x420.jpg 747w, https:\/\/guineechrono.com\/wp-content\/uploads\/2025\/10\/IMG_20251023_114540-1920x1080.jpg 1920w\" sizes=\"(max-width: 300px) 100vw, 300px\" \/><\/a><\/p>\n<p>&nbsp;<\/p>\n<p>&nbsp;<\/p>\n<p>&nbsp;<\/p>\n<p>&nbsp;<\/p>\n<p>El Hadji Bhoye Barry, repr\u00e9sentant de la Croix-Rouge guin\u00e9enne, a rappel\u00e9 que \u00ab notre institution, en tant qu\u2019auxiliaire des pouvoirs publics, reste engag\u00e9e \u00e0 \u0153uvrer aux c\u00f4t\u00e9s de l\u2019\u00c9tat guin\u00e9en pour all\u00e9ger les souffrances des personnes en d\u00e9tresse \u00bb.<\/p>\n<p><a href=\"https:\/\/guineechrono.com\/wp-content\/uploads\/2025\/10\/IMG_20251023_115239.jpg\"><img loading=\"lazy\" decoding=\"async\" class=\"size-medium wp-image-37813\" src=\"https:\/\/guineechrono.com\/wp-content\/uploads\/2025\/10\/IMG_20251023_115239-300x169.jpg\" alt=\"\" width=\"300\" height=\"169\" srcset=\"https:\/\/guineechrono.com\/wp-content\/uploads\/2025\/10\/IMG_20251023_115239-300x169.jpg 300w, https:\/\/guineechrono.com\/wp-content\/uploads\/2025\/10\/IMG_20251023_115239-1024x576.jpg 1024w, https:\/\/guineechrono.com\/wp-content\/uploads\/2025\/10\/IMG_20251023_115239-768x432.jpg 768w, https:\/\/guineechrono.com\/wp-content\/uploads\/2025\/10\/IMG_20251023_115239-1536x864.jpg 1536w, https:\/\/guineechrono.com\/wp-content\/uploads\/2025\/10\/IMG_20251023_115239-2048x1152.jpg 2048w, https:\/\/guineechrono.com\/wp-content\/uploads\/2025\/10\/IMG_20251023_115239-696x392.jpg 696w, https:\/\/guineechrono.com\/wp-content\/uploads\/2025\/10\/IMG_20251023_115239-1068x601.jpg 1068w, https:\/\/guineechrono.com\/wp-content\/uploads\/2025\/10\/IMG_20251023_115239-747x420.jpg 747w, https:\/\/guineechrono.com\/wp-content\/uploads\/2025\/10\/IMG_20251023_115239-1920x1080.jpg 1920w\" sizes=\"(max-width: 300px) 100vw, 300px\" \/><\/a><\/p>\n<p>&nbsp;<\/p>\n<p>&nbsp;<\/p>\n<p>&nbsp;<\/p>\n<p>&nbsp;<\/p>\n<p>Pr\u00e9sent \u00e0 la c\u00e9r\u00e9monie, Mouka\u00efla Amadou, chef du service Planification, Suivi et \u00c9valuation \u00e0 l\u2019UNICEF, a r\u00e9affirm\u00e9 l\u2019engagement des Nations Unies \u00e0 soutenir les autorit\u00e9s nationales face aux urgences humanitaires : \u00ab un accord a d\u2019ailleurs \u00e9t\u00e9 sign\u00e9 r\u00e9cemment pour \u00e9tendre l\u2019assistance aux r\u00e9gions de Dubr\u00e9ka et de Siguiri \u00bb, a-t-il annonc\u00e9.<\/p>\n<p><a href=\"https:\/\/guineechrono.com\/wp-content\/uploads\/2025\/10\/IMG_20251023_115600.jpg\"><img loading=\"lazy\" decoding=\"async\" class=\"size-medium wp-image-37814\" src=\"https:\/\/guineechrono.com\/wp-content\/uploads\/2025\/10\/IMG_20251023_115600-300x169.jpg\" alt=\"\" width=\"300\" height=\"169\" srcset=\"https:\/\/guineechrono.com\/wp-content\/uploads\/2025\/10\/IMG_20251023_115600-300x169.jpg 300w, https:\/\/guineechrono.com\/wp-content\/uploads\/2025\/10\/IMG_20251023_115600-1024x576.jpg 1024w, https:\/\/guineechrono.com\/wp-content\/uploads\/2025\/10\/IMG_20251023_115600-768x432.jpg 768w, https:\/\/guineechrono.com\/wp-content\/uploads\/2025\/10\/IMG_20251023_115600-1536x864.jpg 1536w, https:\/\/guineechrono.com\/wp-content\/uploads\/2025\/10\/IMG_20251023_115600-2048x1152.jpg 2048w, https:\/\/guineechrono.com\/wp-content\/uploads\/2025\/10\/IMG_20251023_115600-696x392.jpg 696w, https:\/\/guineechrono.com\/wp-content\/uploads\/2025\/10\/IMG_20251023_115600-1068x601.jpg 1068w, https:\/\/guineechrono.com\/wp-content\/uploads\/2025\/10\/IMG_20251023_115600-747x420.jpg 747w, https:\/\/guineechrono.com\/wp-content\/uploads\/2025\/10\/IMG_20251023_115600-1920x1080.jpg 1920w\" sizes=\"(max-width: 300px) 100vw, 300px\" \/><\/a><\/p>\n<p>&nbsp;<\/p>\n<p>&nbsp;<\/p>\n<p>&nbsp;<\/p>\n<p>Jules Boisserie, charg\u00e9 de communication \u00e0 l\u2019ambassade de France, a soulign\u00e9 \u00ab la solidarit\u00e9 de la France envers les populations sinistr\u00e9es, mais aussi envers tous ceux qui \u0153uvrent sur le terrain pour leur venir en aide \u00bb.<\/p>\n<p><a href=\"https:\/\/guineechrono.com\/wp-content\/uploads\/2025\/10\/IMG_20251023_121447.jpg\"><img loading=\"lazy\" decoding=\"async\" class=\"size-medium wp-image-37815\" src=\"https:\/\/guineechrono.com\/wp-content\/uploads\/2025\/10\/IMG_20251023_121447-300x169.jpg\" alt=\"\" width=\"300\" height=\"169\" srcset=\"https:\/\/guineechrono.com\/wp-content\/uploads\/2025\/10\/IMG_20251023_121447-300x169.jpg 300w, https:\/\/guineechrono.com\/wp-content\/uploads\/2025\/10\/IMG_20251023_121447-1024x576.jpg 1024w, https:\/\/guineechrono.com\/wp-content\/uploads\/2025\/10\/IMG_20251023_121447-768x432.jpg 768w, https:\/\/guineechrono.com\/wp-content\/uploads\/2025\/10\/IMG_20251023_121447-1536x864.jpg 1536w, https:\/\/guineechrono.com\/wp-content\/uploads\/2025\/10\/IMG_20251023_121447-2048x1152.jpg 2048w, https:\/\/guineechrono.com\/wp-content\/uploads\/2025\/10\/IMG_20251023_121447-696x392.jpg 696w, https:\/\/guineechrono.com\/wp-content\/uploads\/2025\/10\/IMG_20251023_121447-1068x601.jpg 1068w, https:\/\/guineechrono.com\/wp-content\/uploads\/2025\/10\/IMG_20251023_121447-747x420.jpg 747w, https:\/\/guineechrono.com\/wp-content\/uploads\/2025\/10\/IMG_20251023_121447-1920x1080.jpg 1920w\" sizes=\"(max-width: 300px) 100vw, 300px\" \/><\/a><\/p>\n<p>&nbsp;<\/p>\n<p>&nbsp;<\/p>\n<p>&nbsp;<\/p>\n<p>Enfin, M. Millimono, directeur g\u00e9n\u00e9ral adjoint de l\u2019Agence Nationale de Gestion des Urgence et Catastrophes\u00a0 (ANGUCH), a salu\u00e9 \u00ab l\u2019engagement de la Croix-Rouge et de tous les acteurs mobilis\u00e9s \u00bb, estimant que cette remise de vivres \u00ab n\u2019est pas seulement une r\u00e9ponse \u00e0 l\u2019urgence alimentaire, mais un geste de compassion et un message d\u2019espoir \u00bb.<\/p>\n<p><a href=\"https:\/\/guineechrono.com\/wp-content\/uploads\/2025\/10\/IMG_20251023_122119.jpg\"><img loading=\"lazy\" decoding=\"async\" class=\"size-medium wp-image-37816\" src=\"https:\/\/guineechrono.com\/wp-content\/uploads\/2025\/10\/IMG_20251023_122119-300x169.jpg\" alt=\"\" width=\"300\" height=\"169\" srcset=\"https:\/\/guineechrono.com\/wp-content\/uploads\/2025\/10\/IMG_20251023_122119-300x169.jpg 300w, https:\/\/guineechrono.com\/wp-content\/uploads\/2025\/10\/IMG_20251023_122119-1024x576.jpg 1024w, https:\/\/guineechrono.com\/wp-content\/uploads\/2025\/10\/IMG_20251023_122119-768x432.jpg 768w, https:\/\/guineechrono.com\/wp-content\/uploads\/2025\/10\/IMG_20251023_122119-1536x864.jpg 1536w, https:\/\/guineechrono.com\/wp-content\/uploads\/2025\/10\/IMG_20251023_122119-2048x1152.jpg 2048w, https:\/\/guineechrono.com\/wp-content\/uploads\/2025\/10\/IMG_20251023_122119-696x392.jpg 696w, https:\/\/guineechrono.com\/wp-content\/uploads\/2025\/10\/IMG_20251023_122119-1068x601.jpg 1068w, https:\/\/guineechrono.com\/wp-content\/uploads\/2025\/10\/IMG_20251023_122119-747x420.jpg 747w, https:\/\/guineechrono.com\/wp-content\/uploads\/2025\/10\/IMG_20251023_122119-1920x1080.jpg 1920w\" sizes=\"(max-width: 300px) 100vw, 300px\" \/><\/a><\/p>\n<p>&nbsp;<\/p>\n<p>&nbsp;<\/p>\n<p>&nbsp;<\/p>\n<p><strong>Aboubacar Camara <\/strong><\/p>\n<p><strong>00224 628084586<\/strong><\/p>\n","protected":false},"excerpt":{"rendered":"<p>Comme les ann\u00e9es pr\u00e9c\u00e9dentes, la R\u00e9publique de Guin\u00e9e a connu, durant la saison des pluies 2025, de fortes inondations ayant caus\u00e9 des pertes en vies humaines et d\u2019importants d\u00e9g\u00e2ts mat\u00e9riels dans plusieurs communes de Conakry. Face \u00e0 cette situation, la Croix-Rouge fran\u00e7aise (CRF), en collaboration avec la Croix-Rouge guin\u00e9enne (CRG), a lanc\u00e9 une op\u00e9ration d\u2019urgence [&hellip;]<\/p>\n","protected":false},"author":2,"featured_media":37807,"comment_status":"open","ping_status":"closed","sticky":false,"template":"","format":"standard","meta":{"buzzeditor_post_format":"","footnotes":""},"categories":[42],"tags":[],"class_list":["post-37806","post","type-post","status-publish","format-standard","has-post-thumbnail","hentry","category-news"],"jetpack_featured_media_url":"https:\/\/guineechrono.com\/wp-content\/uploads\/2025\/10\/IMG_20251023_122144.jpg","amp_enabled":true,"_links":{"self":[{"href":"https:\/\/guineechrono.com\/index.php\/wp-json\/wp\/v2\/posts\/37806","targetHints":{"allow":["GET"]}}],"collection":[{"href":"https:\/\/guineechrono.com\/index.php\/wp-json\/wp\/v2\/posts"}],"about":[{"href":"https:\/\/guineechrono.com\/index.php\/wp-json\/wp\/v2\/types\/post"}],"author":[{"embeddable":true,"href":"https:\/\/guineechrono.com\/index.php\/wp-json\/wp\/v2\/users\/2"}],"replies":[{"embeddable":true,"href":"https:\/\/guineechrono.com\/index.php\/wp-json\/wp\/v2\/comments?post=37806"}],"version-history":[{"count":1,"href":"https:\/\/guineechrono.com\/index.php\/wp-json\/wp\/v2\/posts\/37806\/revisions"}],"predecessor-version":[{"id":37817,"href":"https:\/\/guineechrono.com\/index.php\/wp-json\/wp\/v2\/posts\/37806\/revisions\/37817"}],"wp:featuredmedia":[{"embeddable":true,"href":"https:\/\/guineechrono.com\/index.php\/wp-json\/wp\/v2\/media\/37807"}],"wp:attachment":[{"href":"https:\/\/guineechrono.com\/index.php\/wp-json\/wp\/v2\/media?parent=37806"}],"wp:term":[{"taxonomy":"category","embeddable":true,"href":"https:\/\/guineechrono.com\/index.php\/wp-json\/wp\/v2\/categories?post=37806"},{"taxonomy":"post_tag","embeddable":true,"href":"https:\/\/guineechrono.com\/index.php\/wp-json\/wp\/v2\/tags?post=37806"}],"curies":[{"name":"wp","href":"https:\/\/api.w.org\/{rel}","templated":true}]}}