{"id":37821,"date":"2025-10-23T22:50:36","date_gmt":"2025-10-23T21:50:36","guid":{"rendered":"https:\/\/guineechrono.com\/?p=37821"},"modified":"2025-10-23T22:50:36","modified_gmt":"2025-10-23T21:50:36","slug":"amara-traore-larchitecte-du-renouveau-du-cinema-guineen-et-africain","status":"publish","type":"post","link":"https:\/\/guineechrono.com\/index.php\/amara-traore-larchitecte-du-renouveau-du-cinema-guineen-et-africain\/","title":{"rendered":"Amara Traor\u00e9 : L\u2019architecte du renouveau du cin\u00e9ma guin\u00e9en et africain"},"content":{"rendered":"<p>Visionnaire, strat\u00e8ge et b\u00e2tisseur, Amara Traor\u00e9, s\u2019impose aujourd\u2019hui comme l\u2019un des visages les plus embl\u00e9matiques du cin\u00e9ma africain moderne. Directeur g\u00e9n\u00e9ral de l\u2019Office National du Cin\u00e9ma, de la Vid\u00e9o et de la Photographie de Guin\u00e9e (ONACIG), cet expert panafricain conjugue leadership institutionnel, engagement culturel et ambition continentale pour faire du 7\u1d49 art un levier de souverainet\u00e9 et de d\u00e9veloppement.<\/p>\n<p><strong>Un parcours pluriel au service de la culture africaine<\/strong><\/p>\n<p>R\u00e9alisateur, producteur, designer graphique et entrepreneur culturel, Amara Traor\u00e9 incarne une rare polyvalence. Fondateur du Collectif Sillywood et propri\u00e9taire de Sillywood TV, il \u0153uvre depuis plusieurs ann\u00e9es \u00e0 la structuration et \u00e0 la professionnalisation de l\u2019industrie cin\u00e9matographique guin\u00e9enne. \u00c0 travers le Sillywood International Film Festival &amp; Awards (SIFFA), il a su cr\u00e9er un espace de visibilit\u00e9 et de reconnaissance pour les talents africains.<\/p>\n<p>Avant d\u2019acc\u00e9der \u00e0 la t\u00eate de l\u2019ONACIG, il a dirig\u00e9 \u00c9vasion TV, travaill\u00e9 comme consultant en communication strat\u00e9gique et fond\u00e9 Brother\u2019s Label, une structure d\u00e9di\u00e9e \u00e0 la production artistique et musicale. Son expertise s\u2019est \u00e9galement \u00e9tendue \u00e0 de grandes entreprises et institutions telles qu\u2019Africell, 2STV, GRTS, Sheraton Hotel, Football Digest, ainsi qu\u2019aux gouvernements de la Gambie et de la Guin\u00e9e-Bissau.<\/p>\n<p><strong>Des r\u00e9formes profondes \u00e0 la t\u00eate de l\u2019ONACIG<\/strong><\/p>\n<p>Depuis sa nomination, Amara Traor\u00e9 a initi\u00e9 une transformation sans pr\u00e9c\u00e9dent du secteur cin\u00e9matographique national. Sous sa direction, l\u2019ONACIG s\u2019est impos\u00e9 comme un instrument strat\u00e9gique du redressement culturel, en parfaite synergie avec la vision du Pr\u00e9sident de la R\u00e9publique, le G\u00e9n\u00e9ral d\u2019Arm\u00e9e Mamadi Doumbouya, et la politique de refondation culturelle conduite par le ministre Moussa Mo\u00efse Sylla.<\/p>\n<p><strong>Parmi ses principales r\u00e9alisations figurent :<\/strong><\/p>\n<p>\u2022 La modernisation administrative de l\u2019ONACIG, marqu\u00e9e par la transparence et la performance, portant la couverture institutionnelle \u00e0 45 % du territoire ;<\/p>\n<p>\u2022 La participation \u00e0 la r\u00e9daction de la nouvelle Loi sur le Cin\u00e9ma et les Arts Audiovisuels, inspir\u00e9e des standards du S\u00e9n\u00e9gal, du Maroc et du Burkina Faso ;<\/p>\n<p>\u2022 La cr\u00e9ation de l\u2019ADOACA (Association des Directions, Offices et Agences du Cin\u00e9ma en Afrique), v\u00e9ritable r\u00e9seau panafricain de coop\u00e9ration culturelle ;<\/p>\n<p>\u2022 La mise en place du FODIC, un fonds destin\u00e9 \u00e0 financer durablement la cr\u00e9ation cin\u00e9matographique guin\u00e9enne ;<\/p>\n<p>\u2022 Le lancement du programme national de digitalisation du cin\u00e9ma, ainsi que la cr\u00e9ation du Mus\u00e9e et de la Salle d\u2019Archives du Cin\u00e9ma guin\u00e9en, une premi\u00e8re historique.<\/p>\n<p>Sous son impulsion, des initiatives comme \u201cCin\u00e9-Club, Cin\u00e9-Tours\u201d rapprochent d\u00e9sormais le cin\u00e9ma des populations dans les r\u00e9gions, tout en favorisant le dialogue entre l\u2019\u00c9tat, les cr\u00e9ateurs et les investisseurs priv\u00e9s.<\/p>\n<p><strong>Une vision panafricaine affirm\u00e9e<\/strong><\/p>\n<p>Panafricaniste convaincu, Amara Traor\u00e9 \u0153uvre pour une Afrique cr\u00e9ative et souveraine. Fondateur de l\u2019ADOACA, il milite pour son affiliation \u00e0 l\u2019Union africaine afin de renforcer la coop\u00e9ration continentale dans le domaine du cin\u00e9ma. Il repr\u00e9sente r\u00e9guli\u00e8rement la Guin\u00e9e sur la sc\u00e8ne internationale, notamment lors du CANEX WKND 2024 \u00e0 Alger, o\u00f9 il a d\u00e9fendu la place du cin\u00e9ma africain aupr\u00e8s d\u2019Afreximbank et de plusieurs ministres de la Culture.<\/p>\n<p>Polyglotte et respect\u00e9 sur le plan international, il a re\u00e7u plusieurs distinctions, dont le Prix du Duc d\u2019\u00c9dimbourg (Gold Award), et a si\u00e9g\u00e9 comme membre de jury dans plusieurs festivals africains et internationaux.<\/p>\n<p><strong>Un patriote engag\u00e9 dans la refondation nationale<\/strong><\/p>\n<p>Homme de conviction et d\u00e9fenseur du renouveau r\u00e9publicain, Amara Traor\u00e9 s\u2019inscrit pleinement dans la dynamique de refondation initi\u00e9e par le G\u00e9n\u00e9ral Mamadi Doumbouya. Guid\u00e9 par les valeurs de rigueur, d\u2019\u00e9quit\u00e9, de justice et de transparence, il fait partie de cette g\u00e9n\u00e9ration de cadres guin\u00e9ens qui croient en la renaissance d\u2019un \u00c9tat fort, juste et culturellement ancr\u00e9.<\/p>\n<p><strong>Un mod\u00e8le pour la jeunesse africaine<\/strong><\/p>\n<p>Avec plus de deux d\u00e9cennies d\u2019exp\u00e9rience et une vision tourn\u00e9e vers l\u2019avenir, Amara Traor\u00e9 demeure une figure inspirante pour la jeunesse guin\u00e9enne et africaine. Par son engagement, il contribue \u00e0 b\u00e2tir une industrie cin\u00e9matographique moderne, inclusive et comp\u00e9titive, faisant de la Guin\u00e9e un p\u00f4le culturel \u00e9mergent au c\u0153ur du continent.<\/p>\n<p><strong>La r\u00e9daction<\/strong><\/p>\n","protected":false},"excerpt":{"rendered":"<p>Visionnaire, strat\u00e8ge et b\u00e2tisseur, Amara Traor\u00e9, s\u2019impose aujourd\u2019hui comme l\u2019un des visages les plus embl\u00e9matiques du cin\u00e9ma africain moderne. Directeur g\u00e9n\u00e9ral de l\u2019Office National du Cin\u00e9ma, de la Vid\u00e9o et de la Photographie de Guin\u00e9e (ONACIG), cet expert panafricain conjugue leadership institutionnel, engagement culturel et ambition continentale pour faire du 7\u1d49 art un levier de [&hellip;]<\/p>\n","protected":false},"author":2,"featured_media":37822,"comment_status":"open","ping_status":"closed","sticky":false,"template":"","format":"standard","meta":{"buzzeditor_post_format":"","footnotes":""},"categories":[47,2,42],"tags":[],"class_list":["post-37821","post","type-post","status-publish","format-standard","has-post-thumbnail","hentry","category-culture","category-featured","category-news"],"jetpack_featured_media_url":"https:\/\/guineechrono.com\/wp-content\/uploads\/2025\/10\/IMG-20251023-WA0006.jpg","amp_enabled":true,"_links":{"self":[{"href":"https:\/\/guineechrono.com\/index.php\/wp-json\/wp\/v2\/posts\/37821","targetHints":{"allow":["GET"]}}],"collection":[{"href":"https:\/\/guineechrono.com\/index.php\/wp-json\/wp\/v2\/posts"}],"about":[{"href":"https:\/\/guineechrono.com\/index.php\/wp-json\/wp\/v2\/types\/post"}],"author":[{"embeddable":true,"href":"https:\/\/guineechrono.com\/index.php\/wp-json\/wp\/v2\/users\/2"}],"replies":[{"embeddable":true,"href":"https:\/\/guineechrono.com\/index.php\/wp-json\/wp\/v2\/comments?post=37821"}],"version-history":[{"count":1,"href":"https:\/\/guineechrono.com\/index.php\/wp-json\/wp\/v2\/posts\/37821\/revisions"}],"predecessor-version":[{"id":37823,"href":"https:\/\/guineechrono.com\/index.php\/wp-json\/wp\/v2\/posts\/37821\/revisions\/37823"}],"wp:featuredmedia":[{"embeddable":true,"href":"https:\/\/guineechrono.com\/index.php\/wp-json\/wp\/v2\/media\/37822"}],"wp:attachment":[{"href":"https:\/\/guineechrono.com\/index.php\/wp-json\/wp\/v2\/media?parent=37821"}],"wp:term":[{"taxonomy":"category","embeddable":true,"href":"https:\/\/guineechrono.com\/index.php\/wp-json\/wp\/v2\/categories?post=37821"},{"taxonomy":"post_tag","embeddable":true,"href":"https:\/\/guineechrono.com\/index.php\/wp-json\/wp\/v2\/tags?post=37821"}],"curies":[{"name":"wp","href":"https:\/\/api.w.org\/{rel}","templated":true}]}}