{"id":37828,"date":"2025-10-24T19:11:33","date_gmt":"2025-10-24T18:11:33","guid":{"rendered":"https:\/\/guineechrono.com\/?p=37828"},"modified":"2025-10-24T19:11:33","modified_gmt":"2025-10-24T18:11:33","slug":"guinee-le-mouvement-main-dans-la-main-appelle-le-general-mamadi-doumbouya-a-se-presenter-a-la-presidentielle","status":"publish","type":"post","link":"https:\/\/guineechrono.com\/index.php\/guinee-le-mouvement-main-dans-la-main-appelle-le-general-mamadi-doumbouya-a-se-presenter-a-la-presidentielle\/","title":{"rendered":"Guin\u00e9e : le mouvement \u201cMain dans la main\u201d appelle le G\u00e9n\u00e9ral Mamadi Doumbouya \u00e0 se pr\u00e9senter \u00e0 la pr\u00e9sidentielle"},"content":{"rendered":"<p><strong>Le mouvement citoyen <em>Main dans la main<\/em> a tenu, ce vendredi 24 octobre 2025, une conf\u00e9rence de presse \u00e0 la Maison commune des journalistes \u00e0 Conakry. <\/strong><\/p>\n<p>\u00c0 cette occasion, ses membres ont officiellement invit\u00e9 le pr\u00e9sident de la transition, le G\u00e9n\u00e9ral Mamadi Doumbouya, \u00e0 se porter candidat \u00e0 l\u2019\u00e9lection pr\u00e9sidentielle pr\u00e9vue le 28 d\u00e9cembre 2025.<\/p>\n<p>Le pr\u00e9sident du mouvement, l\u2019artiste Doudou B\u00e9ni, a tenu \u00e0 pr\u00e9ciser que <em>Main dans la main<\/em> n\u2019est pas une initiative issue du pouvoir, mais une organisation ind\u00e9pendante qui soutient les actions men\u00e9es par le chef de l\u2019\u00c9tat depuis sa prise de fonction. \u00ab Ce n\u2019est pas un mouvement cr\u00e9\u00e9 par le pr\u00e9sident Doumbouya, mais un mouvement qui soutient ses actions \u00bb, a d\u00e9clar\u00e9 Doudou B\u00e9ni.<\/p>\n<p>L\u2019artiste a ensuite appel\u00e9 le G\u00e9n\u00e9ral Doumbouya \u00e0 se pr\u00e9senter \u00ab obligatoirement \u00bb \u00e0 la prochaine pr\u00e9sidentielle, affirmant que son absence \u00e0 cette \u00e9ch\u00e9ance serait per\u00e7ue comme un renoncement \u00e0 son engagement envers la nation. \u00ab Si le G\u00e9n\u00e9ral Mamadi Doumbouya ne se pr\u00e9sente pas, il va quitter le pays et partir ailleurs. Dans ce cas, cela signifie qu\u2019il n\u2019est pas un vrai Guin\u00e9en \u00bb, a-t-il lanc\u00e9.<\/p>\n<p>Dans le m\u00eame esprit, le pr\u00e9sident du mouvement a annonc\u00e9 une initiative populaire visant \u00e0 collecter des fonds pour financer la caution de candidature du G\u00e9n\u00e9ral Doumbouya. \u00ab Nous allons faire une cotisation, m\u00eame si chacun donne 1.000 ou 10.000 francs guin\u00e9ens, pour qu\u2019il puisse se pr\u00e9senter \u00bb, a conclu Doudou B\u00e9ni.<\/p>\n<p>Cette sortie du mouvement <em>Main dans la main<\/em> intervient dans un contexte politique marqu\u00e9 par les attentes autour de la fin de la transition et la tenue des \u00e9lections pr\u00e9sidentielles de d\u00e9cembre prochain.<\/p>\n<p><strong>R\u00e9daction <\/strong><\/p>\n<p>&nbsp;<\/p>\n","protected":false},"excerpt":{"rendered":"<p>Le mouvement citoyen Main dans la main a tenu, ce vendredi 24 octobre 2025, une conf\u00e9rence de presse \u00e0 la Maison commune des journalistes \u00e0 Conakry. \u00c0 cette occasion, ses membres ont officiellement invit\u00e9 le pr\u00e9sident de la transition, le G\u00e9n\u00e9ral Mamadi Doumbouya, \u00e0 se porter candidat \u00e0 l\u2019\u00e9lection pr\u00e9sidentielle pr\u00e9vue le 28 d\u00e9cembre 2025. [&hellip;]<\/p>\n","protected":false},"author":2,"featured_media":37829,"comment_status":"open","ping_status":"closed","sticky":false,"template":"","format":"standard","meta":{"buzzeditor_post_format":"","footnotes":""},"categories":[42],"tags":[],"class_list":["post-37828","post","type-post","status-publish","format-standard","has-post-thumbnail","hentry","category-news"],"jetpack_featured_media_url":"https:\/\/guineechrono.com\/wp-content\/uploads\/2025\/10\/doudou.jpg","amp_enabled":true,"_links":{"self":[{"href":"https:\/\/guineechrono.com\/index.php\/wp-json\/wp\/v2\/posts\/37828","targetHints":{"allow":["GET"]}}],"collection":[{"href":"https:\/\/guineechrono.com\/index.php\/wp-json\/wp\/v2\/posts"}],"about":[{"href":"https:\/\/guineechrono.com\/index.php\/wp-json\/wp\/v2\/types\/post"}],"author":[{"embeddable":true,"href":"https:\/\/guineechrono.com\/index.php\/wp-json\/wp\/v2\/users\/2"}],"replies":[{"embeddable":true,"href":"https:\/\/guineechrono.com\/index.php\/wp-json\/wp\/v2\/comments?post=37828"}],"version-history":[{"count":1,"href":"https:\/\/guineechrono.com\/index.php\/wp-json\/wp\/v2\/posts\/37828\/revisions"}],"predecessor-version":[{"id":37830,"href":"https:\/\/guineechrono.com\/index.php\/wp-json\/wp\/v2\/posts\/37828\/revisions\/37830"}],"wp:featuredmedia":[{"embeddable":true,"href":"https:\/\/guineechrono.com\/index.php\/wp-json\/wp\/v2\/media\/37829"}],"wp:attachment":[{"href":"https:\/\/guineechrono.com\/index.php\/wp-json\/wp\/v2\/media?parent=37828"}],"wp:term":[{"taxonomy":"category","embeddable":true,"href":"https:\/\/guineechrono.com\/index.php\/wp-json\/wp\/v2\/categories?post=37828"},{"taxonomy":"post_tag","embeddable":true,"href":"https:\/\/guineechrono.com\/index.php\/wp-json\/wp\/v2\/tags?post=37828"}],"curies":[{"name":"wp","href":"https:\/\/api.w.org\/{rel}","templated":true}]}}