{"id":37831,"date":"2025-10-25T14:06:09","date_gmt":"2025-10-25T13:06:09","guid":{"rendered":"https:\/\/guineechrono.com\/?p=37831"},"modified":"2025-10-25T15:33:24","modified_gmt":"2025-10-25T14:33:24","slug":"conakry-maria-diane-represente-le-patronat-guineen-au-1er-sommet-panafricain-des-femmes-dimpact","status":"publish","type":"post","link":"https:\/\/guineechrono.com\/index.php\/conakry-maria-diane-represente-le-patronat-guineen-au-1er-sommet-panafricain-des-femmes-dimpact\/","title":{"rendered":"Conakry : Maria Dian\u00e9 repr\u00e9sente le Patronat Guin\u00e9en au 1er Sommet Panafricain des Femmes d\u2019Impact"},"content":{"rendered":"<p><strong>Le premier Sommet Panafricain des Femmes d\u2019Impact s\u2019est tenu r\u00e9cemment, r\u00e9unissant \u00e0 Conakry des femmes leaders venues de divers horizons africains et internationaux pour \u00e9changer sur les voies et moyens de renforcer l\u2019autonomisation \u00e9conomique et sociale des femmes sur le continent.<\/strong><\/p>\n<p>Parmi les participantes figurait Madame Maria Dian\u00e9, Secr\u00e9taire G\u00e9n\u00e9rale de la\u00a0 Conf\u00e9d\u00e9ration G\u00e9n\u00e9rale des Entreprises de Guin\u00e9e (CGE-GUI), qui a marqu\u00e9 sa pr\u00e9sence \u00e0 cet \u00e9v\u00e9nement majeur.<\/p>\n<p>Organis\u00e9 \u00e0 l\u2019initiative de Madame Hann Djenaba Keita, Pr\u00e9sidente de la Fondation Jamila et membre du Patronat Guin\u00e9en, ce sommet s\u2019est impos\u00e9 comme une plateforme d\u2019\u00e9changes, de r\u00e9flexion et d\u2019action autour du leadership f\u00e9minin et de la contribution des femmes au d\u00e9veloppement durable de l\u2019Afrique.<\/p>\n<p><a href=\"https:\/\/guineechrono.com\/wp-content\/uploads\/2025\/10\/FB_IMG_1761395456945.jpg\"><img fetchpriority=\"high\" decoding=\"async\" class=\"alignleft size-medium wp-image-37833\" src=\"https:\/\/guineechrono.com\/wp-content\/uploads\/2025\/10\/FB_IMG_1761395456945-300x176.jpg\" alt=\"\" width=\"300\" height=\"176\" srcset=\"https:\/\/guineechrono.com\/wp-content\/uploads\/2025\/10\/FB_IMG_1761395456945-300x176.jpg 300w, https:\/\/guineechrono.com\/wp-content\/uploads\/2025\/10\/FB_IMG_1761395456945-1024x602.jpg 1024w, https:\/\/guineechrono.com\/wp-content\/uploads\/2025\/10\/FB_IMG_1761395456945-768x452.jpg 768w, https:\/\/guineechrono.com\/wp-content\/uploads\/2025\/10\/FB_IMG_1761395456945-1536x903.jpg 1536w, https:\/\/guineechrono.com\/wp-content\/uploads\/2025\/10\/FB_IMG_1761395456945-696x409.jpg 696w, https:\/\/guineechrono.com\/wp-content\/uploads\/2025\/10\/FB_IMG_1761395456945-1068x628.jpg 1068w, https:\/\/guineechrono.com\/wp-content\/uploads\/2025\/10\/FB_IMG_1761395456945-714x420.jpg 714w, https:\/\/guineechrono.com\/wp-content\/uploads\/2025\/10\/FB_IMG_1761395456945-1920x1129.jpg 1920w, https:\/\/guineechrono.com\/wp-content\/uploads\/2025\/10\/FB_IMG_1761395456945.jpg 2048w\" sizes=\"(max-width: 300px) 100vw, 300px\" \/><\/a><\/p>\n<p>&nbsp;<\/p>\n<p>&nbsp;<\/p>\n<p>&nbsp;<\/p>\n<p>Dans son intervention, Madame Maria Dian\u00e9 a salu\u00e9 cette initiative \u00ab d\u2019envergure internationale \u00bb, port\u00e9e selon elle par une vision audacieuse et un leadership inspirant. Elle a exprim\u00e9 toute sa reconnaissance \u00e0 Madame Hann Djenaba Keita pour son engagement constant en faveur de la cause f\u00e9minine, ainsi qu\u2019\u00e0 ses partenaires et \u00e0 toute son \u00e9quipe pour leur professionnalisme ayant contribu\u00e9 au succ\u00e8s de la rencontre.<\/p>\n<p>\u00ab Soutenir l\u2019action des femmes d\u2019impact, c\u2019est investir dans l\u2019avenir de notre nation \u00bb, a-t-elle d\u00e9clar\u00e9, soulignant la n\u00e9cessit\u00e9 de continuer \u00e0 encadrer, soutenir et valoriser le potentiel f\u00e9minin, v\u00e9ritable pilier de croissance, d\u2019innovation et de progr\u00e8s pour les \u00e9conomies africaines.<\/p>\n<p>Le sommet a \u00e9galement permis de mettre en lumi\u00e8re les initiatives concr\u00e8tes men\u00e9es par des femmes africaines dans divers secteurs\u00a0: entrepreneuriat, gouvernance, \u00e9ducation, et innovation, t\u00e9moignant de leur r\u00f4le essentiel dans la transformation du continent.<\/p>\n<p><a href=\"https:\/\/guineechrono.com\/wp-content\/uploads\/2025\/10\/FB_IMG_1761395469140.jpg\"><img decoding=\"async\" class=\"alignleft size-medium wp-image-37834\" src=\"https:\/\/guineechrono.com\/wp-content\/uploads\/2025\/10\/FB_IMG_1761395469140-300x200.jpg\" alt=\"\" width=\"300\" height=\"200\" srcset=\"https:\/\/guineechrono.com\/wp-content\/uploads\/2025\/10\/FB_IMG_1761395469140-300x200.jpg 300w, https:\/\/guineechrono.com\/wp-content\/uploads\/2025\/10\/FB_IMG_1761395469140-1024x682.jpg 1024w, https:\/\/guineechrono.com\/wp-content\/uploads\/2025\/10\/FB_IMG_1761395469140-768x512.jpg 768w, https:\/\/guineechrono.com\/wp-content\/uploads\/2025\/10\/FB_IMG_1761395469140-1536x1024.jpg 1536w, https:\/\/guineechrono.com\/wp-content\/uploads\/2025\/10\/FB_IMG_1761395469140-696x464.jpg 696w, https:\/\/guineechrono.com\/wp-content\/uploads\/2025\/10\/FB_IMG_1761395469140-1068x712.jpg 1068w, https:\/\/guineechrono.com\/wp-content\/uploads\/2025\/10\/FB_IMG_1761395469140-630x420.jpg 630w, https:\/\/guineechrono.com\/wp-content\/uploads\/2025\/10\/FB_IMG_1761395469140-1920x1280.jpg 1920w, https:\/\/guineechrono.com\/wp-content\/uploads\/2025\/10\/FB_IMG_1761395469140.jpg 2000w\" sizes=\"(max-width: 300px) 100vw, 300px\" \/><\/a><\/p>\n<p>&nbsp;<\/p>\n<p>&nbsp;<\/p>\n<p>&nbsp;<\/p>\n<p>&nbsp;<\/p>\n<p>En conclusion, Madame Dian\u00e9 a lanc\u00e9 un appel \u00e0 l\u2019unit\u00e9 et \u00e0 l\u2019audace : \u00ab Ensemble, faisons de notre continent un espace o\u00f9 les femmes guin\u00e9ennes et africaines osent, innovent et r\u00e9ussissent, pour b\u00e2tir une Afrique forte, \u00e9quitable et r\u00e9solument tourn\u00e9e vers l\u2019avenir. \u00bb<\/p>\n<p><strong>R\u00e9daction <\/strong><\/p>\n<p>&nbsp;<\/p>\n","protected":false},"excerpt":{"rendered":"<p>Le premier Sommet Panafricain des Femmes d\u2019Impact s\u2019est tenu r\u00e9cemment, r\u00e9unissant \u00e0 Conakry des femmes leaders venues de divers horizons africains et internationaux pour \u00e9changer sur les voies et moyens de renforcer l\u2019autonomisation \u00e9conomique et sociale des femmes sur le continent. Parmi les participantes figurait Madame Maria Dian\u00e9, Secr\u00e9taire G\u00e9n\u00e9rale de la\u00a0 Conf\u00e9d\u00e9ration G\u00e9n\u00e9rale des [&hellip;]<\/p>\n","protected":false},"author":2,"featured_media":37832,"comment_status":"open","ping_status":"closed","sticky":false,"template":"","format":"standard","meta":{"buzzeditor_post_format":"","footnotes":""},"categories":[44],"tags":[],"class_list":["post-37831","post","type-post","status-publish","format-standard","has-post-thumbnail","hentry","category-economie"],"jetpack_featured_media_url":"https:\/\/guineechrono.com\/wp-content\/uploads\/2025\/10\/FB_IMG_1761395442979.jpg","amp_enabled":true,"_links":{"self":[{"href":"https:\/\/guineechrono.com\/index.php\/wp-json\/wp\/v2\/posts\/37831","targetHints":{"allow":["GET"]}}],"collection":[{"href":"https:\/\/guineechrono.com\/index.php\/wp-json\/wp\/v2\/posts"}],"about":[{"href":"https:\/\/guineechrono.com\/index.php\/wp-json\/wp\/v2\/types\/post"}],"author":[{"embeddable":true,"href":"https:\/\/guineechrono.com\/index.php\/wp-json\/wp\/v2\/users\/2"}],"replies":[{"embeddable":true,"href":"https:\/\/guineechrono.com\/index.php\/wp-json\/wp\/v2\/comments?post=37831"}],"version-history":[{"count":3,"href":"https:\/\/guineechrono.com\/index.php\/wp-json\/wp\/v2\/posts\/37831\/revisions"}],"predecessor-version":[{"id":37846,"href":"https:\/\/guineechrono.com\/index.php\/wp-json\/wp\/v2\/posts\/37831\/revisions\/37846"}],"wp:featuredmedia":[{"embeddable":true,"href":"https:\/\/guineechrono.com\/index.php\/wp-json\/wp\/v2\/media\/37832"}],"wp:attachment":[{"href":"https:\/\/guineechrono.com\/index.php\/wp-json\/wp\/v2\/media?parent=37831"}],"wp:term":[{"taxonomy":"category","embeddable":true,"href":"https:\/\/guineechrono.com\/index.php\/wp-json\/wp\/v2\/categories?post=37831"},{"taxonomy":"post_tag","embeddable":true,"href":"https:\/\/guineechrono.com\/index.php\/wp-json\/wp\/v2\/tags?post=37831"}],"curies":[{"name":"wp","href":"https:\/\/api.w.org\/{rel}","templated":true}]}}