{"id":37850,"date":"2025-10-27T20:19:34","date_gmt":"2025-10-27T19:19:34","guid":{"rendered":"https:\/\/guineechrono.com\/?p=37850"},"modified":"2025-10-27T20:19:34","modified_gmt":"2025-10-27T19:19:34","slug":"deces-du-kountigui-de-la-basse-guinee-el-hadj-mamoudou-camara","status":"publish","type":"post","link":"https:\/\/guineechrono.com\/index.php\/deces-du-kountigui-de-la-basse-guinee-el-hadj-mamoudou-camara\/","title":{"rendered":"D\u00e9c\u00e8s du Kountigui de la Basse-Guin\u00e9e, El Hadj Mamoudou Camara"},"content":{"rendered":"<p><strong>La Basse-Guin\u00e9e est en deuil. El Hadj Mamoudou Camara, Kountigui de la Basse-Guin\u00e9e, a tir\u00e9 sa r\u00e9v\u00e9rence ce lundi 27 octobre 2025, \u00e0 l\u2019h\u00f4pital Sino-Guin\u00e9en, des suites d\u2019une longue maladie.<\/strong><\/p>\n<p>Figure embl\u00e9matique et respect\u00e9e de la r\u00e9gion, El Hadj Mamoudou Camara \u00e9tait connu pour son engagement en faveur de la paix, de la coh\u00e9sion sociale et du d\u00e9veloppement de la Basse-Guin\u00e9e. Sa disparition laisse un grand vide au sein de la notabilit\u00e9 guin\u00e9enne et de l\u2019ensemble du pays.<\/p>\n<p>De nombreuses personnalit\u00e9s, autorit\u00e9s locales et habitants de la r\u00e9gion ont exprim\u00e9 leur profonde tristesse \u00e0 l\u2019annonce de cette perte.<\/p>\n<p>En cette douloureuse circonstance, la r\u00e9daction de <strong>guineechrono<\/strong> adresse ses sinc\u00e8res condol\u00e9ances \u00e0 la famille \u00e9plor\u00e9e, \u00e0 ses proches, ainsi qu\u2019\u00e0 tout le peuple de Guin\u00e9e.<\/p>\n<p>Que son \u00e2me repose en paix.<\/p>\n<p><strong>R\u00e9daction <\/strong><\/p>\n","protected":false},"excerpt":{"rendered":"<p>La Basse-Guin\u00e9e est en deuil. El Hadj Mamoudou Camara, Kountigui de la Basse-Guin\u00e9e, a tir\u00e9 sa r\u00e9v\u00e9rence ce lundi 27 octobre 2025, \u00e0 l\u2019h\u00f4pital Sino-Guin\u00e9en, des suites d\u2019une longue maladie. Figure embl\u00e9matique et respect\u00e9e de la r\u00e9gion, El Hadj Mamoudou Camara \u00e9tait connu pour son engagement en faveur de la paix, de la coh\u00e9sion sociale [&hellip;]<\/p>\n","protected":false},"author":2,"featured_media":37851,"comment_status":"open","ping_status":"closed","sticky":false,"template":"","format":"standard","meta":{"buzzeditor_post_format":"","footnotes":""},"categories":[42],"tags":[],"class_list":["post-37850","post","type-post","status-publish","format-standard","has-post-thumbnail","hentry","category-news"],"jetpack_featured_media_url":"https:\/\/guineechrono.com\/wp-content\/uploads\/2025\/10\/kountiguii.jpg","amp_enabled":true,"_links":{"self":[{"href":"https:\/\/guineechrono.com\/index.php\/wp-json\/wp\/v2\/posts\/37850","targetHints":{"allow":["GET"]}}],"collection":[{"href":"https:\/\/guineechrono.com\/index.php\/wp-json\/wp\/v2\/posts"}],"about":[{"href":"https:\/\/guineechrono.com\/index.php\/wp-json\/wp\/v2\/types\/post"}],"author":[{"embeddable":true,"href":"https:\/\/guineechrono.com\/index.php\/wp-json\/wp\/v2\/users\/2"}],"replies":[{"embeddable":true,"href":"https:\/\/guineechrono.com\/index.php\/wp-json\/wp\/v2\/comments?post=37850"}],"version-history":[{"count":1,"href":"https:\/\/guineechrono.com\/index.php\/wp-json\/wp\/v2\/posts\/37850\/revisions"}],"predecessor-version":[{"id":37852,"href":"https:\/\/guineechrono.com\/index.php\/wp-json\/wp\/v2\/posts\/37850\/revisions\/37852"}],"wp:featuredmedia":[{"embeddable":true,"href":"https:\/\/guineechrono.com\/index.php\/wp-json\/wp\/v2\/media\/37851"}],"wp:attachment":[{"href":"https:\/\/guineechrono.com\/index.php\/wp-json\/wp\/v2\/media?parent=37850"}],"wp:term":[{"taxonomy":"category","embeddable":true,"href":"https:\/\/guineechrono.com\/index.php\/wp-json\/wp\/v2\/categories?post=37850"},{"taxonomy":"post_tag","embeddable":true,"href":"https:\/\/guineechrono.com\/index.php\/wp-json\/wp\/v2\/tags?post=37850"}],"curies":[{"name":"wp","href":"https:\/\/api.w.org\/{rel}","templated":true}]}}