{"id":37880,"date":"2025-11-01T14:16:02","date_gmt":"2025-11-01T13:16:02","guid":{"rendered":"https:\/\/guineechrono.com\/?p=37880"},"modified":"2025-11-01T14:16:02","modified_gmt":"2025-11-01T13:16:02","slug":"presidentielle-2025-mamadou-saliou-fofana-leader-de-lufng-annonce-officiellement-sa-candidature","status":"publish","type":"post","link":"https:\/\/guineechrono.com\/index.php\/presidentielle-2025-mamadou-saliou-fofana-leader-de-lufng-annonce-officiellement-sa-candidature\/","title":{"rendered":"Pr\u00e9sidentielle 2025 : Mamadou Saliou Fofana, leader de l\u2019UFNG, annonce officiellement sa candidature"},"content":{"rendered":"<p><strong>Le pr\u00e9sident de l\u2019Union des Forces Nouvelles de Guin\u00e9e (UFNG), Mamadou Saliou Fofana, a annonc\u00e9 officiellement sa candidature \u00e0 l\u2019\u00e9lection pr\u00e9sidentielle du 28 d\u00e9cembre 2025. La d\u00e9claration a \u00e9t\u00e9 faite ce samedi 1er novembre 2025 \u00e0 la Maison de la Presse de Guin\u00e9e, situ\u00e9e au quartier Mini\u00e8re, dans la commune de Dixinn.<\/strong><\/p>\n<p>Devant un parterre de journalistes, de militants et de sympathisants, le leader de l\u2019UFNG a justifi\u00e9 sa d\u00e9cision par un sens du devoir et de responsabilit\u00e9 envers la nation. \u00ab C\u2019est avec humilit\u00e9, responsabilit\u00e9 et un profond attachement \u00e0 notre pays que je m\u2019adresse \u00e0 vous aujourd\u2019hui \u00bb, a-t-il d\u00e9clar\u00e9 d\u2019entr\u00e9e.<\/p>\n<p>Mamadou Saliou Fofana a rappel\u00e9 que le 15 octobre 2025, la Coalition guin\u00e9enne pour l\u2019alternance d\u00e9mocratique (CEGAD) lui avait lanc\u00e9 un appel solennel \u00e0 se porter candidat \u00e0 la magistrature supr\u00eame. \u00ab J\u2019ai accueilli cet appel avec une grande attention, une r\u00e9flexion profonde et un sens \u00e9lev\u00e9 du devoir envers notre nation. Aujourd\u2019hui, devant le peuple de Guin\u00e9e, devant la communaut\u00e9 nationale et internationale, je r\u00e9ponds favorablement \u00e0 cet appel \u00bb, a-t-il affirm\u00e9.<\/p>\n<p>Le pr\u00e9sident de l\u2019UFNG a ensuite officialis\u00e9 sa candidature, se disant d\u00e9termin\u00e9 \u00e0 incarner le renouveau politique attendu par une grande partie de la population. \u00ab C\u2019est donc avec foi, d\u00e9termination et engagement que j\u2019annonce officiellement ma candidature \u00e0 l\u2019\u00e9lection pr\u00e9sidentielle du 28 d\u00e9cembre 2025, au nom du Parti Union des Forces Nouvelles de Guin\u00e9e \u00bb, a-t-il pr\u00e9cis\u00e9.<\/p>\n<p>Sur le plan administratif, M. Fofana a indiqu\u00e9 que les d\u00e9marches li\u00e9es au d\u00e9p\u00f4t de sa candidature sont d\u00e9j\u00e0 bien avanc\u00e9es, conform\u00e9ment aux exigences l\u00e9gales en vigueur. \u00ab Ma candidature n\u2019est pas une ambition personnelle, mais une r\u00e9ponse \u00e0 l\u2019appel du peuple et \u00e0 la n\u00e9cessit\u00e9 d\u2019un renouveau politique fond\u00e9 sur la justice, la responsabilit\u00e9 et l\u2019unit\u00e9 nationale \u00bb, a-t-il soulign\u00e9.<\/p>\n<p>Le leader de l\u2019UFNG a \u00e9galement lanc\u00e9 un appel \u00e0 l\u2019unit\u00e9 et \u00e0 la mobilisation de toutes les forces vives du pays. \u00ab Je veux servir une Guin\u00e9e rassembl\u00e9e, fi\u00e8re de ses valeurs et confiante en son avenir. Je crois profond\u00e9ment que chaque Guin\u00e9en doit pouvoir participer \u00e0 la construction d\u2019un pays o\u00f9 le m\u00e9rite, la justice et la paix guident nos pas \u00bb, a-t-il d\u00e9clar\u00e9.<\/p>\n<p>Avant de conclure, Mamadou Saliou Fofana a tenu \u00e0 remercier la CEGAD pour sa confiance, son parti pour son soutien constant, ainsi que tous les citoyens qui croient encore \u00e0 une Guin\u00e9e meilleure. \u00ab La Guin\u00e9e a besoin de tous ses enfants pour r\u00e9ussir son changement \u00bb, a-t-il lanc\u00e9, sous les applaudissements de ses partisans.<\/p>\n<p><strong>Djiba Kouyat\u00e9<\/strong><\/p>\n<p>&nbsp;<\/p>\n","protected":false},"excerpt":{"rendered":"<p>Le pr\u00e9sident de l\u2019Union des Forces Nouvelles de Guin\u00e9e (UFNG), Mamadou Saliou Fofana, a annonc\u00e9 officiellement sa candidature \u00e0 l\u2019\u00e9lection pr\u00e9sidentielle du 28 d\u00e9cembre 2025. La d\u00e9claration a \u00e9t\u00e9 faite ce samedi 1er novembre 2025 \u00e0 la Maison de la Presse de Guin\u00e9e, situ\u00e9e au quartier Mini\u00e8re, dans la commune de Dixinn. Devant un parterre [&hellip;]<\/p>\n","protected":false},"author":2,"featured_media":37881,"comment_status":"open","ping_status":"closed","sticky":false,"template":"","format":"standard","meta":{"buzzeditor_post_format":"","footnotes":""},"categories":[43],"tags":[],"class_list":["post-37880","post","type-post","status-publish","format-standard","has-post-thumbnail","hentry","category-politique"],"jetpack_featured_media_url":"https:\/\/guineechrono.com\/wp-content\/uploads\/2025\/11\/fofana.jpg","amp_enabled":true,"_links":{"self":[{"href":"https:\/\/guineechrono.com\/index.php\/wp-json\/wp\/v2\/posts\/37880","targetHints":{"allow":["GET"]}}],"collection":[{"href":"https:\/\/guineechrono.com\/index.php\/wp-json\/wp\/v2\/posts"}],"about":[{"href":"https:\/\/guineechrono.com\/index.php\/wp-json\/wp\/v2\/types\/post"}],"author":[{"embeddable":true,"href":"https:\/\/guineechrono.com\/index.php\/wp-json\/wp\/v2\/users\/2"}],"replies":[{"embeddable":true,"href":"https:\/\/guineechrono.com\/index.php\/wp-json\/wp\/v2\/comments?post=37880"}],"version-history":[{"count":1,"href":"https:\/\/guineechrono.com\/index.php\/wp-json\/wp\/v2\/posts\/37880\/revisions"}],"predecessor-version":[{"id":37882,"href":"https:\/\/guineechrono.com\/index.php\/wp-json\/wp\/v2\/posts\/37880\/revisions\/37882"}],"wp:featuredmedia":[{"embeddable":true,"href":"https:\/\/guineechrono.com\/index.php\/wp-json\/wp\/v2\/media\/37881"}],"wp:attachment":[{"href":"https:\/\/guineechrono.com\/index.php\/wp-json\/wp\/v2\/media?parent=37880"}],"wp:term":[{"taxonomy":"category","embeddable":true,"href":"https:\/\/guineechrono.com\/index.php\/wp-json\/wp\/v2\/categories?post=37880"},{"taxonomy":"post_tag","embeddable":true,"href":"https:\/\/guineechrono.com\/index.php\/wp-json\/wp\/v2\/tags?post=37880"}],"curies":[{"name":"wp","href":"https:\/\/api.w.org\/{rel}","templated":true}]}}