{"id":38379,"date":"2025-11-03T15:02:49","date_gmt":"2025-11-03T14:02:49","guid":{"rendered":"https:\/\/guineechrono.com\/?p=38379"},"modified":"2025-11-03T15:02:49","modified_gmt":"2025-11-03T14:02:49","slug":"presidentielle-2025-dr-makale-camara-depose-sa-candidature-a-la-cour-supreme","status":"publish","type":"post","link":"https:\/\/guineechrono.com\/index.php\/presidentielle-2025-dr-makale-camara-depose-sa-candidature-a-la-cour-supreme\/","title":{"rendered":"Pr\u00e9sidentielle 2025 : Dr Makal\u00e9 Camara d\u00e9pose sa candidature \u00e0 la Cour supr\u00eame"},"content":{"rendered":"<p><strong>La pr\u00e9sidente du parti Front pour l\u2019Alliance Nationale (FAN), Dr Makal\u00e9 Camara, a officiellement d\u00e9pos\u00e9, ce lundi 3 novembre 2025, son dossier de candidature \u00e0 la Cour supr\u00eame en vue de l\u2019\u00e9lection pr\u00e9sidentielle pr\u00e9vue le 28 d\u00e9cembre prochain.<\/strong><\/p>\n<p>\u00c0 l\u2019issue du d\u00e9p\u00f4t de son dossier, l\u2019ancienne ministre a exprim\u00e9 sa satisfaction quant au bon d\u00e9roulement de la proc\u00e9dure.<\/p>\n<p>\u00ab Je suis venue ce matin pour d\u00e9poser ma candidature \u00e0 l\u2019\u00e9lection pr\u00e9sidentielle du 28 d\u00e9cembre 2025. Tout s\u2019est tr\u00e8s bien pass\u00e9, puisque mon dossier est complet. Ils ont v\u00e9rifi\u00e9, tout est l\u00e0, on m\u2019a remis un r\u00e9c\u00e9piss\u00e9 \u00bb, a-t-elle d\u00e9clar\u00e9 \u00e0 la presse.<\/p>\n<p>Dr Makal\u00e9 Camara a \u00e9galement tenu \u00e0 souligner la port\u00e9e symbolique de sa candidature, estimant qu\u2019elle repr\u00e9sente un signal fort pour la participation des femmes \u00e0 la vie politique nationale.<\/p>\n<p>\u00ab Je pense qu\u2019une candidature f\u00e9minine est exceptionnelle. Ce pays doit savoir que les femmes ont des d\u00e9fis, qu\u2019elles ont de l\u2019exp\u00e9rience, de la bonne volont\u00e9, et qu\u2019avec elles, c\u2019est une gestion vertueuse \u00bb, a-t-elle ajout\u00e9.<\/p>\n<p>Cette d\u00e9marche fait de Dr Makal\u00e9 Camara l\u2019une des premi\u00e8res figures politiques \u00e0 avoir officiellement d\u00e9pos\u00e9 sa candidature pour le scrutin pr\u00e9sidentiel de d\u00e9cembre 2025. Sa participation vient renforcer le d\u00e9bat sur la place des femmes dans la gouvernance et la vie publique en Guin\u00e9e.<\/p>\n<p><strong>R\u00e9daction<\/strong><\/p>\n<p>&nbsp;<\/p>\n","protected":false},"excerpt":{"rendered":"<p>La pr\u00e9sidente du parti Front pour l\u2019Alliance Nationale (FAN), Dr Makal\u00e9 Camara, a officiellement d\u00e9pos\u00e9, ce lundi 3 novembre 2025, son dossier de candidature \u00e0 la Cour supr\u00eame en vue de l\u2019\u00e9lection pr\u00e9sidentielle pr\u00e9vue le 28 d\u00e9cembre prochain. \u00c0 l\u2019issue du d\u00e9p\u00f4t de son dossier, l\u2019ancienne ministre a exprim\u00e9 sa satisfaction quant au bon d\u00e9roulement [&hellip;]<\/p>\n","protected":false},"author":2,"featured_media":38380,"comment_status":"open","ping_status":"closed","sticky":false,"template":"","format":"standard","meta":{"buzzeditor_post_format":"","footnotes":""},"categories":[1],"tags":[],"class_list":["post-38379","post","type-post","status-publish","format-standard","has-post-thumbnail","hentry","category-non-classe"],"jetpack_featured_media_url":"https:\/\/guineechrono.com\/wp-content\/uploads\/2025\/11\/makalee.jpeg","amp_enabled":true,"_links":{"self":[{"href":"https:\/\/guineechrono.com\/index.php\/wp-json\/wp\/v2\/posts\/38379","targetHints":{"allow":["GET"]}}],"collection":[{"href":"https:\/\/guineechrono.com\/index.php\/wp-json\/wp\/v2\/posts"}],"about":[{"href":"https:\/\/guineechrono.com\/index.php\/wp-json\/wp\/v2\/types\/post"}],"author":[{"embeddable":true,"href":"https:\/\/guineechrono.com\/index.php\/wp-json\/wp\/v2\/users\/2"}],"replies":[{"embeddable":true,"href":"https:\/\/guineechrono.com\/index.php\/wp-json\/wp\/v2\/comments?post=38379"}],"version-history":[{"count":1,"href":"https:\/\/guineechrono.com\/index.php\/wp-json\/wp\/v2\/posts\/38379\/revisions"}],"predecessor-version":[{"id":38381,"href":"https:\/\/guineechrono.com\/index.php\/wp-json\/wp\/v2\/posts\/38379\/revisions\/38381"}],"wp:featuredmedia":[{"embeddable":true,"href":"https:\/\/guineechrono.com\/index.php\/wp-json\/wp\/v2\/media\/38380"}],"wp:attachment":[{"href":"https:\/\/guineechrono.com\/index.php\/wp-json\/wp\/v2\/media?parent=38379"}],"wp:term":[{"taxonomy":"category","embeddable":true,"href":"https:\/\/guineechrono.com\/index.php\/wp-json\/wp\/v2\/categories?post=38379"},{"taxonomy":"post_tag","embeddable":true,"href":"https:\/\/guineechrono.com\/index.php\/wp-json\/wp\/v2\/tags?post=38379"}],"curies":[{"name":"wp","href":"https:\/\/api.w.org\/{rel}","templated":true}]}}