{"id":38395,"date":"2025-11-04T15:53:19","date_gmt":"2025-11-04T14:53:19","guid":{"rendered":"https:\/\/guineechrono.com\/?p=38395"},"modified":"2025-11-04T15:53:19","modified_gmt":"2025-11-04T14:53:19","slug":"guinee-la-jeunesse-presidentielle-salue-la-candidature-du-general-mamadi-doumbouya","status":"publish","type":"post","link":"https:\/\/guineechrono.com\/index.php\/guinee-la-jeunesse-presidentielle-salue-la-candidature-du-general-mamadi-doumbouya\/","title":{"rendered":"Guin\u00e9e : la Jeunesse pr\u00e9sidentielle salue la candidature du g\u00e9n\u00e9ral Mamadi Doumbouya"},"content":{"rendered":"<p><strong>La Jeunesse pr\u00e9sidentielle de Guin\u00e9e (JPG) a exprim\u00e9 sa satisfaction apr\u00e8s le d\u00e9p\u00f4t officiel de la candidature du pr\u00e9sident de la transition, le g\u00e9n\u00e9ral Mamadi Doumbouya, \u00e0 la Cour supr\u00eame ce lundi 03 novembre 2025. <\/strong><\/p>\n<p>Cette \u00e9tape marque l\u2019entr\u00e9e officielle du chef de l\u2019\u00c9tat dans la course \u00e0 la prochaine \u00e9lection pr\u00e9sidentielle.<\/p>\n<p>Interrog\u00e9 par nos confr\u00e8res, le pr\u00e9sident de la JPG, Alseny Bangoura, a salu\u00e9 cette d\u00e9cision qu\u2019il qualifie de \u00ab r\u00e9ponse \u00e0 la volont\u00e9 du peuple de Guin\u00e9e \u00bb.<\/p>\n<p>\u00ab Mamadi Doumbouya a finalement entendu la r\u00e9clamation du peuple. De Conakry jusqu\u2019au dernier village du pays, tout le monde a demand\u00e9 au pr\u00e9sident de se pr\u00e9senter \u00bb, a-t-il d\u00e9clar\u00e9.<\/p>\n<p>Selon lui, cette candidature est le fruit d\u2019une longue r\u00e9flexion du chef de l\u2019\u00c9tat.<\/p>\n<p>\u00ab En tant que bon p\u00e8re de la Nation, il a pris tout son temps avant de se d\u00e9cider. Je pense qu\u2019il a pris la bonne d\u00e9cision, car cette volont\u00e9 \u00e9mane v\u00e9ritablement du peuple de Guin\u00e9e. Nous sommes tr\u00e8s contents et tr\u00e8s fiers de notre pr\u00e9sident \u00bb, a ajout\u00e9 M. Bangoura.<\/p>\n<p>Le responsable de la Jeunesse pr\u00e9sidentielle a \u00e9galement annonc\u00e9 le lancement d\u2019une campagne inclusive et participative, visant \u00e0 rallier les citoyens autour du projet politique du pr\u00e9sident sortant.<\/p>\n<p>\u00ab Nous irons \u00e0 la rencontre de tous, y compris des ind\u00e9cis, pour les sensibiliser et leur expliquer pourquoi il faut voter pour le pr\u00e9sident Mamadi Doumbouya \u00bb, a-t-il conclu.<\/p>\n<p><strong>R\u00e9daction <\/strong><\/p>\n<p>&nbsp;<\/p>\n","protected":false},"excerpt":{"rendered":"<p>La Jeunesse pr\u00e9sidentielle de Guin\u00e9e (JPG) a exprim\u00e9 sa satisfaction apr\u00e8s le d\u00e9p\u00f4t officiel de la candidature du pr\u00e9sident de la transition, le g\u00e9n\u00e9ral Mamadi Doumbouya, \u00e0 la Cour supr\u00eame ce lundi 03 novembre 2025. Cette \u00e9tape marque l\u2019entr\u00e9e officielle du chef de l\u2019\u00c9tat dans la course \u00e0 la prochaine \u00e9lection pr\u00e9sidentielle. Interrog\u00e9 par nos [&hellip;]<\/p>\n","protected":false},"author":2,"featured_media":38396,"comment_status":"open","ping_status":"closed","sticky":false,"template":"","format":"standard","meta":{"buzzeditor_post_format":"","footnotes":""},"categories":[42],"tags":[],"class_list":["post-38395","post","type-post","status-publish","format-standard","has-post-thumbnail","hentry","category-news"],"jetpack_featured_media_url":"https:\/\/guineechrono.com\/wp-content\/uploads\/2025\/11\/jeunee.jpeg","amp_enabled":true,"_links":{"self":[{"href":"https:\/\/guineechrono.com\/index.php\/wp-json\/wp\/v2\/posts\/38395","targetHints":{"allow":["GET"]}}],"collection":[{"href":"https:\/\/guineechrono.com\/index.php\/wp-json\/wp\/v2\/posts"}],"about":[{"href":"https:\/\/guineechrono.com\/index.php\/wp-json\/wp\/v2\/types\/post"}],"author":[{"embeddable":true,"href":"https:\/\/guineechrono.com\/index.php\/wp-json\/wp\/v2\/users\/2"}],"replies":[{"embeddable":true,"href":"https:\/\/guineechrono.com\/index.php\/wp-json\/wp\/v2\/comments?post=38395"}],"version-history":[{"count":1,"href":"https:\/\/guineechrono.com\/index.php\/wp-json\/wp\/v2\/posts\/38395\/revisions"}],"predecessor-version":[{"id":38397,"href":"https:\/\/guineechrono.com\/index.php\/wp-json\/wp\/v2\/posts\/38395\/revisions\/38397"}],"wp:featuredmedia":[{"embeddable":true,"href":"https:\/\/guineechrono.com\/index.php\/wp-json\/wp\/v2\/media\/38396"}],"wp:attachment":[{"href":"https:\/\/guineechrono.com\/index.php\/wp-json\/wp\/v2\/media?parent=38395"}],"wp:term":[{"taxonomy":"category","embeddable":true,"href":"https:\/\/guineechrono.com\/index.php\/wp-json\/wp\/v2\/categories?post=38395"},{"taxonomy":"post_tag","embeddable":true,"href":"https:\/\/guineechrono.com\/index.php\/wp-json\/wp\/v2\/tags?post=38395"}],"curies":[{"name":"wp","href":"https:\/\/api.w.org\/{rel}","templated":true}]}}