{"id":3840,"date":"2019-04-21T02:40:27","date_gmt":"2019-04-21T01:40:27","guid":{"rendered":"http:\/\/guineechrono.com\/?p=3840"},"modified":"2019-04-21T02:40:27","modified_gmt":"2019-04-21T01:40:27","slug":"rdc-un-membre-de-loms-tue","status":"publish","type":"post","link":"https:\/\/guineechrono.com\/index.php\/rdc-un-membre-de-loms-tue\/","title":{"rendered":"RDC : un membre de l&rsquo;OMS tu\u00e9"},"content":{"rendered":"<p><strong>Un membre de l&rsquo;Organisation mondiale de la Sant\u00e9 (OMS) a \u00e9t\u00e9 tu\u00e9 vendredi lors de l&rsquo;attaque d&rsquo;un h\u00f4pital \u00e0 Butembo, actuel \u00e9picentre de l&rsquo;\u00e9pid\u00e9mie d&rsquo;Ebola dans l&rsquo;est de la R\u00e9publique d\u00e9mocratique du Congo, a indiqu\u00e9 le directeur g\u00e9n\u00e9ral de l&rsquo;OMS.<\/strong><\/p>\n<p>De source congolaise, la victime est un m\u00e9decin camerounais qui participait \u00e0 la r\u00e9union d&rsquo;une \u00e9quipe anti-Ebola prise pour cible par un groupe rebelle.<\/p>\n<p>\u00ab\u00a0Aujourd&rsquo;hui, nous avons perdu l&rsquo;un des n\u00f4tres : Dr Richard Valery Mouzoko Mouzoko Kiboung, \u00e9pid\u00e9miologiste d\u00e9ploy\u00e9 dans la riposte #Ebola en RDC, lors d&rsquo;une attaque dans un h\u00f4pital de Butembo. Nous pleurons avec sa famille pendant cette p\u00e9riode difficile\u00a0\u00bb a twitt\u00e9 Tedros Adhanom Ghebreyesus, directeur g\u00e9n\u00e9ral de l&rsquo;OMS.<\/p>\n<p>Le maire de Butembo, Sylvain Kanyamanda attribue l&rsquo;attaque \u00e0 la milice arm\u00e9e des Ma\u00ef Ma\u00ef qui ont ouvert le feu sur l&rsquo;h\u00f4pital. \u00ab\u00a0Un m\u00e9decin \u00e9pid\u00e9miologiste est tomb\u00e9 puis a \u00e9t\u00e9 amen\u00e9 aux urgences. Ses coll\u00e8gues ont \u00e9t\u00e9 bless\u00e9s. Le m\u00e9decin camerounais a succomb\u00e9 apr\u00e8s\u00a0\u00bb pr\u00e9cise M. Kanyamanda.<\/p>\n<p>Le nombre de d\u00e9c\u00e8s et de cas av\u00e9r\u00e9s a nettement augment\u00e9 ces derni\u00e8res semaines \u00e0 Butembo et \u00e0 Katwa, apr\u00e8s de pr\u00e9c\u00e9dentes attaques contre les deux centres de traitement d&rsquo;Ebola (CTE) de ces localit\u00e9s voisines.<\/p>\n<p>D\u00e9clar\u00e9e le 1er ao\u00fbt, l&rsquo;actuelle \u00e9pid\u00e9mie d&rsquo;Ebola a provoqu\u00e9 843 d\u00e9c\u00e8s dans la r\u00e9gion de Beni-Butembo, dans le Nord-Kivu, (777 confirm\u00e9s et 66 probables), selon les derniers chiffres officiels du minist\u00e8re de la Sant\u00e9 en date de mercredi.<\/p>\n<p>Il s&rsquo;agit de la deuxi\u00e8me \u00e9pid\u00e9mie la plus grave dans l&rsquo;histoire du virus \u00e0 fi\u00e8vre h\u00e9morragique, apr\u00e8s celle qui a tu\u00e9 plus de 11.000 personnes en Afrique de l&rsquo;Ouest en 2014.<\/p>\n<p>\u00ab\u00a0Nous sommes \u00e0 la poursuite des assaillants\u00a0\u00bb, a ajout\u00e9 le colonel Paul, commandant par int\u00e9rim de la police \u00e0 Butembo.<\/p>\n<p><strong>Bbcafrique.com<\/strong><\/p>\n","protected":false},"excerpt":{"rendered":"<p>Un membre de l&rsquo;Organisation mondiale de la Sant\u00e9 (OMS) a \u00e9t\u00e9 tu\u00e9 vendredi lors de l&rsquo;attaque d&rsquo;un h\u00f4pital \u00e0 Butembo, actuel \u00e9picentre de l&rsquo;\u00e9pid\u00e9mie d&rsquo;Ebola dans l&rsquo;est de la R\u00e9publique d\u00e9mocratique du Congo, a indiqu\u00e9 le directeur g\u00e9n\u00e9ral de l&rsquo;OMS. De source congolaise, la victime est un m\u00e9decin camerounais qui participait \u00e0 la r\u00e9union d&rsquo;une [&hellip;]<\/p>\n","protected":false},"author":2,"featured_media":3841,"comment_status":"open","ping_status":"closed","sticky":false,"template":"","format":"standard","meta":{"buzzeditor_post_format":"","footnotes":""},"categories":[1],"tags":[],"class_list":["post-3840","post","type-post","status-publish","format-standard","has-post-thumbnail","hentry","category-non-classe"],"jetpack_featured_media_url":"https:\/\/guineechrono.com\/wp-content\/uploads\/2019\/04\/Tu\u00e9.jpg","amp_enabled":true,"_links":{"self":[{"href":"https:\/\/guineechrono.com\/index.php\/wp-json\/wp\/v2\/posts\/3840","targetHints":{"allow":["GET"]}}],"collection":[{"href":"https:\/\/guineechrono.com\/index.php\/wp-json\/wp\/v2\/posts"}],"about":[{"href":"https:\/\/guineechrono.com\/index.php\/wp-json\/wp\/v2\/types\/post"}],"author":[{"embeddable":true,"href":"https:\/\/guineechrono.com\/index.php\/wp-json\/wp\/v2\/users\/2"}],"replies":[{"embeddable":true,"href":"https:\/\/guineechrono.com\/index.php\/wp-json\/wp\/v2\/comments?post=3840"}],"version-history":[{"count":0,"href":"https:\/\/guineechrono.com\/index.php\/wp-json\/wp\/v2\/posts\/3840\/revisions"}],"wp:featuredmedia":[{"embeddable":true,"href":"https:\/\/guineechrono.com\/index.php\/wp-json\/wp\/v2\/media\/3841"}],"wp:attachment":[{"href":"https:\/\/guineechrono.com\/index.php\/wp-json\/wp\/v2\/media?parent=3840"}],"wp:term":[{"taxonomy":"category","embeddable":true,"href":"https:\/\/guineechrono.com\/index.php\/wp-json\/wp\/v2\/categories?post=3840"},{"taxonomy":"post_tag","embeddable":true,"href":"https:\/\/guineechrono.com\/index.php\/wp-json\/wp\/v2\/tags?post=3840"}],"curies":[{"name":"wp","href":"https:\/\/api.w.org\/{rel}","templated":true}]}}