{"id":3843,"date":"2019-04-21T02:55:33","date_gmt":"2019-04-21T01:55:33","guid":{"rendered":"http:\/\/guineechrono.com\/?p=3843"},"modified":"2020-05-19T16:38:25","modified_gmt":"2020-05-19T15:38:25","slug":"alpha-conde-sur-le-3eme-mandat-cest-le-peuple-de-guinee-qui-me-dirajai-des-comptes-a-rendre-au-peuple-guineen-au-peuple-africain-pas-a-ces-ong","status":"publish","type":"post","link":"https:\/\/guineechrono.com\/index.php\/alpha-conde-sur-le-3eme-mandat-cest-le-peuple-de-guinee-qui-me-dirajai-des-comptes-a-rendre-au-peuple-guineen-au-peuple-africain-pas-a-ces-ong\/","title":{"rendered":"Alpha Cond\u00e9 sur le 3\u00e8me  mandat: \u00ab c\u2019est le peuple de Guin\u00e9e qui me dira\u2026j\u2019ai des comptes \u00e0 rendre au peuple guin\u00e9en, au peuple africain, pas \u00e0 ces ONG \u00bb."},"content":{"rendered":"<p><strong>Le pr\u00e9sident de la R\u00e9publique de Guin\u00e9e a accord\u00e9, dans son palais, \u00e0 Conakry, un entretien marathon \u00e0 la presse s\u00e9n\u00e9galaise repr\u00e9sent\u00e9e par le groupe Futurs m\u00e9dias et Dakaractu. Dans cette discussion \u00e0 b\u00e2tons rompus, le pr\u00e9sident Alpha Cond\u00e9 n\u2019a pas us\u00e9 de langue de bois. Chaque question, fut-elle g\u00eanante, a eu sa r\u00e9ponse. Le jeu de questions-r\u00e9ponses a pris son envol avec les m\u00e9diations men\u00e9es par le pr\u00e9sident Cond\u00e9 dans au moins trois pays. Ensuite, le th\u00e8me a chang\u00e9 et a vir\u00e9 \u00e0 l\u2019\u00e9conomie. L\u00e0 aussi, le Pr Cond\u00e9 a pris la place du pr\u00e9sident. Pour parler de ses rapports avec son \u201cjeune fr\u00e8re du S\u00e9n\u00e9gal\u201d, l\u2019homme fort de Conakry met un costume de diplomate. Tenue qu\u2019il enl\u00e8vera quand il s\u2019est agi de r\u00e9pondre aux accusations des ONG quant \u00e0 son rapport aux droits de l\u2019Homme. En col\u00e8re, Alpha Cond\u00e9 remet \u00e0 leur place \u201cces organisations\u201d qu\u2019il accuse d\u2019\u00eatre \u00e0 la solde de \u201cceux qui veulent piller la Guin\u00e9e\u201d. Panafricaniste, il r\u00eave d\u2019une Afrique unie. D\u2019une Afrique, Premi\u00e8re puissance \u00e9conomique du monde. Entretien\u2026<\/strong><\/p>\n<p><strong>Vous avez r\u00e9cemment men\u00e9 une m\u00e9diation remarqu\u00e9e, dans la sous-r\u00e9gion, durant la pr\u00e9sidentielle s\u00e9n\u00e9galaise, entre les pr\u00e9sidents Macky Sall et Abdoulaye Wade, quelles ont \u00e9t\u00e9 les motivations qui vous ont pouss\u00e9 \u00e0 entreprendre une telle initiative et quelles ont \u00e9t\u00e9 les contraintes auxquelles vous avez \u00e9t\u00e9 confront\u00e9 ?\u00a0<\/strong><\/p>\n<p>Vous savez, je suis tr\u00e8s li\u00e9 au S\u00e9n\u00e9gal. Lorsqu\u2019on m\u2019arr\u00eatait, il y avait des comit\u00e9s de soutien cr\u00e9\u00e9s par les hommes politiques partout, mais la particularit\u00e9 au S\u00e9n\u00e9gal, c\u2019est que c\u2019est la population qui s\u2019est mobilis\u00e9e. Ousmane Ngom qui \u00e9tait mon avocat m\u2019a dit que c\u2019est dans la rue qu\u2019il a appris que j\u2019\u00e9tais libre. Je n\u2019oublie pas que le comit\u00e9 international cr\u00e9\u00e9 par Albert Bourgi, accompagn\u00e9 par Babacar Tour\u00e9, ont fait l\u2019essentiel des r\u00e9unions \u00e0 Dakar. Donc, je ne peux pas rester indiff\u00e9rent lorsqu\u2019il s\u2019agit d\u2019un pays comme \u00e7a, \u00e9tant donn\u00e9 que Macky Sall est un jeune fr\u00e8re. Dans une m\u00e9diation, l\u2019essentiel est d\u2019arriver \u00e0 une conciliation des deux parties, ce que nous avons fait. C\u2019est vrai que l\u2019incompr\u00e9hension \u00e9tait \u00e0 un tel niveau, mais avec la volont\u00e9 des deux positions, nous avons pu arriver au r\u00e9sultat que vous connaissez.<\/p>\n<p><strong>Peut-on parler d\u2019un protocole de Conakry et quels en sont les termes ? <\/strong><\/p>\n<p>Je pense qu\u2019il revient, plus tard, au pr\u00e9sident Macky et au pr\u00e9sident Wade de l\u2019annoncer au peuple s\u00e9n\u00e9galais.<\/p>\n<ol>\n<li><strong>le Pr\u00e9sident, on va toujours parler de m\u00e9diation. Vous avez jou\u00e9 un r\u00f4le majeur dans la m\u00e9diation qui a sorti la Gambie de l\u2019impasse et le d\u00e9part de Yahya Jammeh, suivi de son exil en Guin\u00e9e \u00c9quatoriale. Quel a \u00e9t\u00e9 le r\u00f4le cl\u00e9 que vous avez jou\u00e9 ?<\/strong><br \/>\nVous savez, au d\u00e9part, on avait de tr\u00e8s mauvais rapports Yahya Jammeh et moi. Parce qu\u2019\u00e0 un moment donn\u00e9, j\u2019avais dit que l\u2019attentat qui avait \u00e9t\u00e9 organis\u00e9 au d\u00e9but de mon mandat, il y \u00e9tait pour quelque chose. Puis progressivement, on avait deux points communs, chacun de nous a un franc-parler. Et progressivement, il a constat\u00e9 que je suis le pr\u00e9sident avec lequel il avait les meilleures relations. Lorsqu\u2019il y a eu la crise, c\u2019est moi qui ai propos\u00e9 que le pr\u00e9sident Buhari (Muhamadu) soit le m\u00e9diateur. Les choses se compliquant, la m\u00e9diation du pr\u00e9sident \u00e9choue. Donc, lorsque j\u2019ai constat\u00e9 qu\u2019il y avait des difficult\u00e9s, j\u2019ai d\u00e9cid\u00e9 de m\u2019impliquer directement. Et comme le pr\u00e9sident mauritanien (Mouhamed Ould Abdel Aziz, ndlr) avait fait un certain travail, j\u2019\u00e9tais \u00e0 Davos avec le vice-pr\u00e9sident du Nig\u00e9ria, je me suis qu\u2019il fallait que la m\u00e9diation du Pr\u00e9sident Buhari r\u00e9ussisse, donc je vais en Gambie. J\u2019ai pr\u00e9venu le pr\u00e9sident mauritanien, je me suis arr\u00eat\u00e9 en Mauritanie pour le remercier\u2026Vous savez, aucune action de cette nature ne saurait \u00eatre facile. L\u00e0 \u00e9galement, le pr\u00e9sident Yahya Jammeh a \u00e9t\u00e9 \u00e0 l\u2019\u00e9coute de son peuple. Je lui ai dit, vous avez travaill\u00e9 ce pays, est-ce que vous allez contribuer \u00e0 d\u00e9truire ce que vous avez fait ou bien vous allez pr\u00e9server la paix. Il a \u00e9t\u00e9 tr\u00e8s raisonnable et il a dit qu\u2019il \u00e9tait tr\u00e8s important pour moi que la paix et la concorde r\u00e8gnent dans ce pays. Ce qui a facilit\u00e9 la m\u00e9diation. La Gambie comme le S\u00e9n\u00e9gal, nous sommes des pays fr\u00e8res et notre r\u00f4le est d\u2019\u00eatre \u00e0 leur \u00e9coute et de nous impliquer pour la paix. Donc \u00e9tant le plus ancien, en \u00e2ge, quand il y a probl\u00e8me entre mes fr\u00e8res, je dois m\u2019impliquer, ce que j\u2019ai fait.<\/li>\n<\/ol>\n<p><strong>Monsieur le pr\u00e9sident, vous avez \u00e9t\u00e9 \u00e9galement m\u00e9diateur en Guin\u00e9e-Bissau, des accords ont \u00e9t\u00e9 sign\u00e9s. Pensez-vous que la sortie de crise est proche ? <\/strong><\/p>\n<p>La Guin\u00e9e Bissau, \u00e7a n\u2019a pas \u00e9t\u00e9 facile. C\u2019est un pays o\u00f9 les \u00e9lections se passent toujours normalement, mais tr\u00e8s peu de pr\u00e9sidents ont termin\u00e9 leurs mandats. L\u2019essentiel pour nous, et nous savons aussi le r\u00f4le que la premi\u00e8re R\u00e9publique de Guin\u00e9e a jou\u00e9 dans l\u2019accompagnement du PAIGC (Parti africain pour l\u2019Ind\u00e9pendance en Guin\u00e9e et au Cap Vert, ndlr), dans la lutte de lib\u00e9ration. Donc, il \u00e9tait extr\u00eamement important pour nous, ayant \u00e9t\u00e9 d\u00e9sign\u00e9 m\u00e9diateur par la CEDEAO, qu\u2019on r\u00e9ussisse. \u00c7a n\u2019a pas \u00e9t\u00e9 facile, mais le 10 mars, les \u00e9lections l\u00e9gislatives se sont pass\u00e9es de fa\u00e7on transparente et dans le calme, le parlement va s\u2019installer ces jours-ci et le nouveau gouvernement va \u00eatre mis en place. Nous esp\u00e9rons arriver cette fois \u00e0 la fin de cette crise qui dure depuis un bon moment. De toute fa\u00e7on, nous allons continuer \u00e0 accompagner nos fr\u00e8res de Guin\u00e9e Bissau afin que ce pays connaisse la paix, la stabilit\u00e9 et son d\u00e9veloppement. Vous savez, le pays a eu un montant important \u00e0 Bruxelles, mais cet argent n\u2019a pas pu \u00eatre utilis\u00e9 \u00e0 cause de la crise. Donc, s\u2019il y a la paix, la stabilit\u00e9 et une gouvernance, je pense que le peuple de Guin\u00e9e Bissau peut b\u00e9n\u00e9ficier de ses richesses.<\/p>\n<p><strong>Vous \u00eates le garant des accords de Conakry, est ce que vous n\u2019avez pas l\u2019impression, Mr le Pr\u00e9sident qu\u2019on est revenu au point de d\u00e9part dans ce pays puisqu\u2019apr\u00e8s les L\u00e9gislatives, c\u2019est le Premier ministre Domingo Simoes Pereira qui risque de revenir au pouvoir. Ne craignez-vous pas encore un blocage des institutions, avec le pr\u00e9sident Jos\u00e9 Mario Vaz ? <\/strong><\/p>\n<p>Je crois que tout le monde doit respecter la volont\u00e9 populaire. Domingo ne s\u2019est pas \u00e9lu lui-m\u00eame, c\u2019est le peuple qui l\u2019a \u00e9lu. Et je pense que le pr\u00e9sident a f\u00e9licit\u00e9 le PAIGC de sa victoire. Je ne pense pas qu\u2019il puisse y avoir de probl\u00e8me. La seule souverainet\u00e9, c\u2019est peuple et il s\u2019est exprim\u00e9. Il revient donc, \u00e0 tous les hommes politiques de respecter le vote populaire. Si le peuple a d\u00e9cid\u00e9 que tel doit gouverner, chacun doit l\u2019accepter. Je ne pense pas que le pr\u00e9sident Vaz, qui est un d\u00e9mocrate, qui respecte la d\u00e9mocratie\u2026 Je pense qu\u2019il n\u2019y aura aucun probl\u00e8me.<\/p>\n<p><strong>Actuellement, est-ce qu\u2019on peut dire que le pr\u00e9sident Alpha Cond\u00e9 est un magicien de la paix sur le Continent ? <\/strong><\/p>\n<p>Y a pas de magicien! Les magiciens, \u00e7a n\u2019existe pas. Peut \u00eatre dans l\u2019imaginaire populaire. Vous savez, moi, je suis un panafricain et dans ma lutte, j\u2019ai eu beaucoup de soutien de la plupart de ces pays. Donc, il est de mon r\u00f4le, lorsqu\u2019il y a des probl\u00e8mes, d\u2019utiliser le peu de cr\u00e9dit et d\u2019exp\u00e9rience pour aider des fr\u00e8res \u00e0 trouver une solution. Y a pas besoin d\u2019\u00eatre magicien!<\/p>\n<p><strong>On \u00e9voque une \u00e9ventuelle m\u00e9diation au Burkina Faso entre Roch Marc Christian et Z\u00e9phirin Diabr\u00e9. Qu\u2019en est-il exactement ? <\/strong><\/p>\n<p>Vous savez, le Burkina est un pays o\u00f9 j\u2019ai \u00e9t\u00e9 souvent, au point qu\u2019on me disait que \u201cvous \u00eates burkinab\u00e8\u201d, depuis le temps de la (FEANF)\u00a0<a href=\"https:\/\/fr.wikipedia.org\/wiki\/F%C3%A9d%C3%A9ration_des_%C3%A9tudiants_d%27Afrique_noire_en_France\">F\u00e9d\u00e9ration des \u00e9tudiants d\u2019Afrique noire en France<\/a> . Le pr\u00e9sident Roch est un camarade de la FEANF, Diabr\u00e9 aussi nous a suivi\u2026 Aujourd\u2019hui, ce qui est important dans ce pays, c\u2019est que tout le monde se donne la main pour faire face au terrorisme. Parce que le terrorisme, \u00e7a ne b\u00e9n\u00e9ficie \u00e0 aucun parti politique. Donc, nos deux fr\u00e8res ont \u00e9t\u00e9 r\u00e9ceptifs dans la n\u00e9cessit\u00e9 d\u2019avoir un dialogue pour unir les forces pour lutter contre le terrorisme. Diabr\u00e9 est venu \u00e0 Conakry, nous avons discut\u00e9, il s\u2019est montr\u00e9 ouvert. Il en a \u00e9t\u00e9 m\u00eame avec le pr\u00e9sident Roch; nous avons eu \u00e0 \u00e9changer lors de notre s\u00e9jour \u00e0 Niamey, \u00e0 l\u2019occasion du Sommet sur le Sahel, nous avons \u00e9chang\u00e9 \u00e0 trois et Dieu merci. Aujourd\u2019hui, ils sont d\u2019accord pour aller au dialogue pour trouver une solution parce que quand il y a la guerre, quand il y a des terroristes, \u00e7a ne b\u00e9n\u00e9ficie \u00e0 aucune force politique. Donc, avant de penser aux jeux politiciens, il faut d\u2019abord sauver le pays. De toute fa\u00e7on, ils \u00e9taient tous d\u2019anciens militants de la FEANF, nous avons ce point en commun pour pouvoir nous entendre.<\/p>\n<p><strong>Justement M. le Pr\u00e9sident, on reste au Burkina. Ce pays vit une menace s\u00e9curitaire tr\u00e8s grave avec des massacres sur fond de lutte inter communautaire; on note les m\u00eames exactions au Mali avec le drame d\u2019Ogossagou. Est-ce que vous ne craignez pas une contagion sous r\u00e9gionale de ces menaces-l\u00e0 et quelles sont les initiatives prises par l\u2019Union africaine et la CEDEAO pour juguler cette menace ? <\/strong><\/p>\n<p>Vous savez, ces peuples ont v\u00e9cu pendant des si\u00e8cles en harmonie. Les dogons parlent peulh, les peulhs parlent dogon, mossi etc\u2026 La question qu\u2019on doit se poser c\u2019est de savoir, pourquoi brusquement ces tueries, alors que ces peuples ont v\u00e9cu ensemble pendant des si\u00e8cles? Il nous revient \u00e0 nous chefs d\u2019\u00c9tat de la sous-r\u00e9gion de r\u00e9pondre \u00e0 cette question, parce qu\u2019il est \u00e9vident que le terrorisme n\u2019a pas de fronti\u00e8res. On dit souvent que si la maison de ton fr\u00e8re br\u00fble et que tu ne fais rien, ta maison va br\u00fbler. Il est du devoir des chefs d\u2019\u00c9tat de la CEDEAO de r\u00e9fl\u00e9chir s\u00e9rieusement, de ne pas se laisser manipuler, de ne pas tomber dans le pi\u00e8ge qui nous est tendu. Parce que si ces peuples qui ont v\u00e9cu des si\u00e8cles sans probl\u00e8mes, brusquement, s\u2019entre-tuent, peut-\u00eatre il faut se poser la question : qu\u2019est ce qu\u2019il y a derri\u00e8re ? Est ce que ce n\u2019est pas un complot contre l\u2019Afrique ? Quel type de complot ? Il est de notre devoir en tant qu\u2019\u00e9lus de ces peuples de trouver la r\u00e9ponse \u00e0 cette question et de trouver des solutions. Est-ce que ce n\u2019est pas tomb\u00e9 du ciel ? Quand on sait que le terrorisme s\u2019est d\u00e9velopp\u00e9 depuis un moment dans ces r\u00e9gions. Comment c\u2019est arriv\u00e9 au niveau des gens qui n\u2019\u00e9taient pas du tout impliqu\u00e9s ? Ni les Dogons, ni les Peulhs n\u2019\u00e9taient impliqu\u00e9s dans l\u2019histoire du terrorisme au Mali. Ce n\u2019est pas une op\u00e9ration du Saint-Esprit! C\u2019est \u00e0 nous chefs d\u2019\u00c9tat d\u2019extirper ce grain qui risque de faire exploser nos pays parce que si les Ethnies s\u2019affrontent, on va \u00e0 la catastrophe.<\/p>\n<p><strong>Jusque-l\u00e0, on a l\u2019impression que l\u2019Union africaine et la CEDEAO font preuve de manque de leadership sur cette question tr\u00e8s grave\u2026 <\/strong><\/p>\n<p>Peut-\u00eatre que vous avez raison, vu de l\u2019ext\u00e9rieur\u2026mais nous sommes en train de nous concerter pour prendre des initiatives. Je pense que la CEDEAO prendra des initiatives vu qu\u2019il y a eu le G5 qui a \u00e9t\u00e9 cr\u00e9\u00e9 pour faire face. Mais aujourd\u2019hui, les probl\u00e8mes sont devenus complexes avec ces affrontements. Nous serons \u00e0 la hauteur pour ne pas d\u00e9cevoir nos peuples.<\/p>\n<ol>\n<li><strong>le Pr\u00e9sident, au plan \u00e9conomique, la Gambie, la Guin\u00e9e, la Guin\u00e9e Bissau et le S\u00e9n\u00e9gal sont r\u00e9unis au sein de l\u2019OMVS. La Guin\u00e9e, \u00e9tant le ch\u00e2teau-d\u2019eau de l\u2019Afrique de l\u2019Ouest, est-elle pr\u00eate \u00e0 jouer son r\u00f4le de locomotive dans le d\u00e9veloppement \u00e9nerg\u00e9tique dans la sous-r\u00e9gion ?<\/strong><\/li>\n<\/ol>\n<p>Vous savez, nos pr\u00e9d\u00e9cesseurs ont eu l\u2019id\u00e9e lumineuse de cr\u00e9er l\u2019OMVG (l\u2019Organisation pour la mise en valeur du fleuve Gambie, ndlr) qui regroupe le S\u00e9n\u00e9gal, la Guin\u00e9e, la Gambie et la Guin\u00e9e Bissau ; et l\u2019OMVS qui regroupe le Mali, la Mauritanie, le S\u00e9n\u00e9gal et la Guin\u00e9e. La Guin\u00e9e, \u00e9tant le ch\u00e2teau d\u2019eau de l\u2019Afrique de l\u2019Ouest ayant d\u2019immenses potentialit\u00e9s en \u00e9nergie hydraulique, elle se devait de partager cela avec les pays voisins. Ce n\u2019est pas moi, c\u2019est un pr\u00e9sident panafricain, m\u00eame si je n\u2019\u00e9tais pas\u2026je me serais inscrit dans cette voie-l\u00e0. Nos peuples ont besoin d\u2019\u00e9nergie parce que sans \u00e9nergie, on ne peut pas se d\u00e9velopper. Sans \u00e9nergie, on ne peut pas transformer nos mati\u00e8res premi\u00e8res agricoles et mini\u00e8res sur place. Donc, il est fondamental que nous nous entraidions pour que ceux qui ont plus de possibilit\u00e9s partagent avec les autres. C\u2019est pourquoi dans le cadre de l\u2019OMVS, nous partageons avec le S\u00e9n\u00e9gal, le Mali, la Mauritanie ; de l\u2019OMVG que nous partageons avec la Guin\u00e9e Bissau, la Gambie ; et le peuple de Guin\u00e9e en est conscient, cette richesse que Dieu nous a donn\u00e9e, ce n\u2019est pas seulement \u00e0 la Guin\u00e9e, mais \u00e0 tous nos voisins. C\u2019est tout \u00e0 fait normal que la Guin\u00e9e joue le r\u00f4le de locomotive en ce qui concerne l\u2019\u00e9lectricit\u00e9 \u00e0 partir des barrages hydrauliques. C\u2019est un devoir du peuple de Guin\u00e9e et des dirigeants guin\u00e9ens et particuli\u00e8rement moi, qui ai un pass\u00e9 de panafricain.<\/p>\n<ol>\n<li><strong>le Pr\u00e9sident, la Guin\u00e9e et le S\u00e9n\u00e9gal sont deux pays, mais un seul peuple avec des communaut\u00e9s fortement repr\u00e9sent\u00e9es \u00e7\u00e0 et l\u00e0. Quelle est votre lecture de cette situation et quelles sont les \u00e9ventuelles contraintes qui pourraient exister entre les deux \u00c9tats? <\/strong><\/li>\n<\/ol>\n<p>Vous savez, on dit souvent que la dent et la langue vivent ensemble, mais il arrive que la dent morde la langue. Le S\u00e9n\u00e9gal et la Guin\u00e9e sont li\u00e9s par l\u2019histoire, par le m\u00eame peuple. Et il y a parfois des p\u00e9rip\u00e9ties, des histoires entre S\u00e9kou Tour\u00e9 et Senghor (L\u00e9opold S\u00e9dar), mais l\u2019avantage que nous avons aujourd\u2019hui, c\u2019est que les dirigeants sont des panafricains, m\u00eame si Macky (Sall) n\u2019a pas \u00e9t\u00e9 \u00e0 la FEANF, il a \u00e9t\u00e9 membre de And J\u00ebf et And J\u00ebf, c\u2019est quand m\u00eame la FEANF. Donc, au fond, on a la m\u00eame vision. Donc, il se peut qu\u2019il y ait des probl\u00e8mes, il y a toujours des probl\u00e8mes entre les \u00c9tats, mais c\u2019est un fr\u00e8re, et un jeune fr\u00e8re, un ami, nous nous concertons souvent. \u00c9videmment, il y a des gens, surtout vous les journalistes qui cr\u00e9ent des probl\u00e8mes l\u00e0 o\u00f9 il n\u2019y en a pas, mais c\u2019est \u00e0 nous de surpasser\u2026<\/p>\n<p><strong>Quelle est la nature de vos relations avec le pr\u00e9sident Macky Sall ? <\/strong><\/p>\n<p>Macky Sall est un jeune fr\u00e8re, nous avons de tr\u00e8s bonnes relations. Derni\u00e8rement, il y a eu une maladresse d\u2019un standardiste et vous avez fait beaucoup de bruit dessus. Macky et moi, on a rigol\u00e9 parce que \u00e7a n\u2019a aucune importance. J\u2019ai de tr\u00e8s bons rapports avec le Pr\u00e9sident Macky. Est-ce que vous connaissez un pr\u00e9sident africain qui a \u00e9t\u00e9 passer des vacances dans un autre pays africain ? Moi, j\u2019ai pass\u00e9 mes vacances au S\u00e9n\u00e9gal alors que les autres vont en France. Le pr\u00e9sident Macky m\u2019a demand\u00e9 de d\u00e9m\u00e9nager \u00e0 Popenguine. Il m\u2019a tr\u00e8s bien re\u00e7u et ma belle s\u0153ur, sa femme m\u2019a fait de tr\u00e8s beaux boubous\u2026 \u00c9videmment, je ne suis pas gros comme lui (rires) je me moque de lui disant que ma belle s\u0153ur m\u2019habille mieux que toi, mais tu n\u2019as qu\u2019\u00e0 faire du sport et \u00eatre comme moi\u201d.<\/p>\n<ol>\n<li><strong>le Pr\u00e9sident, toujours sur les relations entre le S\u00e9n\u00e9gal et la Guin\u00e9e, vous avez \u00e9t\u00e9 \u00e0 Dakar et vous avez rendu visite \u00e0 Amadou Moctar Mbow qui \u00e9tait le pr\u00e9sident des Assises nationales. \u00c9tait-ce une simple visite de courtoisie ou y \u00e9tiez-vous pour prendre des conseils pour lancer dans un futur proche, des Assises nationales en Guin\u00e9e ? <\/strong><\/li>\n<\/ol>\n<p>Non, vous savez, le pr\u00e9sident Mbow, ce sont nos pr\u00e9curseurs \u00e0 la FEANF. Donc nous sommes venus dans leur lign\u00e9e. C\u2019est quelqu\u2019un pour qui, j\u2019ai un tr\u00e8s grand respect. Et j\u2019avais m\u00eame promis qu\u2019on f\u00eaterait son anniversaire \u00e0 Conakry et que j\u2019allais le d\u00e9corer. Malheureusement, sa sant\u00e9 s\u2019est un peu d\u00e9grad\u00e9e, il est reparti en France et aujourd\u2019hui, il ne peut pas bouger parce qu\u2019il suit une dialyse tous les jours. Je suis parti chez lui parce que c\u2019est mon grand-fr\u00e8re, c\u2019est nos pr\u00e9curseurs et c\u2019est quelqu\u2019un pour lequel j\u2019ai beaucoup d\u2019admiration. J\u2019ai voulu lui montrer que quelle que soit ma position, je serai toujours son petit fr\u00e8re. Je ne vais pas lui demander des conseils, je vais discuter avec lui, voir son \u00e9tat de sant\u00e9, et montrer que je serai toujours \u00e0 ses c\u00f4t\u00e9s. Bien s\u00fbr, j\u2019aurais souhait\u00e9, comme on en avait discut\u00e9 avec Babacar Tour\u00e9, Boucounta, qu\u2019on vienne f\u00eater son anniversaire \u00e0 Conakry. Sa sant\u00e9 ne le lui ayant pas permis, la moindre des choses quand je vais \u00e0 Dakar, c\u2019est d\u2019aller lui rendre visite. Vous savez, rien n\u2019est au dessus des relations sociales. Si vous n\u2019\u00eates pas dans les relations sociales, vous n\u2019\u00eates rien. Moi, je privil\u00e9gie toujours les relations sociales. La preuve, quand je vais \u00e0 Dakar, j\u2019ai toujours un d\u00eener avec mes amis. Se retrouver avec Niasse, Tanor, Decroix, Khalifa Sall, Babacar Tour\u00e9, Sidiki Kaba et Dansokho\u2026m\u00eame les gar\u00e7ons nous regardent.<\/p>\n<p><strong>Vous avez des nouvelles d\u2019Amath Dansokho ? <\/strong><\/p>\n<p>Quand j\u2019arrive \u00e0 Dakar, la premi\u00e8re chose que je fais, c\u2019est de rendre visite \u00e0 Amath. Et juste avant que j\u2019arrive, son fils m\u2019a t\u00e9l\u00e9phon\u00e9 pour me dire qu\u2019ils am\u00e8nent Amath en catastrophe en France. Je suis en contact avec sa femme\u2026vous savez, j\u2019ai eu beaucoup d\u2019affrontements politiques, avec mes fr\u00e8res S\u00e9n\u00e9galais du PAI (Parti africain de l\u2019Ind\u00e9pendance, ndlr) etc. Mais Dansokho a toujours \u00e9t\u00e9 un fr\u00e8re. C\u2019est un homme exceptionnel, je l\u2019appelle le Dernier des Mohicans. C\u2019est un homme politique qui ne pense qu\u2019\u00e0 son pays, qui n\u2019a pas d\u2019ambitions personnelles ni ambitions mat\u00e9rielles. C\u2019est l\u2019un des rares qui existent encore aujourd\u2019hui, lui et Paolo George, l\u2019ancien ministre des Affaires \u00e9trang\u00e8res de l\u2019Angola. Je suis extr\u00eamement attach\u00e9 \u00e0 Dansokho. D\u2019ailleurs quand le pr\u00e9sident Wade a voulu le convoquer, j\u2019ai pris mon billet et j\u2019ai dit que si on le convoque, je vais avec lui \u00e0 la police. Je ne peux pas accepter qu\u2019on l\u2019am\u00e8ne sans que je sois l\u00e0.<\/p>\n<ol>\n<li><strong>le Pr\u00e9sident, votre pays regorge de potentialit\u00e9s \u00e9conomiques et attire beaucoup d\u2019investisseurs \u00e9trangers, les Chinois notamment. Mais quelles initiatives prenez-vous pour attirer des entrepreneurs africains et leur offrir des opportunit\u00e9s de business en Guin\u00e9e ? \u00a0\u00a0<\/strong><\/li>\n<\/ol>\n<p>D\u2019abord moi, j\u2019ai toujours privil\u00e9gi\u00e9 la coop\u00e9ration sud-sud, la coop\u00e9ration entre les pays africains. N\u2019oubliez pas la FEANF avait deux principes, l\u2019Ind\u00e9pendance et l\u2019Unit\u00e9 africaine d\u2019o\u00f9 notre symbole : \u201csi tous les fils du royaume venaient du\u2026\u201d Mais pour le moment, nous avons suffisamment de probl\u00e8mes, nous n\u2019avons pas encore les moyens pour investir mais ici, il y a des investisseurs s\u00e9n\u00e9galais qui viennent. Nous avons des richesses, notamment, la bauxite, le fer etc. Le principal consommateur, c\u2019est la Chine. Bien s\u00fbr, il y a des investissements chinois ici, mais il n\u2019y a pas que les chinois. Vous prenez la bauxite par exemple, vous avez les am\u00e9ricains, depuis 1960 \u00e0 Kansa, vous avez des Russes, bien avant mon arriv\u00e9e \u00e0 Fria et \u00e0 Kindia et depuis mon arriv\u00e9e \u00e0 Diandian ; vous avez Abu Dhabi avec sa soci\u00e9t\u00e9 Mubadala qui se trouve \u00e0 Sangar\u00e9di ; vous avez des Anglais \u00e0 Gouffa ; des Indiens \u00e0 Shapoura ; et hier, j\u2019ai re\u00e7u des investisseurs cor\u00e9ens. Tous ceux qui veulent investir pour d\u00e9velopper notre mine, nous sommes d\u2019accord. La Guin\u00e9e a plus de la moiti\u00e9 de r\u00e9serve mondiale de bauxite et quand je suis arriv\u00e9, nous ne faisions que 13 millions de tonnes, c\u2019est \u00e0 dire qu\u2019on ne repr\u00e9sente que 7% du march\u00e9 alors que logiquement, on aurait du \u00eatre le premier producteur. Nous sommes le premier fournisseur de la Chine, mais s\u2019il plait \u00e0 Dieu, d\u2019ici deux ans, nous serons le premier producteur. Mais dans notre coop\u00e9ration, nous devons toujours privil\u00e9gier les int\u00e9r\u00eats fondamentaux du peuple de Guin\u00e9e, notamment l\u2019emploi et le transfert de technologie. Dans nos coop\u00e9rations, on tient \u00e0 ce qu\u2019on privil\u00e9gie les travailleurs guin\u00e9ens sauf dans les domaines o\u00f9 nous n\u2019avons pas de sp\u00e9cialistes. Deuxi\u00e8mement, que les secteurs d\u2019activit\u00e9 comme le transport ou la sous-traitance soient r\u00e9serv\u00e9s aux Guin\u00e9ens ; mais surtout qu\u2019il y ait un transfert de technologie. Je prends l\u2019exemple du barrage du Souapiti, des jeunes guin\u00e9ens sont form\u00e9s et si vous allez \u00e0 Souapiti, c\u2019est pas des chinois qui vont vous guider, c\u2019est des jeunes filles guin\u00e9ennes. Donc, pour nous, il est important que les investisseurs qui viennent soient dans une op\u00e9ration gagnant-gagnant et que \u00e7a donne du travail aux Guin\u00e9ens. Que \u00e7a permette aux Petites et moyennes entreprises guin\u00e9ennes de se d\u00e9velopper, mais surtout qu\u2019ils permettent \u00e0 la jeunesse guin\u00e9enne de ma\u00eetriser les technologies afin que demain nous nous passions d\u2019assistance. C\u2019est \u00e7a que nous avons comme politique. Mais j\u2019ai dit \u00e0 Abidjan que les hommes politiques doivent faire confiance aux hommes d\u2019affaires africains. Souvent, nous avons un complexe en pensant que ceux qui viennent de l\u2019Occident sont meilleurs. Nous avons ici de grands hommes d\u2019affaires. J\u2019ai dit \u00e0 un d\u00e9bat o\u00f9 j\u2019\u00e9tais avec le pr\u00e9sident Macky qu\u2019il faut couper le cordon ombilical. Mais je n\u2019ai pas dit que \u00e7a. J\u2019ai aussi dit que nous devons favoriser les hommes d\u2019affaires africains, mais qu\u2019eux aussi doivent se regrouper, cr\u00e9er de grandes banques pour\u2026<\/p>\n<p><strong>Justement M. le Pr\u00e9sident, que vous inspire ce d\u00e9bat sur le Franc CFA quand on sait que la Guin\u00e9e, historiquement, a choisi d\u2019\u00eatre en dehors de cette zone mon\u00e9taire? <\/strong><\/p>\n<p>C\u2019est un d\u00e9bat qui ne concerne pas la Guin\u00e9e. On n\u2019est pas membre de la zone franc CFA, donc, \u00e7a ne concerne pas la Guin\u00e9e (rires).<\/p>\n<ol>\n<li><strong>le Pr\u00e9sident, apr\u00e8s huit ans \u00e0 la t\u00eate de la nation guin\u00e9enne, vos r\u00e9alisations se passent de commentaires, le barrage de Kal\u00e9ta et celui en finition, de Souapiti, les routes et les ouvrages de franchissement, les h\u00f4tels, le d\u00e9veloppement des activit\u00e9s mini\u00e8res, la relance de l\u2019agriculture, qu\u2019est que vous auriez d\u00fb r\u00e9aliser ? <\/strong><\/li>\n<\/ol>\n<p>Quand j\u2019ai \u00e9t\u00e9 \u00e9lu en fin 2010, j\u2019ai dit la v\u00e9rit\u00e9 aux Guin\u00e9ens. J\u2019ai dit : \u201cNous sommes au sous-sol, nous devons serrer la ceinture pour aller au niveau du sol et ensuite \u00e0 un niveau plus \u00e9lev\u00e9. En effet, en Guin\u00e9e, il n\u2019y avait pas de routes, pas d\u2019eau, pas d\u2019\u00e9lectricit\u00e9 etc. J\u2019ai h\u00e9rit\u00e9 d\u2019un pays, pas d\u2019un \u00c9tat. Un \u00c9tat, c\u2019est une administration, c\u2019est une arm\u00e9e, police, une justice or tout le monde sait dans quelles situation \u00e9tait l\u2019arm\u00e9e guin\u00e9enne, dans quel \u00e9tat \u00e9tait l\u2019\u00e9conomie. Aussi la Guin\u00e9e n\u2019avait jamais achev\u00e9 un programme avec le Fonds mon\u00e9taire international. Gr\u00e2ce au courage du peuple de Guin\u00e9e qui a compris qu\u2019on devait serrer la ceinture et tout le monde s\u2019est attach\u00e9, y compris les syndicats, nous avons pu faire face \u00e0 tous ces probl\u00e8mes. Il est \u00e9vident qu\u2019aujourd\u2019hui, hier si on se gaussait de nous, quand on voyait l\u2019h\u00f4tel Novotel, on a rien \u00e0 envier aux pays voisins. Une fois il y a eu coupure de courant \u00e0 Bamako, ils sont sortis avec des pancartes, Bamako c\u2019est pas Conakry mais Dieu merci, aujourd\u2019hui, on commence \u00e0 avancer. Mais nous allons r\u00e9pondre aux Maliens en leur donnant du courant pour que Bamako, comme Conakry, comme Dakar soient toujours bien \u00e9clair\u00e9es. Quand je suis arriv\u00e9 au pouvoir, mon objectif, c\u2019\u00e9tait vraiment de me battre pour sortir les femmes et la jeunesse de la mis\u00e8re. Je n\u2019ai pas pu mettre fin au ch\u00f4mage des jeunes et emp\u00eacher que des jeunes guin\u00e9ens comme d\u2019autres africains puissent \u00e9migrer et aller mourir dans les eaux de la M\u00e9diterran\u00e9e. Il s\u2019y ajoute les conditions p\u00e9nibles des femmes, surtout dans les villages. C\u2019est la bataille fondamentale qui nous reste aujourd\u2019hui.<\/p>\n<ol>\n<li><strong>le Pr\u00e9sident, on sait que vous \u00eates un homme de dialogue, \u00e0 quel niveau de dialogue \u00eates-vous avec l\u2019opposition en Guin\u00e9e qui s\u2019est regroup\u00e9e au sein du Front national ?<\/strong><\/li>\n<\/ol>\n<p>Il y a un cadre de concertation dans lequel se passe le dialogue. Moi, je suis pr\u00e9sident ; je suis au dessus de la m\u00eal\u00e9e ; je suis le pr\u00e9sident des Guin\u00e9ens. Logiquement, c\u2019est dans le cadre de concertations que toutes les questions doivent \u00eatre discut\u00e9es. Que \u00e7a soit des probl\u00e8mes politiques ou des probl\u00e8mes d\u2019\u00e9lections, tout doit \u00eatre discut\u00e9 dans ce cadre o\u00f9 nous retrouvons mouvance pr\u00e9sidentielle et opposition, mais aussi les partenaires \u00e9trangers qui assistent \u00e0 ces r\u00e9unions. Le corps diplomatique qui est l\u00e0 participe \u00e0 ces discussions. Si chacun respecte les r\u00e8gles institutionnelles et le fonctionnement de la d\u00e9mocratie, c\u2019est l\u00e0-bas que les probl\u00e8mes doivent se r\u00e9gler.<\/p>\n<p><strong>On parle de l\u2019adoption d\u2019une nouvelle constitution et d\u2019un r\u00e9f\u00e9rendum. \u00c9videmment, l\u2019opposition n\u2019est pas d\u2019accord avec cette initiative, en tant que pr\u00e9sident de la R\u00e9publique, est-ce que vous comptez vous mettre au dessus de la m\u00eal\u00e9e ?<\/strong><\/p>\n<p>Le pr\u00e9sident de la R\u00e9publique est le principal garant des institutions. Maintenant, la souverainet\u00e9 d\u2019un peuple appartient au peuple. Donc, seul, le peuple peut d\u00e9cider. Quelqu\u2019un ne peut pas se mettre \u00e0 la place du peuple. Moi, j\u2019observe, mais je suis le principal garant de la d\u00e9fense des institutions. Ce qu\u2019on oublie, c\u2019est que la souverainet\u00e9 appartient au peuple et seule la volontaire populaire s\u2019impose \u00e0 tout le monde. En tant que d\u00e9mocrate, c\u2019est mon point de vue. Je laisse les gens d\u00e9battre, il revient au peuple guin\u00e9en s\u2019il veut changer de constitution ou pas\u2026C\u2019est le droit du peuple guin\u00e9en.<\/p>\n<p><strong>Et si cette constitution ouvrait la voie \u00e0 un troisi\u00e8me mandat, M. le Pr\u00e9sident\u2026 <\/strong><\/p>\n<p>S\u2019il y a modification de la Constitution, il y a troisi\u00e8me mandat, s\u2019il n\u2019y a pas de modification de la Constitution, il y a mandat ou pas\u2026 Moi, pour le moment, je pense que le d\u00e9bat est ouvert et il doit \u00eatre libre. Chacun est libre de d\u00e9fendre sa position, mais il appartient au peuple de trancher.<\/p>\n<ol>\n<li><strong>le pr\u00e9sident, dans un communiqu\u00e9 paru hier, l\u2019ONG Human Right Watch demande \u00e0 la Guin\u00e9e de cr\u00e9er un panel sp\u00e9cial de juges charg\u00e9s d\u2019enqu\u00eater sur le comportement des forces de s\u00e9curit\u00e9 accus\u00e9es de s\u2019\u00eatre livr\u00e9 \u00e0 des actes de ill\u00e9gaux lors de manifestations. La question est : quelle est la situation des droits de l\u2019Homme en Guin\u00e9e depuis votre arriv\u00e9e au pouvoir ? \u00a0\u00a0<\/strong><\/li>\n<\/ol>\n<p>La Guin\u00e9e ne fonctionne pas en fonction de ce que pensent telle ONG ou telle autre\u2026ils sont libres de penser ce qu\u2019ils veulent. J\u2019ai \u00e9t\u00e9 \u00e9lu par le peuple de Guin\u00e9e, je suis responsable devant le peuple. Personne ne peut nier que depuis mon \u00e9lection, la situation des Droits de l\u2019Homme a totalement chang\u00e9. Mais ceux qui critiquent les forces de l\u2019ordre, s\u2019ils sont honn\u00eates, pourquoi ils ne vont pas jusqu\u2019au bout. Est-ce que lorsque des gens manifestent au S\u00e9n\u00e9gal, ils viennent avec des frondes, des coupe-coupe, des lance-pierres ? Est ce que vous avez ce qu\u2019on appelle section cailloux ? Donc, quand des gens qui manifestent viennent avec des fusils de chasse, viennent avec des frondes, vous voulez que les forces de l\u2019ordre se croisent les bras ? \u00c7a me fait rire cette organisation parce qu\u2019elle parle des forces de l\u2019ordre, mais ne parlent pas des manifestants qui utilisent la violence contre les forces de l\u2019ordre. Le droit de manifester est un droit fondamental, mais lorsque les manifestants se mettent \u00e0 casser des v\u00e9hicules, \u00e0 casser les maisons, \u00e0 prendre les t\u00e9l\u00e9phones des passants, vous voulez que les forces de l\u2019ordre se croisent les bras ? Ce qu\u2019ils veulent, sinc\u00e8rement, ce n\u2019est pas mon probl\u00e8me. C\u2019est pas eux qui vont me dire ce que j\u2019ai \u00e0 faire, c\u2019est le peuple de Guin\u00e9e qui me dira\u2026j\u2019ai des comptes \u00e0 rendre au peuple guin\u00e9en, au peuple africain, pas \u00e0 ces ONG. D\u2019autant plus qu\u2019ils font du deux poids deux mesures. Quels sont pays qui font le plus de violence ? Est qu\u2019ils les attaquent ? Ils n\u2019ont qu\u2019\u00e0 alors balayer devant leur propre porte. Ils n\u2019ont pas de le\u00e7on \u00e0 donner \u00e0 quelqu\u2019un. Et tr\u00e8s souvent, ils sont financ\u00e9s par des magnats. Beaucoup de gens ne sont pas contents de l\u2019\u00e9volution de la Guin\u00e9e parce qu\u2019ils veulent piller ce pays. C\u2019est eux qui financent ces organisations l\u00e0. Donc, honn\u00eatement, ils peuvent dire ce qu\u2019ils veulent ; \u00e7a ne me fait ni chaud ni froid.<\/p>\n<ol>\n<li><strong>Le Pr\u00e9sident, de quelle Afrique r\u00eavez-vous ? <\/strong><\/li>\n<\/ol>\n<p>(Long soupir) L\u2019Afrique de ma jeunesse. Une Afrique unie o\u00f9 il n\u2019y a pas de fronti\u00e8res. Si l\u2019Afrique est unie, nous serons la premi\u00e8re puissance du monde. Pourquoi ? La Chine a \u00e9t\u00e9 l\u2019usine du monde pour la raison que la main-d\u2019\u0153uvre n\u2019\u00e9tait pas ch\u00e8re. Aujourd\u2019hui, la Chine ne peut plus compter sur le Commerce ext\u00e9rieur. Il faut augmenter le pouvoir d\u2019achat. Cela veut dire que la main-d\u2019\u0153uvre sera de plus en plus ch\u00e8re. Nous, nous avons les mati\u00e8res premi\u00e8res, on commence \u00e0 avoir le savoir, les jeunes africains n\u2019ont rien \u00e0 envier aux jeunes europ\u00e9ens ou am\u00e9ricains en ce qui concerne les Start-up et les nouvelles technologies. Nous avons une main-d\u2019\u0153uvre moins ch\u00e8re que la Chine, donc en toute logique, c\u2019est l\u2019Afrique qui doit \u00eatre, demain, l\u2019usine du monde. Mais nous ne devons pas \u00eatre l\u2019usine du monde pour le monde, mais l\u2019usine pour l\u2019Afrique et pour le monde. Cela veut dire transformer nos mati\u00e8res premi\u00e8res sur place et pour nous-m\u00eames et vendre nos produits finis \u00e0 l\u2019ext\u00e9rieur. Et cela n\u2019est pas possible si les Africains ne se donnent pas la main, si on n\u2019a pas un march\u00e9 commun. Je suis d\u2019autant plus heureux que nous avons aujourd\u2019hui la zone de libre \u00e9change africaine qui a \u00e9t\u00e9 adopt\u00e9e. Je prends un seul cas : la bauxite. Avant on faisait des portes, des fen\u00eatres en bois. Aujourd\u2019hui, c\u2019est de plus en plus en aluminium, cela veut dire que si nous sommes ensemble, nous sommes un march\u00e9 plus grand pour nous m\u00eames que pour la Chine. L\u2019Union africaine a engag\u00e9 une tr\u00e8s bonne \u00e9volution, avant on \u00e9tait financ\u00e9 par les\u2026aujourd\u2019hui, nous allons nous financer nous-m\u00eames, nous parlons d\u2019une seule voix\u2026Il est vrai que tout le monde ne marche pas au m\u00eame pas, mais progressivement, je pense que chacun finira par \u00eatre dans le train.<\/p>\n<p><strong>La toute derni\u00e8re question M. le Pr\u00e9sident. Quelle image voulez-vous que le peuple guin\u00e9en garde de vous pour la post\u00e9rit\u00e9 ? <\/strong><\/p>\n<p>(Long silence) Vous savez, pour moi le peuple de Guin\u00e9e et le peuple africain, c\u2019est la m\u00eame chose. Qu\u2019on dise que j\u2019\u00e9tais fid\u00e8le \u00e0 mes id\u00e9es de jeunesse, d\u2019\u00e9tudiant\u2026<\/p>\n<p><strong>Source : DakarActu<\/strong><\/p>\n<p>&nbsp;<\/p>\n","protected":false},"excerpt":{"rendered":"<p>Le pr\u00e9sident de la R\u00e9publique de Guin\u00e9e a accord\u00e9, dans son palais, \u00e0 Conakry, un entretien marathon \u00e0 la presse s\u00e9n\u00e9galaise repr\u00e9sent\u00e9e par le groupe Futurs m\u00e9dias et Dakaractu. Dans cette discussion \u00e0 b\u00e2tons rompus, le pr\u00e9sident Alpha Cond\u00e9 n\u2019a pas us\u00e9 de langue de bois. Chaque question, fut-elle g\u00eanante, a eu sa r\u00e9ponse. Le [&hellip;]<\/p>\n","protected":false},"author":2,"featured_media":3844,"comment_status":"open","ping_status":"closed","sticky":false,"template":"","format":"standard","meta":{"buzzeditor_post_format":"","footnotes":""},"categories":[1,31],"tags":[],"class_list":["post-3843","post","type-post","status-publish","format-standard","has-post-thumbnail","hentry","category-non-classe","category-reportage"],"jetpack_featured_media_url":"https:\/\/guineechrono.com\/wp-content\/uploads\/2019\/04\/Alpha.jpg","amp_enabled":true,"_links":{"self":[{"href":"https:\/\/guineechrono.com\/index.php\/wp-json\/wp\/v2\/posts\/3843","targetHints":{"allow":["GET"]}}],"collection":[{"href":"https:\/\/guineechrono.com\/index.php\/wp-json\/wp\/v2\/posts"}],"about":[{"href":"https:\/\/guineechrono.com\/index.php\/wp-json\/wp\/v2\/types\/post"}],"author":[{"embeddable":true,"href":"https:\/\/guineechrono.com\/index.php\/wp-json\/wp\/v2\/users\/2"}],"replies":[{"embeddable":true,"href":"https:\/\/guineechrono.com\/index.php\/wp-json\/wp\/v2\/comments?post=3843"}],"version-history":[{"count":0,"href":"https:\/\/guineechrono.com\/index.php\/wp-json\/wp\/v2\/posts\/3843\/revisions"}],"wp:featuredmedia":[{"embeddable":true,"href":"https:\/\/guineechrono.com\/index.php\/wp-json\/wp\/v2\/media\/3844"}],"wp:attachment":[{"href":"https:\/\/guineechrono.com\/index.php\/wp-json\/wp\/v2\/media?parent=3843"}],"wp:term":[{"taxonomy":"category","embeddable":true,"href":"https:\/\/guineechrono.com\/index.php\/wp-json\/wp\/v2\/categories?post=3843"},{"taxonomy":"post_tag","embeddable":true,"href":"https:\/\/guineechrono.com\/index.php\/wp-json\/wp\/v2\/tags?post=3843"}],"curies":[{"name":"wp","href":"https:\/\/api.w.org\/{rel}","templated":true}]}}