{"id":38451,"date":"2025-11-06T16:48:46","date_gmt":"2025-11-06T15:48:46","guid":{"rendered":"https:\/\/guineechrono.com\/?p=38451"},"modified":"2025-11-06T16:48:46","modified_gmt":"2025-11-06T15:48:46","slug":"decongestion-du-port-de-conakry-lhonorable-mohamed-sidibe-propose-des-solutions-benefiques-pour-la-guinee-et-le-mali","status":"publish","type":"post","link":"https:\/\/guineechrono.com\/index.php\/decongestion-du-port-de-conakry-lhonorable-mohamed-sidibe-propose-des-solutions-benefiques-pour-la-guinee-et-le-mali\/","title":{"rendered":"D\u00e9congestion du port de Conakry : l\u2019honorable Mohamed Sidib\u00e9 propose des solutions b\u00e9n\u00e9fiques pour la Guin\u00e9e et le Mali"},"content":{"rendered":"<p><strong>Dans le cadre de sa politique de d\u00e9congestion du terminal \u00e0 conteneurs, la Direction g\u00e9n\u00e9rale du Port autonome de Conakry a organis\u00e9, ce jeudi 6 novembre 2025, un atelier d\u2019information consacr\u00e9 aux actions en cours pour fluidifier les op\u00e9rations portuaires et am\u00e9liorer la logistique.<\/strong><\/p>\n<p>Parmi les participants \u00e0 cette rencontre figurait l\u2019honorable Mohamed Sidib\u00e9, pr\u00e9sident du Haut Conseil des Maliens vivant en Guin\u00e9e, qui a salu\u00e9 les efforts entrepris par la direction du port tout en formulant des propositions en faveur d\u2019une coop\u00e9ration renforc\u00e9e entre la Guin\u00e9e et le Mali.<\/p>\n<p><a href=\"https:\/\/guineechrono.com\/wp-content\/uploads\/2025\/11\/IMG_20251106_113522.jpg\"><img fetchpriority=\"high\" decoding=\"async\" class=\"alignleft size-medium wp-image-38453\" src=\"https:\/\/guineechrono.com\/wp-content\/uploads\/2025\/11\/IMG_20251106_113522-300x169.jpg\" alt=\"\" width=\"300\" height=\"169\" srcset=\"https:\/\/guineechrono.com\/wp-content\/uploads\/2025\/11\/IMG_20251106_113522-300x169.jpg 300w, https:\/\/guineechrono.com\/wp-content\/uploads\/2025\/11\/IMG_20251106_113522-1024x576.jpg 1024w, https:\/\/guineechrono.com\/wp-content\/uploads\/2025\/11\/IMG_20251106_113522-768x432.jpg 768w, https:\/\/guineechrono.com\/wp-content\/uploads\/2025\/11\/IMG_20251106_113522-1536x864.jpg 1536w, https:\/\/guineechrono.com\/wp-content\/uploads\/2025\/11\/IMG_20251106_113522-2048x1152.jpg 2048w, https:\/\/guineechrono.com\/wp-content\/uploads\/2025\/11\/IMG_20251106_113522-750x422.jpg 750w, https:\/\/guineechrono.com\/wp-content\/uploads\/2025\/11\/IMG_20251106_113522-1140x641.jpg 1140w\" sizes=\"(max-width: 300px) 100vw, 300px\" \/><\/a><\/p>\n<p>&nbsp;<\/p>\n<p>&nbsp;<\/p>\n<p>&nbsp;<\/p>\n<p>&nbsp;<\/p>\n<p>\u00ab Je voudrais remercier le directeur g\u00e9n\u00e9ral du Port autonome de Conakry pour la qualit\u00e9 de son expos\u00e9. Depuis notre premi\u00e8re r\u00e9union, nous avons pris l\u2019engagement de ne plus envoyer de navires afin de ne pas aggraver la congestion. Depuis d\u00e9cembre 2024, nous n\u2019avons pas fait venir de bateaux de bl\u00e9, tout en assurant la couverture des besoins urgents de nos activit\u00e9s \u00bb, a-t-il d\u00e9clar\u00e9.<\/p>\n<p><a href=\"https:\/\/guineechrono.com\/wp-content\/uploads\/2025\/11\/IMG_20251106_104913.jpg\"><img decoding=\"async\" class=\"alignleft size-medium wp-image-38454\" src=\"https:\/\/guineechrono.com\/wp-content\/uploads\/2025\/11\/IMG_20251106_104913-300x169.jpg\" alt=\"\" width=\"300\" height=\"169\" srcset=\"https:\/\/guineechrono.com\/wp-content\/uploads\/2025\/11\/IMG_20251106_104913-300x169.jpg 300w, https:\/\/guineechrono.com\/wp-content\/uploads\/2025\/11\/IMG_20251106_104913-1024x576.jpg 1024w, https:\/\/guineechrono.com\/wp-content\/uploads\/2025\/11\/IMG_20251106_104913-768x432.jpg 768w, https:\/\/guineechrono.com\/wp-content\/uploads\/2025\/11\/IMG_20251106_104913-1536x864.jpg 1536w, https:\/\/guineechrono.com\/wp-content\/uploads\/2025\/11\/IMG_20251106_104913-2048x1152.jpg 2048w, https:\/\/guineechrono.com\/wp-content\/uploads\/2025\/11\/IMG_20251106_104913-750x422.jpg 750w, https:\/\/guineechrono.com\/wp-content\/uploads\/2025\/11\/IMG_20251106_104913-1140x641.jpg 1140w\" sizes=\"(max-width: 300px) 100vw, 300px\" \/><\/a><\/p>\n<p>&nbsp;<\/p>\n<p>&nbsp;<\/p>\n<p>&nbsp;<\/p>\n<p>&nbsp;<\/p>\n<p>L\u2019honorable Sidib\u00e9 a insist\u00e9 sur la n\u00e9cessit\u00e9 d\u2019une concertation permanente entre les acteurs portuaires et les op\u00e9rateurs \u00e9conomiques maliens. Selon lui, la r\u00e9ussite de la politique de d\u00e9congestion du port de Conakry rev\u00eat une importance capitale non seulement pour la Guin\u00e9e, mais \u00e9galement pour le Mali, pays enclav\u00e9 et d\u00e9pendant des infrastructures portuaires guin\u00e9ennes.<\/p>\n<p>\u00ab Le Mali d\u00e9pend largement de la Guin\u00e9e pour ses importations. Si la Guin\u00e9e rencontre des difficult\u00e9s au niveau de son port, cela cr\u00e9e automatiquement un s\u00e9rieux probl\u00e8me pour nous, car nous sommes un pays sans acc\u00e8s \u00e0 la mer. C\u2019est pourquoi nous devons accompagner les autorit\u00e9s portuaires dans la recherche de solutions durables \u00bb, a-t-il ajout\u00e9.<\/p>\n<p>Cette rencontre s\u2019inscrit dans la dynamique de modernisation et d\u2019efficacit\u00e9 logistique que la direction du Port autonome de Conakry entend impulser, afin de renforcer le r\u00f4le strat\u00e9gique du port dans le commerce r\u00e9gional et la coop\u00e9ration Sous-r\u00e9gionale.<\/p>\n<p><strong>Aboubacar Camara <\/strong><\/p>\n<p><strong>00224 628 08 45 86<\/strong><\/p>\n","protected":false},"excerpt":{"rendered":"<p>Dans le cadre de sa politique de d\u00e9congestion du terminal \u00e0 conteneurs, la Direction g\u00e9n\u00e9rale du Port autonome de Conakry a organis\u00e9, ce jeudi 6 novembre 2025, un atelier d\u2019information consacr\u00e9 aux actions en cours pour fluidifier les op\u00e9rations portuaires et am\u00e9liorer la logistique. Parmi les participants \u00e0 cette rencontre figurait l\u2019honorable Mohamed Sidib\u00e9, pr\u00e9sident [&hellip;]<\/p>\n","protected":false},"author":2,"featured_media":38452,"comment_status":"open","ping_status":"closed","sticky":false,"template":"","format":"standard","meta":{"buzzeditor_post_format":"","footnotes":""},"categories":[42],"tags":[],"class_list":["post-38451","post","type-post","status-publish","format-standard","has-post-thumbnail","hentry","category-news"],"jetpack_featured_media_url":"https:\/\/guineechrono.com\/wp-content\/uploads\/2025\/11\/IMG_20251106_095618.jpg","amp_enabled":true,"_links":{"self":[{"href":"https:\/\/guineechrono.com\/index.php\/wp-json\/wp\/v2\/posts\/38451","targetHints":{"allow":["GET"]}}],"collection":[{"href":"https:\/\/guineechrono.com\/index.php\/wp-json\/wp\/v2\/posts"}],"about":[{"href":"https:\/\/guineechrono.com\/index.php\/wp-json\/wp\/v2\/types\/post"}],"author":[{"embeddable":true,"href":"https:\/\/guineechrono.com\/index.php\/wp-json\/wp\/v2\/users\/2"}],"replies":[{"embeddable":true,"href":"https:\/\/guineechrono.com\/index.php\/wp-json\/wp\/v2\/comments?post=38451"}],"version-history":[{"count":1,"href":"https:\/\/guineechrono.com\/index.php\/wp-json\/wp\/v2\/posts\/38451\/revisions"}],"predecessor-version":[{"id":38455,"href":"https:\/\/guineechrono.com\/index.php\/wp-json\/wp\/v2\/posts\/38451\/revisions\/38455"}],"wp:featuredmedia":[{"embeddable":true,"href":"https:\/\/guineechrono.com\/index.php\/wp-json\/wp\/v2\/media\/38452"}],"wp:attachment":[{"href":"https:\/\/guineechrono.com\/index.php\/wp-json\/wp\/v2\/media?parent=38451"}],"wp:term":[{"taxonomy":"category","embeddable":true,"href":"https:\/\/guineechrono.com\/index.php\/wp-json\/wp\/v2\/categories?post=38451"},{"taxonomy":"post_tag","embeddable":true,"href":"https:\/\/guineechrono.com\/index.php\/wp-json\/wp\/v2\/tags?post=38451"}],"curies":[{"name":"wp","href":"https:\/\/api.w.org\/{rel}","templated":true}]}}