{"id":38488,"date":"2025-11-10T13:26:25","date_gmt":"2025-11-10T12:26:25","guid":{"rendered":"https:\/\/guineechrono.com\/?p=38488"},"modified":"2025-11-10T13:26:25","modified_gmt":"2025-11-10T12:26:25","slug":"si-le-mali-chute-qui-sera-le-prochain-par-mouctar-kalan-diallo","status":"publish","type":"post","link":"https:\/\/guineechrono.com\/index.php\/si-le-mali-chute-qui-sera-le-prochain-par-mouctar-kalan-diallo\/","title":{"rendered":"Si le Mali chute, qui sera le prochain ? (par Mouctar Kalan Diallo)"},"content":{"rendered":"<p><strong>Depuis 2012, le Mali est en proie \u00e0 une insurrection djihadiste qui a fait des milliers de morts et d\u00e9plac\u00e9 des millions de personnes. Cette tribune appelle \u00e0 une mobilisation urgente et solidaire pour sauver un peuple abandonn\u00e9.<\/strong><\/p>\n<p>Il n\u2019est un secret pour personne qu\u2019aujourd\u2019hui, les autorit\u00e9s de la transition du Mali ne savent plus o\u00f9 donner de la t\u00eate pour contenir l\u2019avanc\u00e9e fulgurante des groupes djihadistes sur leur territoire. Depuis le 17 janvier 2012, date du d\u00e9clenchement de la r\u00e9bellion touar\u00e8gue qui a rapidement \u00e9t\u00e9 infiltr\u00e9e par des groupes islamistes arm\u00e9s, le Mali est plong\u00e9 dans une spirale de violence. Treize ans plus tard, le pays est toujours en guerre, et la situation ne cesse de se d\u00e9t\u00e9riorer.<\/p>\n<p>Mais que font les voisins ? O\u00f9 sont les pays de la Communaut\u00e9 \u00e9conomique des \u00c9tats de l\u2019Afrique de l\u2019Ouest (CEDEAO) ? O\u00f9 est la solidarit\u00e9 africaine ? Le Mali est abandonn\u00e9. Les populations maliennes sont abandonn\u00e9es. Elles font face, seules, \u00e0 des envahisseurs qui ne reculent devant rien. Si certains estiment que les autorit\u00e9s de la transition ne m\u00e9ritent pas d\u2019\u00eatre soutenues parce qu\u2019elles refusent de collaborer avec des puissances \u00e9trang\u00e8res, alors ils se trompent de combat. L\u2019heure n\u2019est plus \u00e0 juger les r\u00e9gimes, mais \u00e0 sauver des vies humaines.<\/p>\n<p>Ceux qui ne sont pas encore confront\u00e9s aux attaques djihadistes doivent comprendre que si le Mali tombe, les mercenaires ne s\u2019arr\u00eateront pas l\u00e0. Ils avanceront vers les pays voisins, vers ceux qui sont plus fragiles, plus expos\u00e9s. Comme le dit si bien la sagesse populaire : si tu vois un oiseau se poser sur la t\u00eate de ton ami, ne dis pas que c\u2019est la t\u00eate de ton ami, dis plut\u00f4t que c\u2019est sur nos t\u00eates qu\u2019il faut qu\u2019il parte.<\/p>\n<p>Le Mali doit \u00eatre secouru. Les Maliens sont chez eux, sur la terre de leurs anc\u00eatres, et ils ont le droit de vivre en paix, comme les autres peuples d\u2019Afrique. Ils ont le droit de cultiver leurs champs, d\u2019envoyer leurs enfants \u00e0 l\u2019\u00e9cole, de prier dans leurs mosqu\u00e9es, sans craindre les balles ou les bombes.<\/p>\n<p>Le bilan est lourd. Plus de 10 000 civils et militaires ont perdu la vie. Des centaines de villages ont \u00e9t\u00e9 vid\u00e9s de leurs habitants. Plus de deux millions de personnes ont \u00e9t\u00e9 d\u00e9plac\u00e9es \u00e0 l\u2019int\u00e9rieur du pays ou r\u00e9fugi\u00e9es dans les pays voisins. Les \u00e9coles ferment, les routes sont coup\u00e9es, les march\u00e9s d\u00e9sert\u00e9s. Et pendant ce temps, les groupes arm\u00e9s imposent leur loi, ran\u00e7onnent, enr\u00f4lent de force, tuent sans piti\u00e9.<\/p>\n<p>Non aux envahisseurs. Oui \u00e0 une union sacr\u00e9e des nations africaines pour stopper cette pand\u00e9mie de violence qui ne conna\u00eet pas de fronti\u00e8res. Le Mali ne doit pas tomber. Car si le Mali tombe, c\u2019est toute l\u2019Afrique de l\u2019Ouest qui vacille.<\/p>\n<p><strong>Mouctar Kalan Diallo\u00a0<\/strong><\/p>\n","protected":false},"excerpt":{"rendered":"<p>Depuis 2012, le Mali est en proie \u00e0 une insurrection djihadiste qui a fait des milliers de morts et d\u00e9plac\u00e9 des millions de personnes. Cette tribune appelle \u00e0 une mobilisation urgente et solidaire pour sauver un peuple abandonn\u00e9. Il n\u2019est un secret pour personne qu\u2019aujourd\u2019hui, les autorit\u00e9s de la transition du Mali ne savent plus [&hellip;]<\/p>\n","protected":false},"author":2,"featured_media":38490,"comment_status":"open","ping_status":"closed","sticky":false,"template":"","format":"standard","meta":{"buzzeditor_post_format":"","footnotes":""},"categories":[42],"tags":[],"class_list":["post-38488","post","type-post","status-publish","format-standard","has-post-thumbnail","hentry","category-news"],"jetpack_featured_media_url":"https:\/\/guineechrono.com\/wp-content\/uploads\/2025\/11\/kalann.jpg","amp_enabled":true,"_links":{"self":[{"href":"https:\/\/guineechrono.com\/index.php\/wp-json\/wp\/v2\/posts\/38488","targetHints":{"allow":["GET"]}}],"collection":[{"href":"https:\/\/guineechrono.com\/index.php\/wp-json\/wp\/v2\/posts"}],"about":[{"href":"https:\/\/guineechrono.com\/index.php\/wp-json\/wp\/v2\/types\/post"}],"author":[{"embeddable":true,"href":"https:\/\/guineechrono.com\/index.php\/wp-json\/wp\/v2\/users\/2"}],"replies":[{"embeddable":true,"href":"https:\/\/guineechrono.com\/index.php\/wp-json\/wp\/v2\/comments?post=38488"}],"version-history":[{"count":1,"href":"https:\/\/guineechrono.com\/index.php\/wp-json\/wp\/v2\/posts\/38488\/revisions"}],"predecessor-version":[{"id":38492,"href":"https:\/\/guineechrono.com\/index.php\/wp-json\/wp\/v2\/posts\/38488\/revisions\/38492"}],"wp:featuredmedia":[{"embeddable":true,"href":"https:\/\/guineechrono.com\/index.php\/wp-json\/wp\/v2\/media\/38490"}],"wp:attachment":[{"href":"https:\/\/guineechrono.com\/index.php\/wp-json\/wp\/v2\/media?parent=38488"}],"wp:term":[{"taxonomy":"category","embeddable":true,"href":"https:\/\/guineechrono.com\/index.php\/wp-json\/wp\/v2\/categories?post=38488"},{"taxonomy":"post_tag","embeddable":true,"href":"https:\/\/guineechrono.com\/index.php\/wp-json\/wp\/v2\/tags?post=38488"}],"curies":[{"name":"wp","href":"https:\/\/api.w.org\/{rel}","templated":true}]}}