{"id":38538,"date":"2025-11-15T14:16:19","date_gmt":"2025-11-15T13:16:19","guid":{"rendered":"https:\/\/guineechrono.com\/?p=38538"},"modified":"2025-11-15T14:16:19","modified_gmt":"2025-11-15T13:16:19","slug":"presidentielle-2025-le-rgp-inaugure-son-nouveau-siege-a-kissosso","status":"publish","type":"post","link":"https:\/\/guineechrono.com\/index.php\/presidentielle-2025-le-rgp-inaugure-son-nouveau-siege-a-kissosso\/","title":{"rendered":"Pr\u00e9sidentielle 2025 : le RGP inaugure son nouveau si\u00e8ge \u00e0 Kissosso"},"content":{"rendered":"<p><strong>\u00c0 l\u2019approche de l\u2019\u00e9lection pr\u00e9sidentielle du 28 d\u00e9cembre prochain, le pr\u00e9sident du parti Rassemblement pour une Guin\u00e9e Prosp\u00e8re (RGP), Elhadj Bouna Ke\u00efta, a pr\u00e9sent\u00e9 ce week-end le nouveau si\u00e8ge de sa formation politique, situ\u00e9 \u00e0 Kissosso, dans la commune de Matoto. L\u2019occasion pour le leader politique de mobiliser ses militants et de rappeler les enjeux de la campagne \u00e0 venir.<\/strong><\/p>\n<p><a href=\"https:\/\/guineechrono.com\/wp-content\/uploads\/2025\/11\/20251115_123652.jpg\"><img decoding=\"async\" class=\"alignleft size-medium wp-image-38539\" src=\"https:\/\/guineechrono.com\/wp-content\/uploads\/2025\/11\/20251115_123652-300x139.jpg\" alt=\"\" width=\"300\" height=\"139\" srcset=\"https:\/\/guineechrono.com\/wp-content\/uploads\/2025\/11\/20251115_123652-300x139.jpg 300w, https:\/\/guineechrono.com\/wp-content\/uploads\/2025\/11\/20251115_123652-1024x473.jpg 1024w, https:\/\/guineechrono.com\/wp-content\/uploads\/2025\/11\/20251115_123652-768x355.jpg 768w, https:\/\/guineechrono.com\/wp-content\/uploads\/2025\/11\/20251115_123652-1536x709.jpg 1536w, https:\/\/guineechrono.com\/wp-content\/uploads\/2025\/11\/20251115_123652-2048x946.jpg 2048w, https:\/\/guineechrono.com\/wp-content\/uploads\/2025\/11\/20251115_123652-750x346.jpg 750w, https:\/\/guineechrono.com\/wp-content\/uploads\/2025\/11\/20251115_123652-1140x526.jpg 1140w\" sizes=\"(max-width: 300px) 100vw, 300px\" \/><\/a><\/p>\n<p>\u00ab Aujourd\u2019hui, je suis venu vous pr\u00e9senter le nouveau si\u00e8ge du RGP, car bient\u00f4t nous entrerons officiellement en campagne. Il \u00e9tait important de vous montrer cette nouvelle maison du parti \u00bb, a d\u00e9clar\u00e9 Bouna Ke\u00efta devant un groupe de militants venus en nombre.<\/p>\n<p>Le pr\u00e9sident du RGP a \u00e9galement exprim\u00e9 sa gratitude envers les cadres et sympathisants qui ont, selon lui, contribu\u00e9 \u00e0 maintenir le parti dans la course pour la pr\u00e9sidentielle.<\/p>\n<p>\u00ab Je tiens \u00e0 remercier les cadres, les militants et les militantes pour leur engagement. Ce n\u2019\u00e9tait pas facile. Parmi les 51 candidats d\u00e9clar\u00e9s, le RGP fait partie de ceux qui ont \u00e9t\u00e9 retenus. J\u2019appelle donc chacun \u00e0 rester mobilis\u00e9, \u00e0 tendre la main et \u00e0 sensibiliser autour de nous \u00bb, a-t-il soulign\u00e9.<\/p>\n<p>Insistant sur l\u2019importance d\u2019une campagne apais\u00e9e, Bouna Ke\u00efta a rappel\u00e9 les valeurs de son parti :<\/p>\n<p>\u00ab La politique, ce n\u2019est pas la violence. Nous devons aller vers tout le monde. Quand le moment viendra, je serai \u00e0 vos c\u00f4t\u00e9s \u00bb, a-t-il assur\u00e9.<\/p>\n<p>Le leader du RGP a \u00e9galement annonc\u00e9 la mise en place prochaine de son directoire de campagne afin d\u2019implanter plus efficacement la formation sur le terrain.<\/p>\n<p>\u00ab Les campagnes ne sont pas encore ouvertes, mais nous allons commencer \u00e0 structurer notre directoire et d\u00e9signer un directeur de campagne charg\u00e9 de s\u2019adresser \u00e0 tous \u00bb, a-t-il expliqu\u00e9.<\/p>\n<p>Reconnaissant les difficult\u00e9s du parcours politique, il a \u00e9galement tenu \u00e0 adresser un message d\u2019apaisement :<\/p>\n<p>\u00ab Beaucoup ont \u00e9t\u00e9 frustr\u00e9s ou mal compris dans ce processus. Si certains se sont sentis offens\u00e9s, je leur pr\u00e9sente mes excuses \u00bb, a-t-il d\u00e9clar\u00e9, avant de conclure sur une note d\u2019optimisme :<\/p>\n<p>\u00ab Le soleil du RGP se l\u00e8ve. L\u2019heure du RGP est arriv\u00e9e. \u00bb<\/p>\n<p><strong>Bolokada Sano\u00a0<\/strong><\/p>\n<p><strong>626641732<\/strong><\/p>\n","protected":false},"excerpt":{"rendered":"<p>\u00c0 l\u2019approche de l\u2019\u00e9lection pr\u00e9sidentielle du 28 d\u00e9cembre prochain, le pr\u00e9sident du parti Rassemblement pour une Guin\u00e9e Prosp\u00e8re (RGP), Elhadj Bouna Ke\u00efta, a pr\u00e9sent\u00e9 ce week-end le nouveau si\u00e8ge de sa formation politique, situ\u00e9 \u00e0 Kissosso, dans la commune de Matoto. L\u2019occasion pour le leader politique de mobiliser ses militants et de rappeler les enjeux [&hellip;]<\/p>\n","protected":false},"author":2,"featured_media":38540,"comment_status":"open","ping_status":"closed","sticky":false,"template":"","format":"standard","meta":{"buzzeditor_post_format":"","footnotes":""},"categories":[2,42,43],"tags":[],"class_list":["post-38538","post","type-post","status-publish","format-standard","has-post-thumbnail","hentry","category-featured","category-news","category-politique"],"jetpack_featured_media_url":"https:\/\/guineechrono.com\/wp-content\/uploads\/2025\/11\/20251115_124201.jpg","amp_enabled":true,"_links":{"self":[{"href":"https:\/\/guineechrono.com\/index.php\/wp-json\/wp\/v2\/posts\/38538","targetHints":{"allow":["GET"]}}],"collection":[{"href":"https:\/\/guineechrono.com\/index.php\/wp-json\/wp\/v2\/posts"}],"about":[{"href":"https:\/\/guineechrono.com\/index.php\/wp-json\/wp\/v2\/types\/post"}],"author":[{"embeddable":true,"href":"https:\/\/guineechrono.com\/index.php\/wp-json\/wp\/v2\/users\/2"}],"replies":[{"embeddable":true,"href":"https:\/\/guineechrono.com\/index.php\/wp-json\/wp\/v2\/comments?post=38538"}],"version-history":[{"count":1,"href":"https:\/\/guineechrono.com\/index.php\/wp-json\/wp\/v2\/posts\/38538\/revisions"}],"predecessor-version":[{"id":38541,"href":"https:\/\/guineechrono.com\/index.php\/wp-json\/wp\/v2\/posts\/38538\/revisions\/38541"}],"wp:featuredmedia":[{"embeddable":true,"href":"https:\/\/guineechrono.com\/index.php\/wp-json\/wp\/v2\/media\/38540"}],"wp:attachment":[{"href":"https:\/\/guineechrono.com\/index.php\/wp-json\/wp\/v2\/media?parent=38538"}],"wp:term":[{"taxonomy":"category","embeddable":true,"href":"https:\/\/guineechrono.com\/index.php\/wp-json\/wp\/v2\/categories?post=38538"},{"taxonomy":"post_tag","embeddable":true,"href":"https:\/\/guineechrono.com\/index.php\/wp-json\/wp\/v2\/tags?post=38538"}],"curies":[{"name":"wp","href":"https:\/\/api.w.org\/{rel}","templated":true}]}}